{"id":41764,"date":"2025-02-06T14:35:16","date_gmt":"2025-02-06T13:35:16","guid":{"rendered":"https:\/\/agora.xtec.cat\/ceipfarigolaclot\/?p=41764"},"modified":"2025-02-06T14:35:18","modified_gmt":"2025-02-06T13:35:18","slug":"v-cicle-de-debats-en-clau-deducacio-educacio-o-barbarie","status":"publish","type":"post","link":"https:\/\/agora.xtec.cat\/ceipfarigolaclot\/info-setmanal\/v-cicle-de-debats-en-clau-deducacio-educacio-o-barbarie\/","title":{"rendered":"V Cicle de debats en clau d&#8217;educaci\u00f3 &#8211; Educaci\u00f3 o barb\u00e0rie"},"content":{"rendered":"\n<p>Ens plau anunciar-vos la celebraci\u00f3 del V Cicle de debats en Clau d\u2019Educaci\u00f3 sota el t\u00edtol \u201cEducaci\u00f3 o barb\u00e0rie\u201d, un espai de debat i reflexi\u00f3.<\/p>\n\n\n\n<p><strong>PROGRAMA AL BORN CCM<\/strong><\/p>\n\n\n\n<ul class=\"wp-block-list\">\n<li>Dijous 20 de febrer. Quin \u00e9s el futur de la democr\u00e0cia?, amb el doctor en Ci\u00e8ncies Pol\u00edtiques i comentarista pol\u00edtic Pablo Sim\u00f3n Cosano. (<a href=\"https:\/\/inscripcions.barcelona.cat\/cicle_educacio_2025_1sessio\/\" target=\"_blank\" rel=\"noreferrer noopener\">Inscripci\u00f3 1a sessi\u00f3<\/a>)<\/li>\n\n\n\n<li>Dijous 13 de mar\u00e7. Defensar la democr\u00e0cia des de l\u2019escola, amb el doctor en Ci\u00e8ncies de l\u2019Educaci\u00f3, llicenciat en Filosofia Enrique D\u00edez Guti\u00e9rrez i la Presidenta de la Fundaci\u00f3 Marta Mata, Assumpta Baig i Torras. (<a href=\"https:\/\/inscripcions.barcelona.cat\/cicle_educacio_2025_2sessio\/\" target=\"_blank\" rel=\"noreferrer noopener\">Inscripci\u00f3 2a sessi\u00f3<\/a>)<\/li>\n\n\n\n<li>Dijous 3 d\u2019abril. Pr\u00e0ctiques educatives democratitzadores, amb Pau Gait\u00e1n i Anna Gaja de l\u2019IE Castellter\u00e7ol, Marta del Campo de l\u2019IE La Mina i David Gonz\u00e1lez d\u2019EUROM &#8211; European Observatory on Memories. (<a href=\"https:\/\/inscripcions.barcelona.cat\/cicle_educacio_2025_3sessio\/\" target=\"_blank\" rel=\"noreferrer noopener\">Inscripci\u00f3 3a sessi\u00f3<\/a>)<\/li>\n<\/ul>\n\n\n\n<p><strong>PROGRAMA A L\u2019ESPAI JOVE FONTANA<\/strong><\/p>\n\n\n\n<ul class=\"wp-block-list\">\n<li>Dijous 10 d\u2019abril. Educaci\u00f3 popular contra els discursos d\u2019odi, amb Versembrant i Verifica\u2019t. Aquesta sessi\u00f3 se celebrar\u00e0 a l\u2019Espai Jove la Fontana (C\/ Gran de Gr\u00e0cia 190). Conducci\u00f3: Jordi Mir, professor del departament d\u2019Humanitats de la UPF i de la Facultat de Ci\u00e8ncies Pol\u00edtiques i de Sociologia de la UAB. (<a href=\"https:\/\/inscripcions.barcelona.cat\/cicle_educacio_2025_4sessio\/\" target=\"_blank\" rel=\"noreferrer noopener\">Inscripci\u00f3 4a sessi\u00f3<\/a>)<\/li>\n<\/ul>\n\n\n\n<p>Acc\u00e9s lliure i gratu\u00eft fins a exhaurir places.<\/p>\n\n\n\n<p>M\u00e9s informaci\u00f3: <a href=\"https:\/\/ajuntament.barcelona.cat\/educacio\/ca\/educacio-o-barbarie-v-cicle-de-debats-en-clau-deducacio\" target=\"_blank\" rel=\"noreferrer noopener\">https:\/\/ajuntament.barcelona.cat\/educacio\/ca\/educacio-o-barbarie-v-cicle-de-debats-en-clau-deducacio<\/a><\/p>\n","protected":false},"excerpt":{"rendered":"<p>Ens plau anunciar-vos la celebraci\u00f3 del V Cicle de debats en Clau d\u2019Educaci\u00f3 sota el t\u00edtol \u201cEducaci\u00f3 o barb\u00e0rie\u201d, un [&hellip;]<\/p>\n","protected":false},"author":1,"featured_media":0,"comment_status":"open","ping_status":"open","sticky":false,"template":"","format":"standard","meta":{"_bbp_topic_count":0,"_bbp_reply_count":0,"_bbp_total_topic_count":0,"_bbp_total_reply_count":0,"_bbp_voice_count":0,"_bbp_anonymous_reply_count":0,"_bbp_topic_count_hidden":0,"_bbp_reply_count_hidden":0,"_bbp_forum_subforum_count":0,"site-sidebar-layout":"default","site-content-layout":"","ast-site-content-layout":"default","site-content-style":"default","site-sidebar-style":"default","ast-global-header-display":"","ast-banner-title-visibility":"","ast-main-header-display":"","ast-hfb-above-header-display":"","ast-hfb-below-header-display":"","ast-hfb-mobile-header-display":"","site-post-title":"","ast-breadcrumbs-content":"","ast-featured-img":"","footer-sml-layout":"","theme-transparent-header-meta":"","adv-header-id-meta":"","stick-header-meta":"","header-above-stick-meta":"","header-main-stick-meta":"","header-below-stick-meta":"","astra-migrate-meta-layouts":"set","ast-page-background-enabled":"default","ast-page-background-meta":{"desktop":{"background-color":"var(--ast-global-color-4)","background-image":"","background-repeat":"repeat","background-position":"center center","background-size":"auto","background-attachment":"scroll","background-type":"","background-media":"","overlay-type":"","overlay-color":"","overlay-opacity":"","overlay-gradient":""},"tablet":{"background-color":"","background-image":"","background-repeat":"repeat","background-position":"center center","background-size":"auto","background-attachment":"scroll","background-type":"","background-media":"","overlay-type":"","overlay-color":"","overlay-opacity":"","overlay-gradient":""},"mobile":{"background-color":"","background-image":"","background-repeat":"repeat","background-position":"center center","background-size":"auto","background-attachment":"scroll","background-type":"","background-media":"","overlay-type":"","overlay-color":"","overlay-opacity":"","overlay-gradient":""}},"ast-content-background-meta":{"desktop":{"background-color":"var(--ast-global-color-5)","background-image":"","background-repeat":"repeat","background-position":"center center","background-size":"auto","background-attachment":"scroll","background-type":"","background-media":"","overlay-type":"","overlay-color":"","overlay-opacity":"","overlay-gradient":""},"tablet":{"background-color":"var(--ast-global-color-5)","background-image":"","background-repeat":"repeat","background-position":"center center","background-size":"auto","background-attachment":"scroll","background-type":"","background-media":"","overlay-type":"","overlay-color":"","overlay-opacity":"","overlay-gradient":""},"mobile":{"background-color":"var(--ast-global-color-5)","background-image":"","background-repeat":"repeat","background-position":"center center","background-size":"auto","background-attachment":"scroll","background-type":"","background-media":"","overlay-type":"","overlay-color":"","overlay-opacity":"","overlay-gradient":""}},"footnotes":""},"categories":[61],"tags":[],"class_list":["post-41764","post","type-post","status-publish","format-standard","hentry","category-info-setmanal"],"post_mailing_queue_ids":[],"_links":{"self":[{"href":"https:\/\/agora.xtec.cat\/ceipfarigolaclot\/wp-json\/wp\/v2\/posts\/41764","targetHints":{"allow":["GET"]}}],"collection":[{"href":"https:\/\/agora.xtec.cat\/ceipfarigolaclot\/wp-json\/wp\/v2\/posts"}],"about":[{"href":"https:\/\/agora.xtec.cat\/ceipfarigolaclot\/wp-json\/wp\/v2\/types\/post"}],"author":[{"embeddable":true,"href":"https:\/\/agora.xtec.cat\/ceipfarigolaclot\/wp-json\/wp\/v2\/users\/1"}],"replies":[{"embeddable":true,"href":"https:\/\/agora.xtec.cat\/ceipfarigolaclot\/wp-json\/wp\/v2\/comments?post=41764"}],"version-history":[{"count":1,"href":"https:\/\/agora.xtec.cat\/ceipfarigolaclot\/wp-json\/wp\/v2\/posts\/41764\/revisions"}],"predecessor-version":[{"id":41766,"href":"https:\/\/agora.xtec.cat\/ceipfarigolaclot\/wp-json\/wp\/v2\/posts\/41764\/revisions\/41766"}],"wp:attachment":[{"href":"https:\/\/agora.xtec.cat\/ceipfarigolaclot\/wp-json\/wp\/v2\/media?parent=41764"}],"wp:term":[{"taxonomy":"category","embeddable":true,"href":"https:\/\/agora.xtec.cat\/ceipfarigolaclot\/wp-json\/wp\/v2\/categories?post=41764"},{"taxonomy":"post_tag","embeddable":true,"href":"https:\/\/agora.xtec.cat\/ceipfarigolaclot\/wp-json\/wp\/v2\/tags?post=41764"}],"curies":[{"name":"wp","href":"https:\/\/api.w.org\/{rel}","templated":true}]}}