{"id":41026,"date":"2024-12-13T14:19:20","date_gmt":"2024-12-13T13:19:20","guid":{"rendered":"https:\/\/agora.xtec.cat\/ceipfarigolaclot\/?p=41026"},"modified":"2024-12-13T14:19:21","modified_gmt":"2024-12-13T13:19:21","slug":"debat-de-debats-parla-la-comunitat-educativa","status":"publish","type":"post","link":"https:\/\/agora.xtec.cat\/ceipfarigolaclot\/info-setmanal\/debat-de-debats-parla-la-comunitat-educativa\/","title":{"rendered":"Debat de debats: parla la comunitat educativa"},"content":{"rendered":"\n<p>Ens plau fer-vos arribar la invitaci\u00f3 al <strong>Debat de debats. Parla la comunitat educativa<\/strong> el dilluns 16 de desembre a les 17h a l\u2019Institut Mart\u00ed Pous (Recinte Fabra i Coats &#8211; C\/Sant Adri\u00e0 14-18, edifici B).<\/p>\n\n\n\n<p>El \u201cDebat de debats\u201d \u00e9s l\u2019acte de lliurament a les administracions competents dels informes elaborats per les comissions de treball del Consell d\u2019Educaci\u00f3 Municipal de Barcelona i del Consell de la Formaci\u00f3 Professionl de Barcelona durant el curs 2023-2024. Aquests informes incorporen m\u00e9s de 100 propostes per a la millora de les pol\u00edtiques educatives de la ciutat.<\/p>\n\n\n\n<p>En aquesta sessi\u00f3 es comptar\u00e0 amb la intervenci\u00f3 de Bernat Albaig\u00e9s Blasi, investigador en l&#8217;\u00e0mbit de l&#8217;educaci\u00f3 i de la igualtat d&#8217;oportunitats en la inf\u00e0ncia i la joventut, i assessor a l\u2019\u00c0rea d\u2019inf\u00e0ncia i educaci\u00f3 al S\u00edndic de Greuges de Catalunya, amb la pon\u00e8ncia &#8220;Reptes per a la millora de l&#8217;equitat educativa&#8221;, es presentaran i lliuraran els informes i hi intervindran les administracions competents fent retorn.<\/p>\n\n\n\n<p>Hi assistir\u00e0 la Sra. Teresa Sambola, secret\u00e0ria general d&#8217;Educaci\u00f3 i Formaci\u00f3 Professional de la Generalitat de Catalunya i els regidors de l\u2019Ajuntament de Barcelona, Sr. Llu\u00eds Rabell, Regidor d\u2019Educaci\u00f3 i la Sra. Raquel Gil, Regidora de Promoci\u00f3 Econ\u00f2mica i Treball.<\/p>\n\n\n\n<p>Si resulta del vostre inter\u00e8s, confirmeu la vostra assist\u00e8ncia omplint el seg\u00fcent formulari:<\/p>\n\n\n\n<p class=\"has-text-align-center\"><a href=\"https:\/\/inscripcions.barcelona.cat\/debat_comunitat_educativa_2024\">https:\/\/inscripcions.barcelona.cat\/debat_comunitat_educativa_2024<\/a><\/p>\n","protected":false},"excerpt":{"rendered":"<p>Ens plau fer-vos arribar la invitaci\u00f3 al Debat de debats. Parla la comunitat educativa el dilluns 16 de desembre a [&hellip;]<\/p>\n","protected":false},"author":1,"featured_media":41034,"comment_status":"open","ping_status":"open","sticky":false,"template":"","format":"standard","meta":{"_bbp_topic_count":0,"_bbp_reply_count":0,"_bbp_total_topic_count":0,"_bbp_total_reply_count":0,"_bbp_voice_count":0,"_bbp_anonymous_reply_count":0,"_bbp_topic_count_hidden":0,"_bbp_reply_count_hidden":0,"_bbp_forum_subforum_count":0,"site-sidebar-layout":"default","site-content-layout":"","ast-site-content-layout":"","site-content-style":"default","site-sidebar-style":"default","ast-global-header-display":"","ast-banner-title-visibility":"","ast-main-header-display":"","ast-hfb-above-header-display":"","ast-hfb-below-header-display":"","ast-hfb-mobile-header-display":"","site-post-title":"","ast-breadcrumbs-content":"","ast-featured-img":"","footer-sml-layout":"","theme-transparent-header-meta":"","adv-header-id-meta":"","stick-header-meta":"","header-above-stick-meta":"","header-main-stick-meta":"","header-below-stick-meta":"","astra-migrate-meta-layouts":"default","ast-page-background-enabled":"default","ast-page-background-meta":{"desktop":{"background-color":"var(--ast-global-color-4)","background-image":"","background-repeat":"repeat","background-position":"center center","background-size":"auto","background-attachment":"scroll","background-type":"","background-media":"","overlay-type":"","overlay-color":"","overlay-opacity":"","overlay-gradient":""},"tablet":{"background-color":"","background-image":"","background-repeat":"repeat","background-position":"center center","background-size":"auto","background-attachment":"scroll","background-type":"","background-media":"","overlay-type":"","overlay-color":"","overlay-opacity":"","overlay-gradient":""},"mobile":{"background-color":"","background-image":"","background-repeat":"repeat","background-position":"center center","background-size":"auto","background-attachment":"scroll","background-type":"","background-media":"","overlay-type":"","overlay-color":"","overlay-opacity":"","overlay-gradient":""}},"ast-content-background-meta":{"desktop":{"background-color":"var(--ast-global-color-5)","background-image":"","background-repeat":"repeat","background-position":"center center","background-size":"auto","background-attachment":"scroll","background-type":"","background-media":"","overlay-type":"","overlay-color":"","overlay-opacity":"","overlay-gradient":""},"tablet":{"background-color":"var(--ast-global-color-5)","background-image":"","background-repeat":"repeat","background-position":"center center","background-size":"auto","background-attachment":"scroll","background-type":"","background-media":"","overlay-type":"","overlay-color":"","overlay-opacity":"","overlay-gradient":""},"mobile":{"background-color":"var(--ast-global-color-5)","background-image":"","background-repeat":"repeat","background-position":"center center","background-size":"auto","background-attachment":"scroll","background-type":"","background-media":"","overlay-type":"","overlay-color":"","overlay-opacity":"","overlay-gradient":""}},"footnotes":""},"categories":[61],"tags":[],"class_list":["post-41026","post","type-post","status-publish","format-standard","has-post-thumbnail","hentry","category-info-setmanal"],"post_mailing_queue_ids":[],"_links":{"self":[{"href":"https:\/\/agora.xtec.cat\/ceipfarigolaclot\/wp-json\/wp\/v2\/posts\/41026","targetHints":{"allow":["GET"]}}],"collection":[{"href":"https:\/\/agora.xtec.cat\/ceipfarigolaclot\/wp-json\/wp\/v2\/posts"}],"about":[{"href":"https:\/\/agora.xtec.cat\/ceipfarigolaclot\/wp-json\/wp\/v2\/types\/post"}],"author":[{"embeddable":true,"href":"https:\/\/agora.xtec.cat\/ceipfarigolaclot\/wp-json\/wp\/v2\/users\/1"}],"replies":[{"embeddable":true,"href":"https:\/\/agora.xtec.cat\/ceipfarigolaclot\/wp-json\/wp\/v2\/comments?post=41026"}],"version-history":[{"count":1,"href":"https:\/\/agora.xtec.cat\/ceipfarigolaclot\/wp-json\/wp\/v2\/posts\/41026\/revisions"}],"predecessor-version":[{"id":41048,"href":"https:\/\/agora.xtec.cat\/ceipfarigolaclot\/wp-json\/wp\/v2\/posts\/41026\/revisions\/41048"}],"wp:featuredmedia":[{"embeddable":true,"href":"https:\/\/agora.xtec.cat\/ceipfarigolaclot\/wp-json\/wp\/v2\/media\/41034"}],"wp:attachment":[{"href":"https:\/\/agora.xtec.cat\/ceipfarigolaclot\/wp-json\/wp\/v2\/media?parent=41026"}],"wp:term":[{"taxonomy":"category","embeddable":true,"href":"https:\/\/agora.xtec.cat\/ceipfarigolaclot\/wp-json\/wp\/v2\/categories?post=41026"},{"taxonomy":"post_tag","embeddable":true,"href":"https:\/\/agora.xtec.cat\/ceipfarigolaclot\/wp-json\/wp\/v2\/tags?post=41026"}],"curies":[{"name":"wp","href":"https:\/\/api.w.org\/{rel}","templated":true}]}}