{"id":40984,"date":"2024-12-05T15:54:17","date_gmt":"2024-12-05T14:54:17","guid":{"rendered":"https:\/\/agora.xtec.cat\/ceipfarigolaclot\/?p=40984"},"modified":"2024-12-05T15:54:17","modified_gmt":"2024-12-05T14:54:17","slug":"escola-millora-de-lentrada-del-pati-de-primaria","status":"publish","type":"post","link":"https:\/\/agora.xtec.cat\/ceipfarigolaclot\/portada\/escola-millora-de-lentrada-del-pati-de-primaria\/","title":{"rendered":"Escola: millora de l\u2019entrada del pati de prim\u00e0ria"},"content":{"rendered":"\n<p>Durant la setmana que avui acaba, s\u2019ha dut a terme una actuaci\u00f3 al pati de prim\u00e0ria per a la millora del drenatge en episodis de pluja. Tot i la inversi\u00f3 feta durant la reforma del pati gr\u00e0cies als pressupostos participatius, la realitat ha fet veure que calia una actuaci\u00f3 m\u00e9s contundent.<\/p>\n\n\n\n<p>A m\u00e9s a m\u00e9s, s\u2019ha iniciat la millora de l\u2019acc\u00e9s de la porta que fa servir 5\u00e8 i 6\u00e8 di\u00e0riament per a l\u2019entrada i sortida de l\u2019escola. Aquesta actuaci\u00f3, insistentment reclamada per part de l\u2019escola, ha comportat tamb\u00e9 una adequaci\u00f3 del sistema de recollida de l\u2019aigua de la pluja amb la millora de la seva canalitzaci\u00f3.<\/p>\n\n\n\n<p>Durant els dies que duri la intervenci\u00f3 dels operaris, les entrades i sortides de l\u2019alumnat de 5\u00e8 i 6\u00e8 ser\u00e0 per la porta principal de l\u2019escola. Es preveu que el dimecres, 11 de desembre, tot estigui acabat i puguem recuperar una normalitat millorada.<\/p>\n\n\n\n<p>Tenim el convenciment que tant l\u2019alumnat de 5\u00e8 i 6\u00e8, com les fam\u00edlies en els dies de les festes al pati, com el ve\u00efnat que gaudeix de Patis Oberts els diumenges agrairan aquesta not\u00edcia.<\/p>\n\n\n\n<p>Agra\u00efm, com sempre, la vostra col\u00b7laboraci\u00f3 i comprensi\u00f3<\/p>\n\n\n\n<figure class=\"wp-block-image aligncenter\"><img loading=\"lazy\" decoding=\"async\" width=\"457\" height=\"324\" src=\"https:\/\/agora.xtec.cat\/ceipfarigolaclot\/wp-content\/uploads\/usu983\/2024\/12\/entrada-pati-gran.png\" alt=\"\" class=\"wp-image-40948\" srcset=\"https:\/\/agora.xtec.cat\/ceipfarigolaclot\/wp-content\/uploads\/usu983\/2024\/12\/entrada-pati-gran.png 457w, https:\/\/agora.xtec.cat\/ceipfarigolaclot\/wp-content\/uploads\/usu983\/2024\/12\/entrada-pati-gran-300x213.png 300w\" sizes=\"auto, (max-width: 457px) 100vw, 457px\" \/><\/figure>\n","protected":false},"excerpt":{"rendered":"<p>Durant la setmana que avui acaba, s\u2019ha dut a terme una actuaci\u00f3 al pati de prim\u00e0ria per a la millora [&hellip;]<\/p>\n","protected":false},"author":1,"featured_media":40948,"comment_status":"open","ping_status":"open","sticky":false,"template":"","format":"standard","meta":{"_bbp_topic_count":0,"_bbp_reply_count":0,"_bbp_total_topic_count":0,"_bbp_total_reply_count":0,"_bbp_voice_count":0,"_bbp_anonymous_reply_count":0,"_bbp_topic_count_hidden":0,"_bbp_reply_count_hidden":0,"_bbp_forum_subforum_count":0,"site-sidebar-layout":"default","site-content-layout":"","ast-site-content-layout":"","site-content-style":"default","site-sidebar-style":"default","ast-global-header-display":"","ast-banner-title-visibility":"","ast-main-header-display":"","ast-hfb-above-header-display":"","ast-hfb-below-header-display":"","ast-hfb-mobile-header-display":"","site-post-title":"","ast-breadcrumbs-content":"","ast-featured-img":"","footer-sml-layout":"","theme-transparent-header-meta":"","adv-header-id-meta":"","stick-header-meta":"","header-above-stick-meta":"","header-main-stick-meta":"","header-below-stick-meta":"","astra-migrate-meta-layouts":"default","ast-page-background-enabled":"default","ast-page-background-meta":{"desktop":{"background-color":"var(--ast-global-color-4)","background-image":"","background-repeat":"repeat","background-position":"center center","background-size":"auto","background-attachment":"scroll","background-type":"","background-media":"","overlay-type":"","overlay-color":"","overlay-opacity":"","overlay-gradient":""},"tablet":{"background-color":"","background-image":"","background-repeat":"repeat","background-position":"center center","background-size":"auto","background-attachment":"scroll","background-type":"","background-media":"","overlay-type":"","overlay-color":"","overlay-opacity":"","overlay-gradient":""},"mobile":{"background-color":"","background-image":"","background-repeat":"repeat","background-position":"center center","background-size":"auto","background-attachment":"scroll","background-type":"","background-media":"","overlay-type":"","overlay-color":"","overlay-opacity":"","overlay-gradient":""}},"ast-content-background-meta":{"desktop":{"background-color":"var(--ast-global-color-5)","background-image":"","background-repeat":"repeat","background-position":"center center","background-size":"auto","background-attachment":"scroll","background-type":"","background-media":"","overlay-type":"","overlay-color":"","overlay-opacity":"","overlay-gradient":""},"tablet":{"background-color":"var(--ast-global-color-5)","background-image":"","background-repeat":"repeat","background-position":"center center","background-size":"auto","background-attachment":"scroll","background-type":"","background-media":"","overlay-type":"","overlay-color":"","overlay-opacity":"","overlay-gradient":""},"mobile":{"background-color":"var(--ast-global-color-5)","background-image":"","background-repeat":"repeat","background-position":"center center","background-size":"auto","background-attachment":"scroll","background-type":"","background-media":"","overlay-type":"","overlay-color":"","overlay-opacity":"","overlay-gradient":""}},"footnotes":""},"categories":[61,4],"tags":[],"class_list":["post-40984","post","type-post","status-publish","format-standard","has-post-thumbnail","hentry","category-info-setmanal","category-portada"],"post_mailing_queue_ids":[],"_links":{"self":[{"href":"https:\/\/agora.xtec.cat\/ceipfarigolaclot\/wp-json\/wp\/v2\/posts\/40984","targetHints":{"allow":["GET"]}}],"collection":[{"href":"https:\/\/agora.xtec.cat\/ceipfarigolaclot\/wp-json\/wp\/v2\/posts"}],"about":[{"href":"https:\/\/agora.xtec.cat\/ceipfarigolaclot\/wp-json\/wp\/v2\/types\/post"}],"author":[{"embeddable":true,"href":"https:\/\/agora.xtec.cat\/ceipfarigolaclot\/wp-json\/wp\/v2\/users\/1"}],"replies":[{"embeddable":true,"href":"https:\/\/agora.xtec.cat\/ceipfarigolaclot\/wp-json\/wp\/v2\/comments?post=40984"}],"version-history":[{"count":1,"href":"https:\/\/agora.xtec.cat\/ceipfarigolaclot\/wp-json\/wp\/v2\/posts\/40984\/revisions"}],"predecessor-version":[{"id":40985,"href":"https:\/\/agora.xtec.cat\/ceipfarigolaclot\/wp-json\/wp\/v2\/posts\/40984\/revisions\/40985"}],"wp:featuredmedia":[{"embeddable":true,"href":"https:\/\/agora.xtec.cat\/ceipfarigolaclot\/wp-json\/wp\/v2\/media\/40948"}],"wp:attachment":[{"href":"https:\/\/agora.xtec.cat\/ceipfarigolaclot\/wp-json\/wp\/v2\/media?parent=40984"}],"wp:term":[{"taxonomy":"category","embeddable":true,"href":"https:\/\/agora.xtec.cat\/ceipfarigolaclot\/wp-json\/wp\/v2\/categories?post=40984"},{"taxonomy":"post_tag","embeddable":true,"href":"https:\/\/agora.xtec.cat\/ceipfarigolaclot\/wp-json\/wp\/v2\/tags?post=40984"}],"curies":[{"name":"wp","href":"https:\/\/api.w.org\/{rel}","templated":true}]}}