{"id":40754,"date":"2024-11-22T10:04:49","date_gmt":"2024-11-22T09:04:49","guid":{"rendered":"https:\/\/agora.xtec.cat\/ceipfarigolaclot\/?p=40754"},"modified":"2024-11-22T12:38:43","modified_gmt":"2024-11-22T11:38:43","slug":"5e-i-6e-estem-a-punt-per-ser-agents-per-la-convivencia-axc","status":"publish","type":"post","link":"https:\/\/agora.xtec.cat\/ceipfarigolaclot\/portada\/5e-i-6e-estem-a-punt-per-ser-agents-per-la-convivencia-axc\/","title":{"rendered":"5\u00e8 i 6\u00e8: estem a punt per ser Agents per la conviv\u00e8ncia (AxC)?"},"content":{"rendered":"\n<p>Fa uns dies, l\u2019alumnat de 5\u00e8 i 6\u00e8 vam participar en una p\u00edndola formativa sobre els Agents X la Conviv\u00e8ncia per tal de poder posar en marxa la nostra tasca a les estones de pati i de migdia.<\/p>\n\n\n\n<p>Per tal de poder vetllar per la bona conviv\u00e8ncia, primer vam reflexionar sobre quines coses ja estem fent, com per exemple, mantenir un bon clima entre l\u2019alumnat, tractar-nos amb respecte, fomentar que tothom estigui incl\u00f2s i acompanyar als altres.<\/p>\n\n\n\n<p>A m\u00e9s a m\u00e9s, vam reflexionar sobre la import\u00e0ncia de les nostres funcions a l\u2019escola a partir de l\u2019an\u00e0lisi d\u2019un gr\u00e0fic de barres. Aquest gr\u00e0fic, mostrava els resultats d\u2019una enquesta de conviv\u00e8ncia escolar i seguretat a Catalunya i en la pregunta qu\u00e8 fas quan els altres alumnes s\u2019han ficat amb tu per molestar-te?, la majoria de les respostes demostraven que ho comunicaven a amics o amigues. Per tant, com a companys i companyes, facilitem que si hi ha una situaci\u00f3 de viol\u00e8ncia, la resta d\u2019alumnat ens ho pot comunicar amb confian\u00e7a.<\/p>\n\n\n\n<p>\u00c9s important saber qu\u00e8 fer amb aquesta informaci\u00f3 i comunicar-ho a un adult.<\/p>\n\n\n\n<p>Per tal de garantir el bon clima a l\u2019escola, vam con\u00e8ixer el sem\u00e0for del benestar. Aquest, distingeix les accions que ens podem trobar a l\u2019hora del pati, segons si es tracta d\u2019una bona acci\u00f3, un conflicte o viol\u00e8ncies. Com a agents X la conviv\u00e8ncia tamb\u00e9 \u00e9s important detectar les situacions en qu\u00e8 hi ha bones accions per fomentar un bon tracte entre tots i totes.<\/p>\n\n\n\n<p>Tamb\u00e9 ens van explicar quin seria el nostre rac\u00f3 i les nostres eines, com per exemple l\u2019espai dels Agents X la Conviv\u00e8ncia, on anar a buscar la llibreta de registre i els petos identificatius; i la import\u00e0ncia de fer una observaci\u00f3 conscient de les relacions i el benestar, la bona comunicaci\u00f3 i les activitats de sensibilitzaci\u00f3 que realitzem a les sessions de tutoria.<\/p>\n\n\n\n<p>Finalment, vam parlar sobre qu\u00e8 farem a partir d\u2019ara. Pr\u00f2ximament, anirem per les aules per compartir el sem\u00e0for del benestar i explicar qui som.<\/p>\n\n\n\n<p>Aprofitant aquesta not\u00edcia, dimarts dia 26 de novembre a les 16:45 h, us volem animar i convidar a participar en un taller que far\u00e0 un expert sobre ciberassetjament per a les fam\u00edlies. Pensem que \u00e9s important que pugueu con\u00e8ixer com prevenir aquest fenomen al m\u00f3n virtual.<\/p>\n\n\n\n<p>Tenim moltes ganes de comen\u00e7ar!<\/p>\n\n\n\n<p class=\"has-text-align-right\"><em>Alumnat de 5\u00e8<\/em><\/p>\n\n\n\n<figure class=\"wp-block-image aligncenter is-resized\"><img loading=\"lazy\" decoding=\"async\" width=\"1600\" height=\"900\" src=\"https:\/\/agora.xtec.cat\/ceipfarigolaclot\/wp-content\/uploads\/usu983\/2024\/11\/agents.jpg\" alt=\"\" class=\"wp-image-40731\" style=\"width:450px\" srcset=\"https:\/\/agora.xtec.cat\/ceipfarigolaclot\/wp-content\/uploads\/usu983\/2024\/11\/agents.jpg 1600w, https:\/\/agora.xtec.cat\/ceipfarigolaclot\/wp-content\/uploads\/usu983\/2024\/11\/agents-300x169.jpg 300w, https:\/\/agora.xtec.cat\/ceipfarigolaclot\/wp-content\/uploads\/usu983\/2024\/11\/agents-1024x576.jpg 1024w, https:\/\/agora.xtec.cat\/ceipfarigolaclot\/wp-content\/uploads\/usu983\/2024\/11\/agents-768x432.jpg 768w, https:\/\/agora.xtec.cat\/ceipfarigolaclot\/wp-content\/uploads\/usu983\/2024\/11\/agents-1536x864.jpg 1536w\" sizes=\"auto, (max-width: 1600px) 100vw, 1600px\" \/><\/figure>\n","protected":false},"excerpt":{"rendered":"<p>Fa uns dies, l\u2019alumnat de 5\u00e8 i 6\u00e8 vam participar en una p\u00edndola formativa sobre els Agents X la Conviv\u00e8ncia [&hellip;]<\/p>\n","protected":false},"author":1,"featured_media":40731,"comment_status":"open","ping_status":"open","sticky":false,"template":"","format":"standard","meta":{"_bbp_topic_count":0,"_bbp_reply_count":0,"_bbp_total_topic_count":0,"_bbp_total_reply_count":0,"_bbp_voice_count":0,"_bbp_anonymous_reply_count":0,"_bbp_topic_count_hidden":0,"_bbp_reply_count_hidden":0,"_bbp_forum_subforum_count":0,"site-sidebar-layout":"default","site-content-layout":"","ast-site-content-layout":"","site-content-style":"default","site-sidebar-style":"default","ast-global-header-display":"","ast-banner-title-visibility":"","ast-main-header-display":"","ast-hfb-above-header-display":"","ast-hfb-below-header-display":"","ast-hfb-mobile-header-display":"","site-post-title":"","ast-breadcrumbs-content":"","ast-featured-img":"","footer-sml-layout":"","theme-transparent-header-meta":"","adv-header-id-meta":"","stick-header-meta":"","header-above-stick-meta":"","header-main-stick-meta":"","header-below-stick-meta":"","astra-migrate-meta-layouts":"default","ast-page-background-enabled":"default","ast-page-background-meta":{"desktop":{"background-color":"var(--ast-global-color-4)","background-image":"","background-repeat":"repeat","background-position":"center center","background-size":"auto","background-attachment":"scroll","background-type":"","background-media":"","overlay-type":"","overlay-color":"","overlay-opacity":"","overlay-gradient":""},"tablet":{"background-color":"","background-image":"","background-repeat":"repeat","background-position":"center center","background-size":"auto","background-attachment":"scroll","background-type":"","background-media":"","overlay-type":"","overlay-color":"","overlay-opacity":"","overlay-gradient":""},"mobile":{"background-color":"","background-image":"","background-repeat":"repeat","background-position":"center center","background-size":"auto","background-attachment":"scroll","background-type":"","background-media":"","overlay-type":"","overlay-color":"","overlay-opacity":"","overlay-gradient":""}},"ast-content-background-meta":{"desktop":{"background-color":"var(--ast-global-color-5)","background-image":"","background-repeat":"repeat","background-position":"center center","background-size":"auto","background-attachment":"scroll","background-type":"","background-media":"","overlay-type":"","overlay-color":"","overlay-opacity":"","overlay-gradient":""},"tablet":{"background-color":"var(--ast-global-color-5)","background-image":"","background-repeat":"repeat","background-position":"center center","background-size":"auto","background-attachment":"scroll","background-type":"","background-media":"","overlay-type":"","overlay-color":"","overlay-opacity":"","overlay-gradient":""},"mobile":{"background-color":"var(--ast-global-color-5)","background-image":"","background-repeat":"repeat","background-position":"center center","background-size":"auto","background-attachment":"scroll","background-type":"","background-media":"","overlay-type":"","overlay-color":"","overlay-opacity":"","overlay-gradient":""}},"footnotes":""},"categories":[14,15,1543,61,4],"tags":[],"class_list":["post-40754","post","type-post","status-publish","format-standard","has-post-thumbnail","hentry","category-5e","category-6e","category-benestar-emocional-projectes-centre","category-info-setmanal","category-portada"],"post_mailing_queue_ids":[],"_links":{"self":[{"href":"https:\/\/agora.xtec.cat\/ceipfarigolaclot\/wp-json\/wp\/v2\/posts\/40754","targetHints":{"allow":["GET"]}}],"collection":[{"href":"https:\/\/agora.xtec.cat\/ceipfarigolaclot\/wp-json\/wp\/v2\/posts"}],"about":[{"href":"https:\/\/agora.xtec.cat\/ceipfarigolaclot\/wp-json\/wp\/v2\/types\/post"}],"author":[{"embeddable":true,"href":"https:\/\/agora.xtec.cat\/ceipfarigolaclot\/wp-json\/wp\/v2\/users\/1"}],"replies":[{"embeddable":true,"href":"https:\/\/agora.xtec.cat\/ceipfarigolaclot\/wp-json\/wp\/v2\/comments?post=40754"}],"version-history":[{"count":1,"href":"https:\/\/agora.xtec.cat\/ceipfarigolaclot\/wp-json\/wp\/v2\/posts\/40754\/revisions"}],"predecessor-version":[{"id":40755,"href":"https:\/\/agora.xtec.cat\/ceipfarigolaclot\/wp-json\/wp\/v2\/posts\/40754\/revisions\/40755"}],"wp:featuredmedia":[{"embeddable":true,"href":"https:\/\/agora.xtec.cat\/ceipfarigolaclot\/wp-json\/wp\/v2\/media\/40731"}],"wp:attachment":[{"href":"https:\/\/agora.xtec.cat\/ceipfarigolaclot\/wp-json\/wp\/v2\/media?parent=40754"}],"wp:term":[{"taxonomy":"category","embeddable":true,"href":"https:\/\/agora.xtec.cat\/ceipfarigolaclot\/wp-json\/wp\/v2\/categories?post=40754"},{"taxonomy":"post_tag","embeddable":true,"href":"https:\/\/agora.xtec.cat\/ceipfarigolaclot\/wp-json\/wp\/v2\/tags?post=40754"}],"curies":[{"name":"wp","href":"https:\/\/api.w.org\/{rel}","templated":true}]}}