{"id":40409,"date":"2024-10-25T13:38:23","date_gmt":"2024-10-25T11:38:23","guid":{"rendered":"https:\/\/agora.xtec.cat\/ceipfarigolaclot\/?p=40409"},"modified":"2024-10-25T13:38:23","modified_gmt":"2024-10-25T11:38:23","slug":"educacio-infantil-festa-de-la-castanyada-5","status":"publish","type":"post","link":"https:\/\/agora.xtec.cat\/ceipfarigolaclot\/infantil\/educacio-infantil-festa-de-la-castanyada-5\/","title":{"rendered":"Educaci\u00f3 infantil: festa de la Castanyada"},"content":{"rendered":"\n<p>Com ja us vam avan\u00e7ar, el pr\u00f2xim dijous, 31 d&#8217;octubre, celebrarem la festa de la Castanyada. A la tarda, esperem a les fam\u00edlies d&#8217;I3, I4 i I5 a les 15:25 h per celebrar aquesta festivitat tan nostra i gaudir de les danses que els vostres fills i filles us han preparat. Les fam\u00edlies podreu accedir a l&#8217;escola per la porta de cicle inicial, la que est\u00e0 al costat de l&#8217;escola bressol i, un cop acabat l&#8217;espectacle, tornareu a sortir per la mateixa porta. La recollida dels infants es realitzar\u00e0 com sempre.<\/p>\n\n\n\n<p>En el cas de pluja, l&#8217;actuaci\u00f3 es far\u00e0 al passad\u00eds central i s&#8217;avan\u00e7ar\u00e0 l&#8217;horari a les 15 h per tal d&#8217;acabar abans i que les fam\u00edlies de 6\u00e8 puguin guarnir l&#8217;espai per celebrar &#8220;FariHorror&#8221;.<\/p>\n\n\n\n<p>La tem\u00e0tica de les danses que ballarem est\u00e0 relacionada amb la festa tradicional de la Castanyada. Per aquest motiu us demanem que els infants, si volen venir disfressats, ho facin duent una disfressa relacionada amb la festa, \u00e9s a dir, de castanyers i castanyeres.<\/p>\n\n\n\n<p>Us hi esperem!<\/p>\n\n\n\n<figure class=\"wp-block-image aligncenter is-resized\"><img decoding=\"async\" src=\"https:\/\/agora.xtec.cat\/ceipfarigolaclot\/wp-content\/uploads\/usu983\/2024\/10\/castanyada-EI.png\" alt=\"\" class=\"wp-image-40364\" style=\"width:400px\"\/><\/figure>\n","protected":false},"excerpt":{"rendered":"<p>Com ja us vam avan\u00e7ar, el pr\u00f2xim dijous, 31 d&#8217;octubre, celebrarem la festa de la Castanyada. A la tarda, esperem [&hellip;]<\/p>\n","protected":false},"author":1,"featured_media":40364,"comment_status":"open","ping_status":"open","sticky":false,"template":"","format":"standard","meta":{"_bbp_topic_count":0,"_bbp_reply_count":0,"_bbp_total_topic_count":0,"_bbp_total_reply_count":0,"_bbp_voice_count":0,"_bbp_anonymous_reply_count":0,"_bbp_topic_count_hidden":0,"_bbp_reply_count_hidden":0,"_bbp_forum_subforum_count":0,"site-sidebar-layout":"default","site-content-layout":"","ast-site-content-layout":"","site-content-style":"default","site-sidebar-style":"default","ast-global-header-display":"","ast-banner-title-visibility":"","ast-main-header-display":"","ast-hfb-above-header-display":"","ast-hfb-below-header-display":"","ast-hfb-mobile-header-display":"","site-post-title":"","ast-breadcrumbs-content":"","ast-featured-img":"","footer-sml-layout":"","theme-transparent-header-meta":"","adv-header-id-meta":"","stick-header-meta":"","header-above-stick-meta":"","header-main-stick-meta":"","header-below-stick-meta":"","astra-migrate-meta-layouts":"default","ast-page-background-enabled":"default","ast-page-background-meta":{"desktop":{"background-color":"var(--ast-global-color-4)","background-image":"","background-repeat":"repeat","background-position":"center center","background-size":"auto","background-attachment":"scroll","background-type":"","background-media":"","overlay-type":"","overlay-color":"","overlay-opacity":"","overlay-gradient":""},"tablet":{"background-color":"","background-image":"","background-repeat":"repeat","background-position":"center center","background-size":"auto","background-attachment":"scroll","background-type":"","background-media":"","overlay-type":"","overlay-color":"","overlay-opacity":"","overlay-gradient":""},"mobile":{"background-color":"","background-image":"","background-repeat":"repeat","background-position":"center center","background-size":"auto","background-attachment":"scroll","background-type":"","background-media":"","overlay-type":"","overlay-color":"","overlay-opacity":"","overlay-gradient":""}},"ast-content-background-meta":{"desktop":{"background-color":"var(--ast-global-color-5)","background-image":"","background-repeat":"repeat","background-position":"center center","background-size":"auto","background-attachment":"scroll","background-type":"","background-media":"","overlay-type":"","overlay-color":"","overlay-opacity":"","overlay-gradient":""},"tablet":{"background-color":"var(--ast-global-color-5)","background-image":"","background-repeat":"repeat","background-position":"center center","background-size":"auto","background-attachment":"scroll","background-type":"","background-media":"","overlay-type":"","overlay-color":"","overlay-opacity":"","overlay-gradient":""},"mobile":{"background-color":"var(--ast-global-color-5)","background-image":"","background-repeat":"repeat","background-position":"center center","background-size":"auto","background-attachment":"scroll","background-type":"","background-media":"","overlay-type":"","overlay-color":"","overlay-opacity":"","overlay-gradient":""}},"footnotes":""},"categories":[3,8,9,2,61,4],"tags":[],"class_list":["post-40409","post","type-post","status-publish","format-standard","has-post-thumbnail","hentry","category-p3","category-p4","category-p5","category-infantil","category-info-setmanal","category-portada"],"post_mailing_queue_ids":[],"_links":{"self":[{"href":"https:\/\/agora.xtec.cat\/ceipfarigolaclot\/wp-json\/wp\/v2\/posts\/40409","targetHints":{"allow":["GET"]}}],"collection":[{"href":"https:\/\/agora.xtec.cat\/ceipfarigolaclot\/wp-json\/wp\/v2\/posts"}],"about":[{"href":"https:\/\/agora.xtec.cat\/ceipfarigolaclot\/wp-json\/wp\/v2\/types\/post"}],"author":[{"embeddable":true,"href":"https:\/\/agora.xtec.cat\/ceipfarigolaclot\/wp-json\/wp\/v2\/users\/1"}],"replies":[{"embeddable":true,"href":"https:\/\/agora.xtec.cat\/ceipfarigolaclot\/wp-json\/wp\/v2\/comments?post=40409"}],"version-history":[{"count":1,"href":"https:\/\/agora.xtec.cat\/ceipfarigolaclot\/wp-json\/wp\/v2\/posts\/40409\/revisions"}],"predecessor-version":[{"id":40410,"href":"https:\/\/agora.xtec.cat\/ceipfarigolaclot\/wp-json\/wp\/v2\/posts\/40409\/revisions\/40410"}],"wp:featuredmedia":[{"embeddable":true,"href":"https:\/\/agora.xtec.cat\/ceipfarigolaclot\/wp-json\/wp\/v2\/media\/40364"}],"wp:attachment":[{"href":"https:\/\/agora.xtec.cat\/ceipfarigolaclot\/wp-json\/wp\/v2\/media?parent=40409"}],"wp:term":[{"taxonomy":"category","embeddable":true,"href":"https:\/\/agora.xtec.cat\/ceipfarigolaclot\/wp-json\/wp\/v2\/categories?post=40409"},{"taxonomy":"post_tag","embeddable":true,"href":"https:\/\/agora.xtec.cat\/ceipfarigolaclot\/wp-json\/wp\/v2\/tags?post=40409"}],"curies":[{"name":"wp","href":"https:\/\/api.w.org\/{rel}","templated":true}]}}