{"id":40273,"date":"2024-10-18T15:44:48","date_gmt":"2024-10-18T13:44:48","guid":{"rendered":"https:\/\/agora.xtec.cat\/ceipfarigolaclot\/?p=40273"},"modified":"2024-10-18T15:44:49","modified_gmt":"2024-10-18T13:44:49","slug":"escola-pla-formatiu-amb-families","status":"publish","type":"post","link":"https:\/\/agora.xtec.cat\/ceipfarigolaclot\/portada\/escola-pla-formatiu-amb-families\/","title":{"rendered":"Escola: pla formatiu amb fam\u00edlies"},"content":{"rendered":"\n<p>Us informen que, des del Departament d\u2019Educaci\u00f3 i Formaci\u00f3 Professional, ens ofereixen una formaci\u00f3 adre\u00e7ada a fam\u00edlies sobre: <em>El paper de les fam\u00edlies en l&#8217;assetjament escolar<\/em>.<\/p>\n\n\n\n<p>L\u2019activitat ser\u00e0 dinamitzada per una persona externa al centre, experta en la tem\u00e0tica, que vindr\u00e0 per fer-nos reflexionar sobre com acompanyar els fills i filles en la prevenci\u00f3 i detecci\u00f3 de l&#8217;assetjament. Part de l&#8217;equip docent del centre tamb\u00e9 participar\u00e0 i us acompanyar\u00e0 en aquest espai de reflexi\u00f3, d&#8217;escolta activa i de comunicaci\u00f3 oberta.<\/p>\n\n\n\n<p>La formaci\u00f3 es far\u00e0 en dues sessions, dimarts 12 i 26 de novembre, en horari de 16:45\u202fh a 18:30\u202fh (aproximadament).<\/p>\n\n\n\n<p>Us demanem que, per a seguir el contingut i les din\u00e0miques correctament, accepteu el comprom\u00eds de venir a les dues sessions. Si voleu participar empleneu el seg\u00fcent formulari per poder fer una previsi\u00f3 de l\u2019assist\u00e8ncia.<\/p>\n\n\n\n<p class=\"has-text-align-center\"><a href=\"https:\/\/forms.gle\/yMrhkgRtmcCP5VpL9\">https:\/\/forms.gle\/yMrhkgRtmcCP5VpL9<\/a><\/p>\n\n\n\n<p>Tenim el convenciment que aquesta pot ser una experi\u00e8ncia molt interessant i enriquidora per a tots i totes vosaltres.<\/p>\n\n\n\n<p>Us hi esperem!<\/p>\n\n\n\n<figure class=\"wp-block-image aligncenter is-resized\"><img decoding=\"async\" src=\"https:\/\/agora.xtec.cat\/ceipfarigolaclot\/wp-content\/uploads\/usu983\/2024\/10\/Pla-formatiu-Assetjament_-FARIGOLA-DEL-CLOT.jpg\" alt=\"\" class=\"wp-image-40225\" style=\"width:523px;height:auto\"\/><\/figure>\n","protected":false},"excerpt":{"rendered":"<p>Us informen que, des del Departament d\u2019Educaci\u00f3 i Formaci\u00f3 Professional, ens ofereixen una formaci\u00f3 adre\u00e7ada a fam\u00edlies sobre: El paper [&hellip;]<\/p>\n","protected":false},"author":1,"featured_media":40225,"comment_status":"open","ping_status":"open","sticky":false,"template":"","format":"standard","meta":{"_bbp_topic_count":0,"_bbp_reply_count":0,"_bbp_total_topic_count":0,"_bbp_total_reply_count":0,"_bbp_voice_count":0,"_bbp_anonymous_reply_count":0,"_bbp_topic_count_hidden":0,"_bbp_reply_count_hidden":0,"_bbp_forum_subforum_count":0,"site-sidebar-layout":"default","site-content-layout":"","ast-site-content-layout":"","site-content-style":"default","site-sidebar-style":"default","ast-global-header-display":"","ast-banner-title-visibility":"","ast-main-header-display":"","ast-hfb-above-header-display":"","ast-hfb-below-header-display":"","ast-hfb-mobile-header-display":"","site-post-title":"","ast-breadcrumbs-content":"","ast-featured-img":"","footer-sml-layout":"","theme-transparent-header-meta":"","adv-header-id-meta":"","stick-header-meta":"","header-above-stick-meta":"","header-main-stick-meta":"","header-below-stick-meta":"","astra-migrate-meta-layouts":"default","ast-page-background-enabled":"default","ast-page-background-meta":{"desktop":{"background-color":"var(--ast-global-color-4)","background-image":"","background-repeat":"repeat","background-position":"center center","background-size":"auto","background-attachment":"scroll","background-type":"","background-media":"","overlay-type":"","overlay-color":"","overlay-opacity":"","overlay-gradient":""},"tablet":{"background-color":"","background-image":"","background-repeat":"repeat","background-position":"center center","background-size":"auto","background-attachment":"scroll","background-type":"","background-media":"","overlay-type":"","overlay-color":"","overlay-opacity":"","overlay-gradient":""},"mobile":{"background-color":"","background-image":"","background-repeat":"repeat","background-position":"center center","background-size":"auto","background-attachment":"scroll","background-type":"","background-media":"","overlay-type":"","overlay-color":"","overlay-opacity":"","overlay-gradient":""}},"ast-content-background-meta":{"desktop":{"background-color":"var(--ast-global-color-5)","background-image":"","background-repeat":"repeat","background-position":"center center","background-size":"auto","background-attachment":"scroll","background-type":"","background-media":"","overlay-type":"","overlay-color":"","overlay-opacity":"","overlay-gradient":""},"tablet":{"background-color":"var(--ast-global-color-5)","background-image":"","background-repeat":"repeat","background-position":"center center","background-size":"auto","background-attachment":"scroll","background-type":"","background-media":"","overlay-type":"","overlay-color":"","overlay-opacity":"","overlay-gradient":""},"mobile":{"background-color":"var(--ast-global-color-5)","background-image":"","background-repeat":"repeat","background-position":"center center","background-size":"auto","background-attachment":"scroll","background-type":"","background-media":"","overlay-type":"","overlay-color":"","overlay-opacity":"","overlay-gradient":""}},"footnotes":""},"categories":[1543,61,4],"tags":[],"class_list":["post-40273","post","type-post","status-publish","format-standard","has-post-thumbnail","hentry","category-benestar-emocional-projectes-centre","category-info-setmanal","category-portada"],"post_mailing_queue_ids":[],"_links":{"self":[{"href":"https:\/\/agora.xtec.cat\/ceipfarigolaclot\/wp-json\/wp\/v2\/posts\/40273","targetHints":{"allow":["GET"]}}],"collection":[{"href":"https:\/\/agora.xtec.cat\/ceipfarigolaclot\/wp-json\/wp\/v2\/posts"}],"about":[{"href":"https:\/\/agora.xtec.cat\/ceipfarigolaclot\/wp-json\/wp\/v2\/types\/post"}],"author":[{"embeddable":true,"href":"https:\/\/agora.xtec.cat\/ceipfarigolaclot\/wp-json\/wp\/v2\/users\/1"}],"replies":[{"embeddable":true,"href":"https:\/\/agora.xtec.cat\/ceipfarigolaclot\/wp-json\/wp\/v2\/comments?post=40273"}],"version-history":[{"count":1,"href":"https:\/\/agora.xtec.cat\/ceipfarigolaclot\/wp-json\/wp\/v2\/posts\/40273\/revisions"}],"predecessor-version":[{"id":40274,"href":"https:\/\/agora.xtec.cat\/ceipfarigolaclot\/wp-json\/wp\/v2\/posts\/40273\/revisions\/40274"}],"wp:featuredmedia":[{"embeddable":true,"href":"https:\/\/agora.xtec.cat\/ceipfarigolaclot\/wp-json\/wp\/v2\/media\/40225"}],"wp:attachment":[{"href":"https:\/\/agora.xtec.cat\/ceipfarigolaclot\/wp-json\/wp\/v2\/media?parent=40273"}],"wp:term":[{"taxonomy":"category","embeddable":true,"href":"https:\/\/agora.xtec.cat\/ceipfarigolaclot\/wp-json\/wp\/v2\/categories?post=40273"},{"taxonomy":"post_tag","embeddable":true,"href":"https:\/\/agora.xtec.cat\/ceipfarigolaclot\/wp-json\/wp\/v2\/tags?post=40273"}],"curies":[{"name":"wp","href":"https:\/\/api.w.org\/{rel}","templated":true}]}}