{"id":40210,"date":"2024-10-18T14:25:43","date_gmt":"2024-10-18T12:25:43","guid":{"rendered":"https:\/\/agora.xtec.cat\/ceipfarigolaclot\/?p=40210"},"modified":"2024-10-18T14:25:43","modified_gmt":"2024-10-18T12:25:43","slug":"raco-de-contes-a-la-clariana-de-glories","status":"publish","type":"post","link":"https:\/\/agora.xtec.cat\/ceipfarigolaclot\/info-setmanal\/raco-de-contes-a-la-clariana-de-glories\/","title":{"rendered":"Rac\u00f3 de contes a la Clariana de Gl\u00f2ries"},"content":{"rendered":"\n<p>Un espai a la Clariana per gaudir de la lectura a la natura, amb un servei de llibres i contes i una dinamitzaci\u00f3 entorn de la lectura, amb una actuaci\u00f3 de contaconte final.<\/p>\n\n\n\n<p>Biblioteques de Barcelona posa a disposici\u00f3 dels assistents un lot d\u2019\u00e0lbums il\u00b7lustrats i llibres infantils per tal que les fam\u00edlies en puguin fer \u00fas durant l\u2019estona de les activitats.<\/p>\n\n\n\n<p>\ufeffP\u00fablic familiar a partir de 3 anys<br>Diumenge, 20 d\u2019octubre, d\u201911 a 13 h.<\/p>\n\n\n\n<p>Paral\u00b7lelament, a les 12 h del diumenge tamb\u00e9 a la Clariana, \u201cMat\u00ed d&#8217;hist\u00f2ries i natura\u201d: sessi\u00f3 de narraci\u00f3 oral on els contes d&#8217;animals, vegetals i natura s\u00f3n els protagonistes. \ufeffP\u00fablic familiar a partir de 3 anys.<\/p>\n\n\n\n<figure class=\"wp-block-image aligncenter is-resized is-style-default\"><img loading=\"lazy\" decoding=\"async\" width=\"760\" height=\"428\" src=\"https:\/\/agora.xtec.cat\/ceipfarigolaclot\/wp-content\/uploads\/usu983\/2024\/10\/contaconte.jpg\" alt=\"\" class=\"wp-image-40217\" style=\"width:304px;height:auto\" srcset=\"https:\/\/agora.xtec.cat\/ceipfarigolaclot\/wp-content\/uploads\/usu983\/2024\/10\/contaconte.jpg 760w, https:\/\/agora.xtec.cat\/ceipfarigolaclot\/wp-content\/uploads\/usu983\/2024\/10\/contaconte-300x169.jpg 300w\" sizes=\"auto, (max-width: 760px) 100vw, 760px\" \/><\/figure>\n","protected":false},"excerpt":{"rendered":"<p>Un espai a la Clariana per gaudir de la lectura a la natura, amb un servei de llibres i contes [&hellip;]<\/p>\n","protected":false},"author":1,"featured_media":40217,"comment_status":"open","ping_status":"open","sticky":false,"template":"","format":"standard","meta":{"_bbp_topic_count":0,"_bbp_reply_count":0,"_bbp_total_topic_count":0,"_bbp_total_reply_count":0,"_bbp_voice_count":0,"_bbp_anonymous_reply_count":0,"_bbp_topic_count_hidden":0,"_bbp_reply_count_hidden":0,"_bbp_forum_subforum_count":0,"site-sidebar-layout":"default","site-content-layout":"","ast-site-content-layout":"","site-content-style":"default","site-sidebar-style":"default","ast-global-header-display":"","ast-banner-title-visibility":"","ast-main-header-display":"","ast-hfb-above-header-display":"","ast-hfb-below-header-display":"","ast-hfb-mobile-header-display":"","site-post-title":"","ast-breadcrumbs-content":"","ast-featured-img":"","footer-sml-layout":"","theme-transparent-header-meta":"","adv-header-id-meta":"","stick-header-meta":"","header-above-stick-meta":"","header-main-stick-meta":"","header-below-stick-meta":"","astra-migrate-meta-layouts":"default","ast-page-background-enabled":"default","ast-page-background-meta":{"desktop":{"background-color":"var(--ast-global-color-4)","background-image":"","background-repeat":"repeat","background-position":"center center","background-size":"auto","background-attachment":"scroll","background-type":"","background-media":"","overlay-type":"","overlay-color":"","overlay-opacity":"","overlay-gradient":""},"tablet":{"background-color":"","background-image":"","background-repeat":"repeat","background-position":"center center","background-size":"auto","background-attachment":"scroll","background-type":"","background-media":"","overlay-type":"","overlay-color":"","overlay-opacity":"","overlay-gradient":""},"mobile":{"background-color":"","background-image":"","background-repeat":"repeat","background-position":"center center","background-size":"auto","background-attachment":"scroll","background-type":"","background-media":"","overlay-type":"","overlay-color":"","overlay-opacity":"","overlay-gradient":""}},"ast-content-background-meta":{"desktop":{"background-color":"var(--ast-global-color-5)","background-image":"","background-repeat":"repeat","background-position":"center center","background-size":"auto","background-attachment":"scroll","background-type":"","background-media":"","overlay-type":"","overlay-color":"","overlay-opacity":"","overlay-gradient":""},"tablet":{"background-color":"var(--ast-global-color-5)","background-image":"","background-repeat":"repeat","background-position":"center center","background-size":"auto","background-attachment":"scroll","background-type":"","background-media":"","overlay-type":"","overlay-color":"","overlay-opacity":"","overlay-gradient":""},"mobile":{"background-color":"var(--ast-global-color-5)","background-image":"","background-repeat":"repeat","background-position":"center center","background-size":"auto","background-attachment":"scroll","background-type":"","background-media":"","overlay-type":"","overlay-color":"","overlay-opacity":"","overlay-gradient":""}},"footnotes":""},"categories":[61],"tags":[],"class_list":["post-40210","post","type-post","status-publish","format-standard","has-post-thumbnail","hentry","category-info-setmanal"],"post_mailing_queue_ids":[],"_links":{"self":[{"href":"https:\/\/agora.xtec.cat\/ceipfarigolaclot\/wp-json\/wp\/v2\/posts\/40210","targetHints":{"allow":["GET"]}}],"collection":[{"href":"https:\/\/agora.xtec.cat\/ceipfarigolaclot\/wp-json\/wp\/v2\/posts"}],"about":[{"href":"https:\/\/agora.xtec.cat\/ceipfarigolaclot\/wp-json\/wp\/v2\/types\/post"}],"author":[{"embeddable":true,"href":"https:\/\/agora.xtec.cat\/ceipfarigolaclot\/wp-json\/wp\/v2\/users\/1"}],"replies":[{"embeddable":true,"href":"https:\/\/agora.xtec.cat\/ceipfarigolaclot\/wp-json\/wp\/v2\/comments?post=40210"}],"version-history":[{"count":1,"href":"https:\/\/agora.xtec.cat\/ceipfarigolaclot\/wp-json\/wp\/v2\/posts\/40210\/revisions"}],"predecessor-version":[{"id":40233,"href":"https:\/\/agora.xtec.cat\/ceipfarigolaclot\/wp-json\/wp\/v2\/posts\/40210\/revisions\/40233"}],"wp:featuredmedia":[{"embeddable":true,"href":"https:\/\/agora.xtec.cat\/ceipfarigolaclot\/wp-json\/wp\/v2\/media\/40217"}],"wp:attachment":[{"href":"https:\/\/agora.xtec.cat\/ceipfarigolaclot\/wp-json\/wp\/v2\/media?parent=40210"}],"wp:term":[{"taxonomy":"category","embeddable":true,"href":"https:\/\/agora.xtec.cat\/ceipfarigolaclot\/wp-json\/wp\/v2\/categories?post=40210"},{"taxonomy":"post_tag","embeddable":true,"href":"https:\/\/agora.xtec.cat\/ceipfarigolaclot\/wp-json\/wp\/v2\/tags?post=40210"}],"curies":[{"name":"wp","href":"https:\/\/api.w.org\/{rel}","templated":true}]}}