{"id":40011,"date":"2024-10-04T15:20:19","date_gmt":"2024-10-04T13:20:19","guid":{"rendered":"https:\/\/agora.xtec.cat\/ceipfarigolaclot\/?p=40011"},"modified":"2024-10-04T15:20:20","modified_gmt":"2024-10-04T13:20:20","slug":"patis-oberts-comenca-la-temporada-2","status":"publish","type":"post","link":"https:\/\/agora.xtec.cat\/ceipfarigolaclot\/portada\/patis-oberts-comenca-la-temporada-2\/","title":{"rendered":"Patis oberts: comen\u00e7a la temporada"},"content":{"rendered":"\n<p>Aquest diumenge, 6 d\u2019octubre, torna el Programa de Patis Escolars Oberts al Barri a la nostra escola.<\/p>\n\n\n\n<p>Durant aquest curs, mantenim l\u2019horari habitual, d\u201911 a 14 h. L\u2019entrada \u00e9s per la porta del carrer del Clot, n\u00fam. 2 (al costat de l\u2019antiga benzinera).<\/p>\n\n\n\n<p>Els patis escolars de la ciutat s\u2019obren com a espai d\u2019\u00fas p\u00fablic d&#8217;acc\u00e9s lliure per a infants, adolescents, fam\u00edlies i a tota la ciutadania fora de l\u2019horari escolar.<\/p>\n\n\n\n<p>Cada pati escolar obert t\u00e9 un servei de vigil\u00e0ncia que obre i tanca el pati escolar dins dels horaris previstos, vetlla pel bon \u00fas de les instal\u00b7lacions i procura establir din\u00e0miques de relaci\u00f3 entre els infants, els adolescents, les fam\u00edlies i a la ciutadania. A la iniciativa municipal, col\u00b7laboren el Consorci d\u2019Educaci\u00f3 de Barcelona, els districtes de la ciutat de Barcelona i diverses entitats educatives, com la nostra escola, i entitats socials de la ciutat.<\/p>\n\n\n\n<p>Els objectius principals de l\u2019obertura dels patis escolars s\u00f3n els seg\u00fcents:<\/p>\n\n\n\n<p>Optimitzar l\u2019\u00fas dels centres escolars potenciant-ne el vessant educatiu i social, fent possible l\u2019\u00fas del pati per a col\u00b7lectius o activitats que es puguin dur a terme sense interfer\u00e8ncies, i potenciant-ne la interrelaci\u00f3.<br>Donar, als infants i joves i a les seves fam\u00edlies, una alternativa de lleure que s\u2019exerceixi de manera aut\u00f2noma en un context segur i de proximitat.<\/p>\n\n\n\n<figure class=\"wp-block-image\"><img loading=\"lazy\" decoding=\"async\" width=\"744\" height=\"241\" src=\"https:\/\/agora.xtec.cat\/ceipfarigolaclot\/wp-content\/uploads\/usu983\/2024\/10\/patis_oberts.jpg\" alt=\"\" class=\"wp-image-40007\" srcset=\"https:\/\/agora.xtec.cat\/ceipfarigolaclot\/wp-content\/uploads\/usu983\/2024\/10\/patis_oberts.jpg 744w, https:\/\/agora.xtec.cat\/ceipfarigolaclot\/wp-content\/uploads\/usu983\/2024\/10\/patis_oberts-300x97.jpg 300w\" sizes=\"auto, (max-width: 744px) 100vw, 744px\" \/><\/figure>\n","protected":false},"excerpt":{"rendered":"<p>Aquest diumenge, 6 d\u2019octubre, torna el Programa de Patis Escolars Oberts al Barri a la nostra escola. Durant aquest curs, [&hellip;]<\/p>\n","protected":false},"author":1,"featured_media":40007,"comment_status":"open","ping_status":"open","sticky":false,"template":"","format":"standard","meta":{"_bbp_topic_count":0,"_bbp_reply_count":0,"_bbp_total_topic_count":0,"_bbp_total_reply_count":0,"_bbp_voice_count":0,"_bbp_anonymous_reply_count":0,"_bbp_topic_count_hidden":0,"_bbp_reply_count_hidden":0,"_bbp_forum_subforum_count":0,"site-sidebar-layout":"default","site-content-layout":"","ast-site-content-layout":"","site-content-style":"default","site-sidebar-style":"default","ast-global-header-display":"","ast-banner-title-visibility":"","ast-main-header-display":"","ast-hfb-above-header-display":"","ast-hfb-below-header-display":"","ast-hfb-mobile-header-display":"","site-post-title":"","ast-breadcrumbs-content":"","ast-featured-img":"","footer-sml-layout":"","theme-transparent-header-meta":"","adv-header-id-meta":"","stick-header-meta":"","header-above-stick-meta":"","header-main-stick-meta":"","header-below-stick-meta":"","astra-migrate-meta-layouts":"default","ast-page-background-enabled":"default","ast-page-background-meta":{"desktop":{"background-color":"var(--ast-global-color-4)","background-image":"","background-repeat":"repeat","background-position":"center center","background-size":"auto","background-attachment":"scroll","background-type":"","background-media":"","overlay-type":"","overlay-color":"","overlay-opacity":"","overlay-gradient":""},"tablet":{"background-color":"","background-image":"","background-repeat":"repeat","background-position":"center center","background-size":"auto","background-attachment":"scroll","background-type":"","background-media":"","overlay-type":"","overlay-color":"","overlay-opacity":"","overlay-gradient":""},"mobile":{"background-color":"","background-image":"","background-repeat":"repeat","background-position":"center center","background-size":"auto","background-attachment":"scroll","background-type":"","background-media":"","overlay-type":"","overlay-color":"","overlay-opacity":"","overlay-gradient":""}},"ast-content-background-meta":{"desktop":{"background-color":"var(--ast-global-color-5)","background-image":"","background-repeat":"repeat","background-position":"center center","background-size":"auto","background-attachment":"scroll","background-type":"","background-media":"","overlay-type":"","overlay-color":"","overlay-opacity":"","overlay-gradient":""},"tablet":{"background-color":"var(--ast-global-color-5)","background-image":"","background-repeat":"repeat","background-position":"center center","background-size":"auto","background-attachment":"scroll","background-type":"","background-media":"","overlay-type":"","overlay-color":"","overlay-opacity":"","overlay-gradient":""},"mobile":{"background-color":"var(--ast-global-color-5)","background-image":"","background-repeat":"repeat","background-position":"center center","background-size":"auto","background-attachment":"scroll","background-type":"","background-media":"","overlay-type":"","overlay-color":"","overlay-opacity":"","overlay-gradient":""}},"footnotes":""},"categories":[61,4],"tags":[],"class_list":["post-40011","post","type-post","status-publish","format-standard","has-post-thumbnail","hentry","category-info-setmanal","category-portada"],"post_mailing_queue_ids":[],"_links":{"self":[{"href":"https:\/\/agora.xtec.cat\/ceipfarigolaclot\/wp-json\/wp\/v2\/posts\/40011","targetHints":{"allow":["GET"]}}],"collection":[{"href":"https:\/\/agora.xtec.cat\/ceipfarigolaclot\/wp-json\/wp\/v2\/posts"}],"about":[{"href":"https:\/\/agora.xtec.cat\/ceipfarigolaclot\/wp-json\/wp\/v2\/types\/post"}],"author":[{"embeddable":true,"href":"https:\/\/agora.xtec.cat\/ceipfarigolaclot\/wp-json\/wp\/v2\/users\/1"}],"replies":[{"embeddable":true,"href":"https:\/\/agora.xtec.cat\/ceipfarigolaclot\/wp-json\/wp\/v2\/comments?post=40011"}],"version-history":[{"count":1,"href":"https:\/\/agora.xtec.cat\/ceipfarigolaclot\/wp-json\/wp\/v2\/posts\/40011\/revisions"}],"predecessor-version":[{"id":40012,"href":"https:\/\/agora.xtec.cat\/ceipfarigolaclot\/wp-json\/wp\/v2\/posts\/40011\/revisions\/40012"}],"wp:featuredmedia":[{"embeddable":true,"href":"https:\/\/agora.xtec.cat\/ceipfarigolaclot\/wp-json\/wp\/v2\/media\/40007"}],"wp:attachment":[{"href":"https:\/\/agora.xtec.cat\/ceipfarigolaclot\/wp-json\/wp\/v2\/media?parent=40011"}],"wp:term":[{"taxonomy":"category","embeddable":true,"href":"https:\/\/agora.xtec.cat\/ceipfarigolaclot\/wp-json\/wp\/v2\/categories?post=40011"},{"taxonomy":"post_tag","embeddable":true,"href":"https:\/\/agora.xtec.cat\/ceipfarigolaclot\/wp-json\/wp\/v2\/tags?post=40011"}],"curies":[{"name":"wp","href":"https:\/\/api.w.org\/{rel}","templated":true}]}}