{"id":39668,"date":"2024-09-13T15:08:32","date_gmt":"2024-09-13T13:08:32","guid":{"rendered":"https:\/\/agora.xtec.cat\/ceipfarigolaclot\/?p=39668"},"modified":"2024-09-13T15:08:32","modified_gmt":"2024-09-13T13:08:32","slug":"1r-i-2n-els-primers-dies-descola","status":"publish","type":"post","link":"https:\/\/agora.xtec.cat\/ceipfarigolaclot\/portada\/1r-i-2n-els-primers-dies-descola\/","title":{"rendered":"1r i 2n: els primers dies d&#8217;escola!"},"content":{"rendered":"<p>Els nens i nenes de 1r i de 2n hem iniciat el nou curs 2024-2025 amb moltes ganes.<\/p>\n<p>Aquesta setmana realitzem jocs cooperatius i din\u00e0miques de cohesi\u00f3 de grup que ens permeten con\u00e8ixer els nostres companys\/es, respectar-nos i ajudar-nos els uns als altres, alhora que establim vincles emocionals amb nosaltres i les nostres tutores.<\/p>\n<p>Tamb\u00e9 hem dut a terme activitats per con\u00e8ixer els espais i materials nous de l&#8217;aula, els mestres d&#8217;aquesta etapa i els h\u00e0bits i rutines pertinents.<\/p>\n<p>Els infants de 1r s&#8217;han adaptat molt b\u00e9 a l&#8217;etapa de prim\u00e0ria i els de 2n tamb\u00e9 estan molt a gust amb els reptes del nou curs.<\/p>\n<p>En definitiva, hem tingut un inici de curs fant\u00e0stic!<\/p>\n<p><img loading=\"lazy\" decoding=\"async\" class=\"aligncenter wp-image-39658 size-medium\" src=\"https:\/\/agora.xtec.cat\/ceipfarigolaclot\/wp-content\/uploads\/usu983\/2024\/09\/imatge-300x225.jpg\" alt=\"\" width=\"300\" height=\"225\" srcset=\"https:\/\/agora.xtec.cat\/ceipfarigolaclot\/wp-content\/uploads\/usu983\/2024\/09\/imatge-300x225.jpg 300w, https:\/\/agora.xtec.cat\/ceipfarigolaclot\/wp-content\/uploads\/usu983\/2024\/09\/imatge-1024x768.jpg 1024w, https:\/\/agora.xtec.cat\/ceipfarigolaclot\/wp-content\/uploads\/usu983\/2024\/09\/imatge-768x576.jpg 768w, https:\/\/agora.xtec.cat\/ceipfarigolaclot\/wp-content\/uploads\/usu983\/2024\/09\/imatge-1536x1152.jpg 1536w, https:\/\/agora.xtec.cat\/ceipfarigolaclot\/wp-content\/uploads\/usu983\/2024\/09\/imatge-2048x1536.jpg 2048w, https:\/\/agora.xtec.cat\/ceipfarigolaclot\/wp-content\/uploads\/usu983\/2024\/09\/imatge-200x150.jpg 200w\" sizes=\"auto, (max-width: 300px) 100vw, 300px\" \/><\/p>\n","protected":false},"excerpt":{"rendered":"<p>Els nens i nenes de 1r i de 2n hem iniciat el nou curs 2024-2025 amb moltes ganes. Aquesta setmana [&hellip;]<\/p>\n","protected":false},"author":1,"featured_media":39658,"comment_status":"open","ping_status":"closed","sticky":false,"template":"","format":"standard","meta":{"_bbp_topic_count":0,"_bbp_reply_count":0,"_bbp_total_topic_count":0,"_bbp_total_reply_count":0,"_bbp_voice_count":0,"_bbp_anonymous_reply_count":0,"_bbp_topic_count_hidden":0,"_bbp_reply_count_hidden":0,"_bbp_forum_subforum_count":0,"site-sidebar-layout":"default","site-content-layout":"","ast-site-content-layout":"","site-content-style":"default","site-sidebar-style":"default","ast-global-header-display":"","ast-banner-title-visibility":"","ast-main-header-display":"","ast-hfb-above-header-display":"","ast-hfb-below-header-display":"","ast-hfb-mobile-header-display":"","site-post-title":"","ast-breadcrumbs-content":"","ast-featured-img":"","footer-sml-layout":"","theme-transparent-header-meta":"","adv-header-id-meta":"","stick-header-meta":"","header-above-stick-meta":"","header-main-stick-meta":"","header-below-stick-meta":"","astra-migrate-meta-layouts":"default","ast-page-background-enabled":"default","ast-page-background-meta":{"desktop":{"background-color":"var(--ast-global-color-4)","background-image":"","background-repeat":"repeat","background-position":"center center","background-size":"auto","background-attachment":"scroll","background-type":"","background-media":"","overlay-type":"","overlay-color":"","overlay-opacity":"","overlay-gradient":""},"tablet":{"background-color":"","background-image":"","background-repeat":"repeat","background-position":"center center","background-size":"auto","background-attachment":"scroll","background-type":"","background-media":"","overlay-type":"","overlay-color":"","overlay-opacity":"","overlay-gradient":""},"mobile":{"background-color":"","background-image":"","background-repeat":"repeat","background-position":"center center","background-size":"auto","background-attachment":"scroll","background-type":"","background-media":"","overlay-type":"","overlay-color":"","overlay-opacity":"","overlay-gradient":""}},"ast-content-background-meta":{"desktop":{"background-color":"var(--ast-global-color-5)","background-image":"","background-repeat":"repeat","background-position":"center center","background-size":"auto","background-attachment":"scroll","background-type":"","background-media":"","overlay-type":"","overlay-color":"","overlay-opacity":"","overlay-gradient":""},"tablet":{"background-color":"var(--ast-global-color-5)","background-image":"","background-repeat":"repeat","background-position":"center center","background-size":"auto","background-attachment":"scroll","background-type":"","background-media":"","overlay-type":"","overlay-color":"","overlay-opacity":"","overlay-gradient":""},"mobile":{"background-color":"var(--ast-global-color-5)","background-image":"","background-repeat":"repeat","background-position":"center center","background-size":"auto","background-attachment":"scroll","background-type":"","background-media":"","overlay-type":"","overlay-color":"","overlay-opacity":"","overlay-gradient":""}},"footnotes":""},"categories":[10,11,61,4],"tags":[],"class_list":["post-39668","post","type-post","status-publish","format-standard","has-post-thumbnail","hentry","category-1r","category-2n","category-info-setmanal","category-portada"],"post_mailing_queue_ids":[],"_links":{"self":[{"href":"https:\/\/agora.xtec.cat\/ceipfarigolaclot\/wp-json\/wp\/v2\/posts\/39668","targetHints":{"allow":["GET"]}}],"collection":[{"href":"https:\/\/agora.xtec.cat\/ceipfarigolaclot\/wp-json\/wp\/v2\/posts"}],"about":[{"href":"https:\/\/agora.xtec.cat\/ceipfarigolaclot\/wp-json\/wp\/v2\/types\/post"}],"author":[{"embeddable":true,"href":"https:\/\/agora.xtec.cat\/ceipfarigolaclot\/wp-json\/wp\/v2\/users\/1"}],"replies":[{"embeddable":true,"href":"https:\/\/agora.xtec.cat\/ceipfarigolaclot\/wp-json\/wp\/v2\/comments?post=39668"}],"version-history":[{"count":1,"href":"https:\/\/agora.xtec.cat\/ceipfarigolaclot\/wp-json\/wp\/v2\/posts\/39668\/revisions"}],"predecessor-version":[{"id":39669,"href":"https:\/\/agora.xtec.cat\/ceipfarigolaclot\/wp-json\/wp\/v2\/posts\/39668\/revisions\/39669"}],"wp:featuredmedia":[{"embeddable":true,"href":"https:\/\/agora.xtec.cat\/ceipfarigolaclot\/wp-json\/wp\/v2\/media\/39658"}],"wp:attachment":[{"href":"https:\/\/agora.xtec.cat\/ceipfarigolaclot\/wp-json\/wp\/v2\/media?parent=39668"}],"wp:term":[{"taxonomy":"category","embeddable":true,"href":"https:\/\/agora.xtec.cat\/ceipfarigolaclot\/wp-json\/wp\/v2\/categories?post=39668"},{"taxonomy":"post_tag","embeddable":true,"href":"https:\/\/agora.xtec.cat\/ceipfarigolaclot\/wp-json\/wp\/v2\/tags?post=39668"}],"curies":[{"name":"wp","href":"https:\/\/api.w.org\/{rel}","templated":true}]}}