{"id":39473,"date":"2024-06-21T16:09:48","date_gmt":"2024-06-21T14:09:48","guid":{"rendered":"https:\/\/agora.xtec.cat\/ceipfarigolaclot\/?p=39473"},"modified":"2024-06-21T16:40:48","modified_gmt":"2024-06-21T14:40:48","slug":"escola-lliurament-dels-informes-de-final-de-curs","status":"publish","type":"post","link":"https:\/\/agora.xtec.cat\/ceipfarigolaclot\/portada\/escola-lliurament-dels-informes-de-final-de-curs\/","title":{"rendered":"Escola: lliurament dels informes de final de curs"},"content":{"rendered":"<p>Avui divendres, 21 de juny, hem repartit a tot l\u2019alumnat de l\u2019escola, excepte 6\u00e8, els informes d\u2019avaluaci\u00f3 del tercer trimestre i tamb\u00e9 l\u2019informe final del curs.<\/p>\n<p>Com sempre diem, \u00e9s un bon moment per seure amb els infants i felicitar-los pels seus assoliments sense deixar d\u2019incidir en aquells aspectes en qu\u00e8 encara poden millorar m\u00e9s.<\/p>\n<p>Les fam\u00edlies que vulguin comentar els informes presencialment amb l\u2019equip de mestres poden venir a l\u2019escola el dimecres, 26 de juny, des de les 9 fins a les 10 h.<\/p>\n<p>D\u2019altra banda, l\u2019alumnat de 6\u00e8 rebr\u00e0 els seus informes el pr\u00f2xim dijous, 27 de juny.<\/p>\n<p>L\u2019alumnat haur\u00e0 d\u2019anar a l\u2019aula a les 09:30 h. en companyia del pare, de la mare o representant legal, ja que s\u2019ha de signar segons recullen la documentaci\u00f3 final de l\u2019educaci\u00f3 prim\u00e0ria.<\/p>\n<p>En cas que les fam\u00edlies no pugueu venir, podeu autoritzar per escrit a una persona major d\u2019edat que acompanyi el vostre fill o filla a recollir la documentaci\u00f3 oficial.<\/p>\n<p><img loading=\"lazy\" decoding=\"async\" class=\"wp-image-39380 aligncenter\" src=\"https:\/\/agora.xtec.cat\/ceipfarigolaclot\/wp-content\/uploads\/usu983\/2024\/06\/informes-6e.jpg\" alt=\"\" width=\"478\" height=\"146\" srcset=\"https:\/\/agora.xtec.cat\/ceipfarigolaclot\/wp-content\/uploads\/usu983\/2024\/06\/informes-6e.jpg 1024w, https:\/\/agora.xtec.cat\/ceipfarigolaclot\/wp-content\/uploads\/usu983\/2024\/06\/informes-6e-300x92.jpg 300w, https:\/\/agora.xtec.cat\/ceipfarigolaclot\/wp-content\/uploads\/usu983\/2024\/06\/informes-6e-768x235.jpg 768w\" sizes=\"auto, (max-width: 478px) 100vw, 478px\" \/><\/p>\n","protected":false},"excerpt":{"rendered":"<p>Avui divendres, 21 de juny, hem repartit a tot l\u2019alumnat de l\u2019escola, excepte 6\u00e8, els informes d\u2019avaluaci\u00f3 del tercer trimestre [&hellip;]<\/p>\n","protected":false},"author":1,"featured_media":39380,"comment_status":"open","ping_status":"closed","sticky":false,"template":"","format":"standard","meta":{"_bbp_topic_count":0,"_bbp_reply_count":0,"_bbp_total_topic_count":0,"_bbp_total_reply_count":0,"_bbp_voice_count":0,"_bbp_anonymous_reply_count":0,"_bbp_topic_count_hidden":0,"_bbp_reply_count_hidden":0,"_bbp_forum_subforum_count":0,"site-sidebar-layout":"default","site-content-layout":"","ast-site-content-layout":"","site-content-style":"default","site-sidebar-style":"default","ast-global-header-display":"","ast-banner-title-visibility":"","ast-main-header-display":"","ast-hfb-above-header-display":"","ast-hfb-below-header-display":"","ast-hfb-mobile-header-display":"","site-post-title":"","ast-breadcrumbs-content":"","ast-featured-img":"","footer-sml-layout":"","theme-transparent-header-meta":"","adv-header-id-meta":"","stick-header-meta":"","header-above-stick-meta":"","header-main-stick-meta":"","header-below-stick-meta":"","astra-migrate-meta-layouts":"default","ast-page-background-enabled":"default","ast-page-background-meta":{"desktop":{"background-color":"var(--ast-global-color-4)","background-image":"","background-repeat":"repeat","background-position":"center center","background-size":"auto","background-attachment":"scroll","background-type":"","background-media":"","overlay-type":"","overlay-color":"","overlay-opacity":"","overlay-gradient":""},"tablet":{"background-color":"","background-image":"","background-repeat":"repeat","background-position":"center center","background-size":"auto","background-attachment":"scroll","background-type":"","background-media":"","overlay-type":"","overlay-color":"","overlay-opacity":"","overlay-gradient":""},"mobile":{"background-color":"","background-image":"","background-repeat":"repeat","background-position":"center center","background-size":"auto","background-attachment":"scroll","background-type":"","background-media":"","overlay-type":"","overlay-color":"","overlay-opacity":"","overlay-gradient":""}},"ast-content-background-meta":{"desktop":{"background-color":"var(--ast-global-color-5)","background-image":"","background-repeat":"repeat","background-position":"center center","background-size":"auto","background-attachment":"scroll","background-type":"","background-media":"","overlay-type":"","overlay-color":"","overlay-opacity":"","overlay-gradient":""},"tablet":{"background-color":"var(--ast-global-color-5)","background-image":"","background-repeat":"repeat","background-position":"center center","background-size":"auto","background-attachment":"scroll","background-type":"","background-media":"","overlay-type":"","overlay-color":"","overlay-opacity":"","overlay-gradient":""},"mobile":{"background-color":"var(--ast-global-color-5)","background-image":"","background-repeat":"repeat","background-position":"center center","background-size":"auto","background-attachment":"scroll","background-type":"","background-media":"","overlay-type":"","overlay-color":"","overlay-opacity":"","overlay-gradient":""}},"footnotes":""},"categories":[61,4],"tags":[],"class_list":["post-39473","post","type-post","status-publish","format-standard","has-post-thumbnail","hentry","category-info-setmanal","category-portada"],"post_mailing_queue_ids":[],"_links":{"self":[{"href":"https:\/\/agora.xtec.cat\/ceipfarigolaclot\/wp-json\/wp\/v2\/posts\/39473","targetHints":{"allow":["GET"]}}],"collection":[{"href":"https:\/\/agora.xtec.cat\/ceipfarigolaclot\/wp-json\/wp\/v2\/posts"}],"about":[{"href":"https:\/\/agora.xtec.cat\/ceipfarigolaclot\/wp-json\/wp\/v2\/types\/post"}],"author":[{"embeddable":true,"href":"https:\/\/agora.xtec.cat\/ceipfarigolaclot\/wp-json\/wp\/v2\/users\/1"}],"replies":[{"embeddable":true,"href":"https:\/\/agora.xtec.cat\/ceipfarigolaclot\/wp-json\/wp\/v2\/comments?post=39473"}],"version-history":[{"count":1,"href":"https:\/\/agora.xtec.cat\/ceipfarigolaclot\/wp-json\/wp\/v2\/posts\/39473\/revisions"}],"predecessor-version":[{"id":39474,"href":"https:\/\/agora.xtec.cat\/ceipfarigolaclot\/wp-json\/wp\/v2\/posts\/39473\/revisions\/39474"}],"wp:featuredmedia":[{"embeddable":true,"href":"https:\/\/agora.xtec.cat\/ceipfarigolaclot\/wp-json\/wp\/v2\/media\/39380"}],"wp:attachment":[{"href":"https:\/\/agora.xtec.cat\/ceipfarigolaclot\/wp-json\/wp\/v2\/media?parent=39473"}],"wp:term":[{"taxonomy":"category","embeddable":true,"href":"https:\/\/agora.xtec.cat\/ceipfarigolaclot\/wp-json\/wp\/v2\/categories?post=39473"},{"taxonomy":"post_tag","embeddable":true,"href":"https:\/\/agora.xtec.cat\/ceipfarigolaclot\/wp-json\/wp\/v2\/tags?post=39473"}],"curies":[{"name":"wp","href":"https:\/\/api.w.org\/{rel}","templated":true}]}}