{"id":39104,"date":"2024-05-24T15:25:08","date_gmt":"2024-05-24T13:25:08","guid":{"rendered":"https:\/\/agora.xtec.cat\/ceipfarigolaclot\/?p=39104"},"modified":"2024-05-24T15:25:08","modified_gmt":"2024-05-24T13:25:08","slug":"sortides-pedagogiques-i-activitats-especials-31","status":"publish","type":"post","link":"https:\/\/agora.xtec.cat\/ceipfarigolaclot\/portada\/sortides-pedagogiques-i-activitats-especials-31\/","title":{"rendered":"Sortides pedag\u00f2giques i activitats especials"},"content":{"rendered":"<p class=\"cvGsUA direction-ltr align-start para-style-body\"><strong><span class=\"OYPEnA text-decoration-none text-strikethrough-none\">I4 i I5: <\/span><\/strong><span class=\"OYPEnA text-decoration-none text-strikethrough-none\">el divendres, 31 de maig, a l\u2019escola,<\/span> <span class=\"OYPEnA text-decoration-none text-strikethrough-none\">gaudirem amb la representaci\u00f3 de l\u2019obra de teatre en angl\u00e8s \u201c<\/span><span class=\"OYPEnA text-decoration-none text-strikethrough-none\">The Greedy Caterpillar<\/span><span class=\"OYPEnA text-decoration-none text-strikethrough-none\">\u201d.<\/span><\/p>\n<p class=\"cvGsUA direction-ltr align-start para-style-body\"><span class=\"OYPEnA text-decoration-none text-strikethrough-none\"><strong>I5:<\/strong> <\/span><span class=\"OYPEnA text-decoration-none text-strikethrough-none\">l&#8217;alumnat d&#8217;I5 visitar\u00e0 el MNACTEC de Terrassa el dimecres, 29 de maig. Hi anirem amb autocar i tornarem a l\u2019hora de dinar.\u00a0<\/span><span class=\"OYPEnA text-decoration-none text-strikethrough-none\">(<\/span><a class=\"OYPEnA text-decoration-underline text-strikethrough-none\" draggable=\"false\" href=\"https:\/\/maps.app.goo.gl\/iB2HRCAbKZZLfTmb7\" target=\"_blank\" rel=\"noopener\">https:\/\/maps.app.goo.gl\/iB2HRCAbKZZLfTmb7<\/a><span class=\"OYPEnA text-decoration-none text-strikethrough-none\">)<\/span><\/p>\n<p class=\"cvGsUA direction-ltr align-start para-style-body\"><strong><span class=\"OYPEnA text-decoration-none text-strikethrough-none\">3r:<\/span><\/strong><span class=\"OYPEnA text-decoration-none text-strikethrough-none\"> el divendres, 31 de maig, gaudirem de l&#8217;activitat &#8220;El cel: un viatge per l&#8217;univers&#8221; a la casa de col\u00f2nies Can Miquel\u00f3. Es tracta d\u2019una sortida de tot el dia. Hi anirem amb autocar. L\u2019alumnat haur\u00e0 de dur roba i cal\u00e7at esportius, ja que es preveu un espai de temps de joc.<\/span><\/p>\n<p class=\"cvGsUA direction-ltr align-start para-style-body\"><span class=\"OYPEnA text-decoration-none text-strikethrough-none\"><strong>4t (nom\u00e9s alumnat d\u2019aula d\u2019acollida):<\/strong> <\/span><span class=\"OYPEnA text-decoration-none text-strikethrough-none\">el dijous, 30 de maig, al mat\u00ed, l\u2019alumnat que forma part de l\u2019aula d\u2019acollida practicar\u00e0 el catal\u00e0 amb la gravaci\u00f3 d\u2019un p\u00f2dcast a Ca l\u2019Isidret. Hi anirem amb Tram. (<\/span><a class=\"OYPEnA text-decoration-underline text-strikethrough-none\" draggable=\"false\" href=\"https:\/\/maps.app.goo.gl\/HTrtbJXB3vudvFBY7\" target=\"_blank\" rel=\"noopener\">https:\/\/maps.app.goo.gl\/HTrtbJXB3vudvFBY7<\/a><span class=\"OYPEnA text-decoration-none text-strikethrough-none\">)<\/span><\/p>\n<p class=\"cvGsUA direction-ltr align-start para-style-body\"><strong><span class=\"OYPEnA text-decoration-none text-strikethrough-none\">6\u00e8:<\/span><\/strong><span class=\"OYPEnA text-decoration-none text-strikethrough-none\"> el dilluns 27 de maig arriba un dels moments m\u00e9s esperats per al jovent de 6\u00e8: marxem de col\u00f2nies! Les darreres a La Farigola, les \u00faltimes de prim\u00e0ria! Estarem tres dies a \u201cEl Clar del Bosc\u201d una casa de col\u00f2nies situada enmig dels boscos del Pla de l&#8217;Estany.\u00a0<\/span><span class=\"OYPEnA text-decoration-none text-strikethrough-none\">(<\/span><a class=\"OYPEnA text-decoration-underline text-strikethrough-none\" draggable=\"false\" href=\"https:\/\/maps.app.goo.gl\/vBb3FzLgoW8XBsBt8\" target=\"_blank\" rel=\"noopener\">https:\/\/maps.app.goo.gl\/vBb3FzLgoW8XBsBt8<\/a><span class=\"OYPEnA text-decoration-none text-strikethrough-none\">)<\/span><\/p>\n","protected":false},"excerpt":{"rendered":"<p>I4 i I5: el divendres, 31 de maig, a l\u2019escola, gaudirem amb la representaci\u00f3 de l\u2019obra de teatre en angl\u00e8s [&hellip;]<\/p>\n","protected":false},"author":1,"featured_media":0,"comment_status":"open","ping_status":"closed","sticky":false,"template":"","format":"standard","meta":{"_bbp_topic_count":0,"_bbp_reply_count":0,"_bbp_total_topic_count":0,"_bbp_total_reply_count":0,"_bbp_voice_count":0,"_bbp_anonymous_reply_count":0,"_bbp_topic_count_hidden":0,"_bbp_reply_count_hidden":0,"_bbp_forum_subforum_count":0,"site-sidebar-layout":"default","site-content-layout":"","ast-site-content-layout":"","site-content-style":"default","site-sidebar-style":"default","ast-global-header-display":"","ast-banner-title-visibility":"","ast-main-header-display":"","ast-hfb-above-header-display":"","ast-hfb-below-header-display":"","ast-hfb-mobile-header-display":"","site-post-title":"","ast-breadcrumbs-content":"","ast-featured-img":"","footer-sml-layout":"","theme-transparent-header-meta":"","adv-header-id-meta":"","stick-header-meta":"","header-above-stick-meta":"","header-main-stick-meta":"","header-below-stick-meta":"","astra-migrate-meta-layouts":"default","ast-page-background-enabled":"default","ast-page-background-meta":{"desktop":{"background-color":"var(--ast-global-color-4)","background-image":"","background-repeat":"repeat","background-position":"center center","background-size":"auto","background-attachment":"scroll","background-type":"","background-media":"","overlay-type":"","overlay-color":"","overlay-opacity":"","overlay-gradient":""},"tablet":{"background-color":"","background-image":"","background-repeat":"repeat","background-position":"center center","background-size":"auto","background-attachment":"scroll","background-type":"","background-media":"","overlay-type":"","overlay-color":"","overlay-opacity":"","overlay-gradient":""},"mobile":{"background-color":"","background-image":"","background-repeat":"repeat","background-position":"center center","background-size":"auto","background-attachment":"scroll","background-type":"","background-media":"","overlay-type":"","overlay-color":"","overlay-opacity":"","overlay-gradient":""}},"ast-content-background-meta":{"desktop":{"background-color":"var(--ast-global-color-5)","background-image":"","background-repeat":"repeat","background-position":"center center","background-size":"auto","background-attachment":"scroll","background-type":"","background-media":"","overlay-type":"","overlay-color":"","overlay-opacity":"","overlay-gradient":""},"tablet":{"background-color":"var(--ast-global-color-5)","background-image":"","background-repeat":"repeat","background-position":"center center","background-size":"auto","background-attachment":"scroll","background-type":"","background-media":"","overlay-type":"","overlay-color":"","overlay-opacity":"","overlay-gradient":""},"mobile":{"background-color":"var(--ast-global-color-5)","background-image":"","background-repeat":"repeat","background-position":"center center","background-size":"auto","background-attachment":"scroll","background-type":"","background-media":"","overlay-type":"","overlay-color":"","overlay-opacity":"","overlay-gradient":""}},"footnotes":""},"categories":[12,13,15,8,9,61,4],"tags":[],"class_list":["post-39104","post","type-post","status-publish","format-standard","hentry","category-3r","category-4t","category-6e","category-p4","category-p5","category-info-setmanal","category-portada"],"post_mailing_queue_ids":[],"_links":{"self":[{"href":"https:\/\/agora.xtec.cat\/ceipfarigolaclot\/wp-json\/wp\/v2\/posts\/39104","targetHints":{"allow":["GET"]}}],"collection":[{"href":"https:\/\/agora.xtec.cat\/ceipfarigolaclot\/wp-json\/wp\/v2\/posts"}],"about":[{"href":"https:\/\/agora.xtec.cat\/ceipfarigolaclot\/wp-json\/wp\/v2\/types\/post"}],"author":[{"embeddable":true,"href":"https:\/\/agora.xtec.cat\/ceipfarigolaclot\/wp-json\/wp\/v2\/users\/1"}],"replies":[{"embeddable":true,"href":"https:\/\/agora.xtec.cat\/ceipfarigolaclot\/wp-json\/wp\/v2\/comments?post=39104"}],"version-history":[{"count":1,"href":"https:\/\/agora.xtec.cat\/ceipfarigolaclot\/wp-json\/wp\/v2\/posts\/39104\/revisions"}],"predecessor-version":[{"id":39105,"href":"https:\/\/agora.xtec.cat\/ceipfarigolaclot\/wp-json\/wp\/v2\/posts\/39104\/revisions\/39105"}],"wp:attachment":[{"href":"https:\/\/agora.xtec.cat\/ceipfarigolaclot\/wp-json\/wp\/v2\/media?parent=39104"}],"wp:term":[{"taxonomy":"category","embeddable":true,"href":"https:\/\/agora.xtec.cat\/ceipfarigolaclot\/wp-json\/wp\/v2\/categories?post=39104"},{"taxonomy":"post_tag","embeddable":true,"href":"https:\/\/agora.xtec.cat\/ceipfarigolaclot\/wp-json\/wp\/v2\/tags?post=39104"}],"curies":[{"name":"wp","href":"https:\/\/api.w.org\/{rel}","templated":true}]}}