{"id":38909,"date":"2024-05-10T11:56:06","date_gmt":"2024-05-10T09:56:06","guid":{"rendered":"https:\/\/agora.xtec.cat\/ceipfarigolaclot\/?p=38909"},"modified":"2024-05-10T11:57:12","modified_gmt":"2024-05-10T09:57:12","slug":"cicle-mitja-mes-informacio-sobre-les-colonies","status":"publish","type":"post","link":"https:\/\/agora.xtec.cat\/ceipfarigolaclot\/portada\/cicle-mitja-mes-informacio-sobre-les-colonies\/","title":{"rendered":"Cicle mitj\u00e0: m\u00e9s informaci\u00f3 sobre les col\u00f2nies"},"content":{"rendered":"<p>Compartim amb vosaltres m\u00e9s detalls de les col\u00f2nies dels vostres fills i filles.<\/p>\n<p>Com ja sabeu, els infants de 3r i 4t gaudiran d\u2019uns dies al C\u00e0mping del Mar de Malgrat de Mar.<\/p>\n<p>Es tracta d&#8217;un c\u00e0mping petit i familiar on podran gaudir de tota mena d&#8217;activitats l\u00fadiques.<\/p>\n<p>Per les estones de descans els infants estaran instal\u00b7lats en bungalous amb totes les mesures de seguretat vigents i adequades a l&#8217;edat dels infants, entre elles cuina inhabilitada i sense estris a l&#8217;abast.<\/p>\n<p>La distribuci\u00f3 als bungalous els permet tamb\u00e9 potenciar la seva autonomia i refermar els vincles. Els docents estem situats estrat\u00e8gicament per estar a prop dels infants i donar resposta a qualsevol situaci\u00f3. Cal dir tamb\u00e9, que dintre del c\u00e0mping hi ha vigil\u00e0ncia nocturna per garantir que tothom tingui un bon descans i aquells dies serem l\u2019\u00fanica escola gaudint de les seves instal\u00b7lacions.<\/p>\n<p>Fa ja uns cursos que escollim aquesta opci\u00f3 per a les col\u00f2nies de 3r i 4t, ja que ofereix un entorn inigualable on passar uns dies de grup inoblidables. Els infants sempre tenen un gran record d&#8217;aquesta estada.<\/p>\n<p><img loading=\"lazy\" decoding=\"async\" class=\"aligncenter wp-image-38880 size-medium\" src=\"https:\/\/agora.xtec.cat\/ceipfarigolaclot\/wp-content\/uploads\/usu983\/2024\/05\/camping-300x200.jpg\" alt=\"\" width=\"300\" height=\"200\" srcset=\"https:\/\/agora.xtec.cat\/ceipfarigolaclot\/wp-content\/uploads\/usu983\/2024\/05\/camping-300x200.jpg 300w, https:\/\/agora.xtec.cat\/ceipfarigolaclot\/wp-content\/uploads\/usu983\/2024\/05\/camping-768x511.jpg 768w, https:\/\/agora.xtec.cat\/ceipfarigolaclot\/wp-content\/uploads\/usu983\/2024\/05\/camping.jpg 1000w\" sizes=\"auto, (max-width: 300px) 100vw, 300px\" \/><\/p>\n","protected":false},"excerpt":{"rendered":"<p>Compartim amb vosaltres m\u00e9s detalls de les col\u00f2nies dels vostres fills i filles. Com ja sabeu, els infants de 3r [&hellip;]<\/p>\n","protected":false},"author":1,"featured_media":38880,"comment_status":"open","ping_status":"closed","sticky":false,"template":"","format":"standard","meta":{"_bbp_topic_count":0,"_bbp_reply_count":0,"_bbp_total_topic_count":0,"_bbp_total_reply_count":0,"_bbp_voice_count":0,"_bbp_anonymous_reply_count":0,"_bbp_topic_count_hidden":0,"_bbp_reply_count_hidden":0,"_bbp_forum_subforum_count":0,"site-sidebar-layout":"default","site-content-layout":"","ast-site-content-layout":"","site-content-style":"default","site-sidebar-style":"default","ast-global-header-display":"","ast-banner-title-visibility":"","ast-main-header-display":"","ast-hfb-above-header-display":"","ast-hfb-below-header-display":"","ast-hfb-mobile-header-display":"","site-post-title":"","ast-breadcrumbs-content":"","ast-featured-img":"","footer-sml-layout":"","theme-transparent-header-meta":"","adv-header-id-meta":"","stick-header-meta":"","header-above-stick-meta":"","header-main-stick-meta":"","header-below-stick-meta":"","astra-migrate-meta-layouts":"default","ast-page-background-enabled":"default","ast-page-background-meta":{"desktop":{"background-color":"var(--ast-global-color-4)","background-image":"","background-repeat":"repeat","background-position":"center center","background-size":"auto","background-attachment":"scroll","background-type":"","background-media":"","overlay-type":"","overlay-color":"","overlay-opacity":"","overlay-gradient":""},"tablet":{"background-color":"","background-image":"","background-repeat":"repeat","background-position":"center center","background-size":"auto","background-attachment":"scroll","background-type":"","background-media":"","overlay-type":"","overlay-color":"","overlay-opacity":"","overlay-gradient":""},"mobile":{"background-color":"","background-image":"","background-repeat":"repeat","background-position":"center center","background-size":"auto","background-attachment":"scroll","background-type":"","background-media":"","overlay-type":"","overlay-color":"","overlay-opacity":"","overlay-gradient":""}},"ast-content-background-meta":{"desktop":{"background-color":"var(--ast-global-color-5)","background-image":"","background-repeat":"repeat","background-position":"center center","background-size":"auto","background-attachment":"scroll","background-type":"","background-media":"","overlay-type":"","overlay-color":"","overlay-opacity":"","overlay-gradient":""},"tablet":{"background-color":"var(--ast-global-color-5)","background-image":"","background-repeat":"repeat","background-position":"center center","background-size":"auto","background-attachment":"scroll","background-type":"","background-media":"","overlay-type":"","overlay-color":"","overlay-opacity":"","overlay-gradient":""},"mobile":{"background-color":"var(--ast-global-color-5)","background-image":"","background-repeat":"repeat","background-position":"center center","background-size":"auto","background-attachment":"scroll","background-type":"","background-media":"","overlay-type":"","overlay-color":"","overlay-opacity":"","overlay-gradient":""}},"footnotes":""},"categories":[12,13,61,4],"tags":[],"class_list":["post-38909","post","type-post","status-publish","format-standard","has-post-thumbnail","hentry","category-3r","category-4t","category-info-setmanal","category-portada"],"post_mailing_queue_ids":[],"_links":{"self":[{"href":"https:\/\/agora.xtec.cat\/ceipfarigolaclot\/wp-json\/wp\/v2\/posts\/38909","targetHints":{"allow":["GET"]}}],"collection":[{"href":"https:\/\/agora.xtec.cat\/ceipfarigolaclot\/wp-json\/wp\/v2\/posts"}],"about":[{"href":"https:\/\/agora.xtec.cat\/ceipfarigolaclot\/wp-json\/wp\/v2\/types\/post"}],"author":[{"embeddable":true,"href":"https:\/\/agora.xtec.cat\/ceipfarigolaclot\/wp-json\/wp\/v2\/users\/1"}],"replies":[{"embeddable":true,"href":"https:\/\/agora.xtec.cat\/ceipfarigolaclot\/wp-json\/wp\/v2\/comments?post=38909"}],"version-history":[{"count":1,"href":"https:\/\/agora.xtec.cat\/ceipfarigolaclot\/wp-json\/wp\/v2\/posts\/38909\/revisions"}],"predecessor-version":[{"id":38910,"href":"https:\/\/agora.xtec.cat\/ceipfarigolaclot\/wp-json\/wp\/v2\/posts\/38909\/revisions\/38910"}],"wp:featuredmedia":[{"embeddable":true,"href":"https:\/\/agora.xtec.cat\/ceipfarigolaclot\/wp-json\/wp\/v2\/media\/38880"}],"wp:attachment":[{"href":"https:\/\/agora.xtec.cat\/ceipfarigolaclot\/wp-json\/wp\/v2\/media?parent=38909"}],"wp:term":[{"taxonomy":"category","embeddable":true,"href":"https:\/\/agora.xtec.cat\/ceipfarigolaclot\/wp-json\/wp\/v2\/categories?post=38909"},{"taxonomy":"post_tag","embeddable":true,"href":"https:\/\/agora.xtec.cat\/ceipfarigolaclot\/wp-json\/wp\/v2\/tags?post=38909"}],"curies":[{"name":"wp","href":"https:\/\/api.w.org\/{rel}","templated":true}]}}