{"id":37935,"date":"2024-02-23T13:36:00","date_gmt":"2024-02-23T12:36:00","guid":{"rendered":"https:\/\/agora.xtec.cat\/ceipfarigolaclot\/?p=37935"},"modified":"2024-02-23T13:57:54","modified_gmt":"2024-02-23T12:57:54","slug":"sortides-pedagogiques-i-activitats-especials-19","status":"publish","type":"post","link":"https:\/\/agora.xtec.cat\/ceipfarigolaclot\/portada\/sortides-pedagogiques-i-activitats-especials-19\/","title":{"rendered":"Sortides pedag\u00f2giques i activitats especials"},"content":{"rendered":"<p class=\"cvGsUA direction-ltr align-justify para-style-body\"><span class=\"OYPEnA text-decoration-none text-strikethrough-none\"><strong>2n:<\/strong> <\/span><span class=\"OYPEnA text-decoration-none text-strikethrough-none\">el dilluns, 26 de febrer, anirem amb metro a visitar la Casa Batll\u00f3 (<\/span><a class=\"OYPEnA text-decoration-underline text-strikethrough-none\" draggable=\"false\" href=\"https:\/\/maps.app.goo.gl\/QwMC9JmiqsxVQ1Pj6\" target=\"_blank\" rel=\"noopener\">https:\/\/maps.app.goo.gl\/QwMC9JmiqsxVQ1Pj6<\/a><span class=\"OYPEnA text-decoration-none text-strikethrough-none\">). Tornarem a l\u2019escola a l\u2019hora de dinar.<\/span><\/p>\n<p class=\"cvGsUA direction-ltr align-justify para-style-body\"><strong><span class=\"OYPEnA text-decoration-none text-strikethrough-none\">Cicle mitj\u00e0 (3r i 4t): <\/span><\/strong><span class=\"OYPEnA text-decoration-none text-strikethrough-none\">durant el mat\u00ed del dia 29 de febrer, assistirem, com a p\u00fablic, a l\u2019assaig general de l\u2019espectacle \u201cToquem\u201d que representar\u00e0 l\u2019alumnat de 6\u00e8. Hi anirem caminant perqu\u00e8 \u00e9s a La Farinera del Clot (<\/span><a class=\"OYPEnA text-decoration-underline text-strikethrough-none\" draggable=\"false\" href=\"https:\/\/maps.app.goo.gl\/RHgH8ptTwqM3aQQh6\" target=\"_blank\" rel=\"noopener\">https:\/\/maps.app.goo.gl\/RHgH8ptTwqM3aQQh6<\/a><span class=\"OYPEnA text-decoration-none text-strikethrough-none\">).<\/span><\/p>\n<p class=\"cvGsUA direction-ltr align-justify para-style-body\"><span class=\"OYPEnA text-decoration-none text-strikethrough-none\"><strong>3r:<\/strong> <\/span><span class=\"OYPEnA text-decoration-none text-strikethrough-none\">el dimarts, 27 de febrer, agafarem el metro per anar fins al Teatre Romea (<\/span><a class=\"OYPEnA text-decoration-underline text-strikethrough-none\" draggable=\"false\" href=\"https:\/\/maps.app.goo.gl\/2rGRrPzPY3VGNg5d6\" target=\"_blank\" rel=\"noopener\">https:\/\/maps.app.goo.gl\/2rGRrPzPY3VGNg5d6<\/a><span class=\"OYPEnA text-decoration-none text-strikethrough-none\">) i veure l\u2019obra de teatre <\/span><span class=\"OYPEnA text-decoration-none text-strikethrough-none\">\u201cAl\u00edcia al pa\u00eds dels m\u00f2bils\u201d. <\/span><span class=\"OYPEnA text-decoration-none text-strikethrough-none\">L\u2019alumnat que no fa \u00fas del servei de menjador ha de portar el seu dinar de casa.<\/span><\/p>\n<p class=\"cvGsUA direction-ltr align-justify para-style-body\"><strong><span class=\"OYPEnA text-decoration-none text-strikethrough-none\">5\u00e8:<\/span><\/strong><span class=\"OYPEnA text-decoration-none text-strikethrough-none\"> el dia 27 de febrer, dimarts, anirem amb autocar a la Zona d&#8217;Escalada de la Foixarda. Cal dur ampolla d&#8217;aigua, roba i cal\u00e7at esportiu. La tornada a l\u2019escola est\u00e0 prevista per a les 13 h (<\/span><a class=\"OYPEnA text-decoration-underline text-strikethrough-none\" draggable=\"false\" href=\"https:\/\/maps.app.goo.gl\/cLomvigFjLTWmEnS9\" target=\"_blank\" rel=\"noopener\">https:\/\/maps.app.goo.gl\/cLomvigFjLTWmEnS9<\/a><span class=\"OYPEnA text-decoration-none text-strikethrough-none\">)<\/span><\/p>\n<p class=\"cvGsUA direction-ltr align-justify para-style-body\"><strong><span class=\"OYPEnA text-decoration-none text-strikethrough-none\">Cicle superior (5\u00e8 i 6\u00e8): <\/span><\/strong><span class=\"OYPEnA text-decoration-none text-strikethrough-none\">el dijous, 29 de febrer, passarem tot el dia, excepte per dinar, a La Farinera del Clot. Al mat\u00ed farem l\u2019assaig general del nostre espectacle \u201cToquem\u201d. A la tarda farem gaudir a les nostres fam\u00edlies.<\/span><\/p>\n<p class=\"cvGsUA direction-ltr align-justify para-style-body\"><strong><span class=\"OYPEnA text-decoration-none text-strikethrough-none\">6\u00e8:<\/span><\/strong><span class=\"OYPEnA text-decoration-none text-strikethrough-none\"> el dimarts, 27 de febrer, al mat\u00ed visitarem l\u2019Institut Caterina Albert (<\/span><a class=\"OYPEnA text-decoration-underline text-strikethrough-none\" draggable=\"false\" href=\"https:\/\/maps.app.goo.gl\/wyqSK2frjktgCiD1A\" target=\"_blank\" rel=\"noopener\">https:\/\/maps.app.goo.gl\/wyqSK2frjktgCiD1A<\/a><span class=\"OYPEnA text-decoration-none text-strikethrough-none\">). Hi anirem caminant. La visita ens ha de servir per tenir una idea sobre quin centre de secund\u00e0ria ser\u00e0 el m\u00e9s adequat per al curs vinent.<\/span><\/p>\n","protected":false},"excerpt":{"rendered":"<p>2n: el dilluns, 26 de febrer, anirem amb metro a visitar la Casa Batll\u00f3 (https:\/\/maps.app.goo.gl\/QwMC9JmiqsxVQ1Pj6). Tornarem a l\u2019escola a l\u2019hora de dinar.<\/p>\n<p>Cicle mitj\u00e0 (3r i 4t): durant el mat\u00ed del dia 29 de febrer, assistirem, com a p\u00fablic, a l\u2019assaig general de l\u2019espectacle \u201cToquem\u201d que representar\u00e0 l\u2019alumnat de 6\u00e8. Hi anirem caminant perqu\u00e8 \u00e9s a La Farinera del Clot (https:\/\/maps.app.goo.gl\/RHgH8ptTwqM3aQQh6).<\/p>\n","protected":false},"author":1,"featured_media":0,"comment_status":"open","ping_status":"closed","sticky":false,"template":"","format":"standard","meta":{"_bbp_topic_count":0,"_bbp_reply_count":0,"_bbp_total_topic_count":0,"_bbp_total_reply_count":0,"_bbp_voice_count":0,"_bbp_anonymous_reply_count":0,"_bbp_topic_count_hidden":0,"_bbp_reply_count_hidden":0,"_bbp_forum_subforum_count":0,"site-sidebar-layout":"default","site-content-layout":"","ast-site-content-layout":"","site-content-style":"default","site-sidebar-style":"default","ast-global-header-display":"","ast-banner-title-visibility":"","ast-main-header-display":"","ast-hfb-above-header-display":"","ast-hfb-below-header-display":"","ast-hfb-mobile-header-display":"","site-post-title":"","ast-breadcrumbs-content":"","ast-featured-img":"","footer-sml-layout":"","theme-transparent-header-meta":"","adv-header-id-meta":"","stick-header-meta":"","header-above-stick-meta":"","header-main-stick-meta":"","header-below-stick-meta":"","astra-migrate-meta-layouts":"default","ast-page-background-enabled":"default","ast-page-background-meta":{"desktop":{"background-color":"var(--ast-global-color-4)","background-image":"","background-repeat":"repeat","background-position":"center center","background-size":"auto","background-attachment":"scroll","background-type":"","background-media":"","overlay-type":"","overlay-color":"","overlay-opacity":"","overlay-gradient":""},"tablet":{"background-color":"","background-image":"","background-repeat":"repeat","background-position":"center center","background-size":"auto","background-attachment":"scroll","background-type":"","background-media":"","overlay-type":"","overlay-color":"","overlay-opacity":"","overlay-gradient":""},"mobile":{"background-color":"","background-image":"","background-repeat":"repeat","background-position":"center center","background-size":"auto","background-attachment":"scroll","background-type":"","background-media":"","overlay-type":"","overlay-color":"","overlay-opacity":"","overlay-gradient":""}},"ast-content-background-meta":{"desktop":{"background-color":"var(--ast-global-color-5)","background-image":"","background-repeat":"repeat","background-position":"center center","background-size":"auto","background-attachment":"scroll","background-type":"","background-media":"","overlay-type":"","overlay-color":"","overlay-opacity":"","overlay-gradient":""},"tablet":{"background-color":"var(--ast-global-color-5)","background-image":"","background-repeat":"repeat","background-position":"center center","background-size":"auto","background-attachment":"scroll","background-type":"","background-media":"","overlay-type":"","overlay-color":"","overlay-opacity":"","overlay-gradient":""},"mobile":{"background-color":"var(--ast-global-color-5)","background-image":"","background-repeat":"repeat","background-position":"center center","background-size":"auto","background-attachment":"scroll","background-type":"","background-media":"","overlay-type":"","overlay-color":"","overlay-opacity":"","overlay-gradient":""}},"footnotes":""},"categories":[11,12,13,14,15,61,4],"tags":[],"class_list":["post-37935","post","type-post","status-publish","format-standard","hentry","category-2n","category-3r","category-4t","category-5e","category-6e","category-info-setmanal","category-portada"],"post_mailing_queue_ids":[],"_links":{"self":[{"href":"https:\/\/agora.xtec.cat\/ceipfarigolaclot\/wp-json\/wp\/v2\/posts\/37935","targetHints":{"allow":["GET"]}}],"collection":[{"href":"https:\/\/agora.xtec.cat\/ceipfarigolaclot\/wp-json\/wp\/v2\/posts"}],"about":[{"href":"https:\/\/agora.xtec.cat\/ceipfarigolaclot\/wp-json\/wp\/v2\/types\/post"}],"author":[{"embeddable":true,"href":"https:\/\/agora.xtec.cat\/ceipfarigolaclot\/wp-json\/wp\/v2\/users\/1"}],"replies":[{"embeddable":true,"href":"https:\/\/agora.xtec.cat\/ceipfarigolaclot\/wp-json\/wp\/v2\/comments?post=37935"}],"version-history":[{"count":3,"href":"https:\/\/agora.xtec.cat\/ceipfarigolaclot\/wp-json\/wp\/v2\/posts\/37935\/revisions"}],"predecessor-version":[{"id":37958,"href":"https:\/\/agora.xtec.cat\/ceipfarigolaclot\/wp-json\/wp\/v2\/posts\/37935\/revisions\/37958"}],"wp:attachment":[{"href":"https:\/\/agora.xtec.cat\/ceipfarigolaclot\/wp-json\/wp\/v2\/media?parent=37935"}],"wp:term":[{"taxonomy":"category","embeddable":true,"href":"https:\/\/agora.xtec.cat\/ceipfarigolaclot\/wp-json\/wp\/v2\/categories?post=37935"},{"taxonomy":"post_tag","embeddable":true,"href":"https:\/\/agora.xtec.cat\/ceipfarigolaclot\/wp-json\/wp\/v2\/tags?post=37935"}],"curies":[{"name":"wp","href":"https:\/\/api.w.org\/{rel}","templated":true}]}}