{"id":37776,"date":"2024-02-09T13:27:34","date_gmt":"2024-02-09T12:27:34","guid":{"rendered":"https:\/\/agora.xtec.cat\/ceipfarigolaclot\/?p=37776"},"modified":"2024-02-09T13:27:34","modified_gmt":"2024-02-09T12:27:34","slug":"sortides-pedagogiques-i-activitats-especials-17","status":"publish","type":"post","link":"https:\/\/agora.xtec.cat\/ceipfarigolaclot\/portada\/sortides-pedagogiques-i-activitats-especials-17\/","title":{"rendered":"Sortides pedag\u00f2giques i activitats especials"},"content":{"rendered":"<p class=\"cvGsUA direction-ltr align-justify para-style-body\"><span class=\"OYPEnA text-decoration-none text-strikethrough-none\"><strong>I4:<\/strong> <\/span><span class=\"OYPEnA text-decoration-none text-strikethrough-none\">tot coinicidint amb el treball de la baula, el dimecres 14 de febrer, al mat\u00ed, l\u2019alumnat d&#8217;I4 anir\u00e0 amb autocar a la Fundaci\u00f3 Mir\u00f3 de Barcelona (<\/span><a class=\"OYPEnA text-decoration-underline text-strikethrough-none\" draggable=\"false\" href=\"https:\/\/maps.app.goo.gl\/NVu2kwZrhmyGUyvJ7\" target=\"_blank\" rel=\"noopener\">https:\/\/maps.app.goo.gl\/NVu2kwZrhmyGUyvJ7<\/a><span class=\"OYPEnA text-decoration-none text-strikethrough-none\">) per gaudir de la visita guiada<\/span><span class=\"OYPEnA text-decoration-none text-strikethrough-none\"> &#8220;El m\u00f3n de Mir\u00f3&#8221;.<\/span><\/p>\n<p><span class=\"OYPEnA text-decoration-none text-strikethrough-none\"><strong>1r:<\/strong> <\/span><span class=\"OYPEnA text-decoration-none text-strikethrough-none\">el divendres, 16 de febrer visitarem al Casa Batll\u00f3, un s\u00edmbol del Modernisme al bell mig de Barcelona, obra d&#8217;Antoni Gaud\u00ed.(<\/span><a class=\"OYPEnA text-decoration-underline text-strikethrough-none\" draggable=\"false\" href=\"https:\/\/maps.app.goo.gl\/JVL9P1JRY4HaXNzJ6\" target=\"_blank\" rel=\"noopener\">https:\/\/maps.app.goo.gl\/JVL9P1JRY4HaXNzJ6<\/a><span class=\"OYPEnA text-decoration-none text-strikethrough-none\">). Hi anirem en horari matinal, amb metro, per\u00f2 la tornada a l\u2019escola est\u00e0 prevista per a les 12:45 h.<\/span><\/p>\n<p class=\"cvGsUA direction-ltr align-justify para-style-body\"><strong><span class=\"OYPEnA text-decoration-none text-strikethrough-none\">4t: <\/span><\/strong><span class=\"OYPEnA text-decoration-none text-strikethrough-none\">el dijous, dia 15 de febrer, anirem caminant al Centre Moral i Cultural del Poblenou (<\/span><a class=\"OYPEnA text-decoration-underline text-strikethrough-none\" draggable=\"false\" href=\"https:\/\/maps.app.goo.gl\/AuzzfpP1CU4MjZt97\" target=\"_blank\" rel=\"noopener\">https:\/\/maps.app.goo.gl\/AuzzfpP1CU4MjZt97<\/a><span class=\"OYPEnA text-decoration-none text-strikethrough-none\">) per veure una obra de teatre en angl\u00e8s: <\/span><span class=\"OYPEnA text-decoration-none text-strikethrough-none\">Robin Hood.<\/span><span class=\"OYPEnA text-decoration-none text-strikethrough-none\"> Sortida matinal.<\/span><\/p>\n<p class=\"cvGsUA direction-ltr align-justify para-style-body\"><span class=\"OYPEnA text-decoration-none text-strikethrough-none\"><strong>6\u00e8:<\/strong> <\/span><span class=\"OYPEnA text-decoration-none text-strikethrough-none\">el dijous, dia 15 de febrer, anirem caminant al Centre Moral i Cultural del Poblenou (<\/span><a class=\"OYPEnA text-decoration-underline text-strikethrough-none\" draggable=\"false\" href=\"https:\/\/maps.app.goo.gl\/AuzzfpP1CU4MjZt97\" target=\"_blank\" rel=\"noopener\">https:\/\/maps.app.goo.gl\/AuzzfpP1CU4MjZt97<\/a><span class=\"OYPEnA text-decoration-none text-strikethrough-none\">) per veure <\/span><span class=\"OYPEnA text-decoration-none text-strikethrough-none\">Frankenstein,<\/span><span class=\"OYPEnA text-decoration-none text-strikethrough-none\"> obra de teatre en angl\u00e8s. La sortida \u00e9s en horari matinal, per\u00f2 marxarem de l\u2019escola a les 08:45 per arribar-hi ben puntuals. Per tant, us esperem uns minuts abans.<\/span><\/p>\n<p class=\"cvGsUA direction-ltr align-justify para-style-body\">\n","protected":false},"excerpt":{"rendered":"<p>I4: tot coinicidint amb el treball de la baula, el dimecres 14 de febrer, al mat\u00ed, l\u2019alumnat d&#8217;I4 anir\u00e0 amb [&hellip;]<\/p>\n","protected":false},"author":1,"featured_media":0,"comment_status":"open","ping_status":"closed","sticky":false,"template":"","format":"standard","meta":{"_bbp_topic_count":0,"_bbp_reply_count":0,"_bbp_total_topic_count":0,"_bbp_total_reply_count":0,"_bbp_voice_count":0,"_bbp_anonymous_reply_count":0,"_bbp_topic_count_hidden":0,"_bbp_reply_count_hidden":0,"_bbp_forum_subforum_count":0,"site-sidebar-layout":"default","site-content-layout":"","ast-site-content-layout":"","site-content-style":"default","site-sidebar-style":"default","ast-global-header-display":"","ast-banner-title-visibility":"","ast-main-header-display":"","ast-hfb-above-header-display":"","ast-hfb-below-header-display":"","ast-hfb-mobile-header-display":"","site-post-title":"","ast-breadcrumbs-content":"","ast-featured-img":"","footer-sml-layout":"","theme-transparent-header-meta":"","adv-header-id-meta":"","stick-header-meta":"","header-above-stick-meta":"","header-main-stick-meta":"","header-below-stick-meta":"","astra-migrate-meta-layouts":"default","ast-page-background-enabled":"default","ast-page-background-meta":{"desktop":{"background-color":"var(--ast-global-color-4)","background-image":"","background-repeat":"repeat","background-position":"center center","background-size":"auto","background-attachment":"scroll","background-type":"","background-media":"","overlay-type":"","overlay-color":"","overlay-opacity":"","overlay-gradient":""},"tablet":{"background-color":"","background-image":"","background-repeat":"repeat","background-position":"center center","background-size":"auto","background-attachment":"scroll","background-type":"","background-media":"","overlay-type":"","overlay-color":"","overlay-opacity":"","overlay-gradient":""},"mobile":{"background-color":"","background-image":"","background-repeat":"repeat","background-position":"center center","background-size":"auto","background-attachment":"scroll","background-type":"","background-media":"","overlay-type":"","overlay-color":"","overlay-opacity":"","overlay-gradient":""}},"ast-content-background-meta":{"desktop":{"background-color":"var(--ast-global-color-5)","background-image":"","background-repeat":"repeat","background-position":"center center","background-size":"auto","background-attachment":"scroll","background-type":"","background-media":"","overlay-type":"","overlay-color":"","overlay-opacity":"","overlay-gradient":""},"tablet":{"background-color":"var(--ast-global-color-5)","background-image":"","background-repeat":"repeat","background-position":"center center","background-size":"auto","background-attachment":"scroll","background-type":"","background-media":"","overlay-type":"","overlay-color":"","overlay-opacity":"","overlay-gradient":""},"mobile":{"background-color":"var(--ast-global-color-5)","background-image":"","background-repeat":"repeat","background-position":"center center","background-size":"auto","background-attachment":"scroll","background-type":"","background-media":"","overlay-type":"","overlay-color":"","overlay-opacity":"","overlay-gradient":""}},"footnotes":""},"categories":[10,13,15,8,61,4],"tags":[],"class_list":["post-37776","post","type-post","status-publish","format-standard","hentry","category-1r","category-4t","category-6e","category-p4","category-info-setmanal","category-portada"],"post_mailing_queue_ids":[],"_links":{"self":[{"href":"https:\/\/agora.xtec.cat\/ceipfarigolaclot\/wp-json\/wp\/v2\/posts\/37776","targetHints":{"allow":["GET"]}}],"collection":[{"href":"https:\/\/agora.xtec.cat\/ceipfarigolaclot\/wp-json\/wp\/v2\/posts"}],"about":[{"href":"https:\/\/agora.xtec.cat\/ceipfarigolaclot\/wp-json\/wp\/v2\/types\/post"}],"author":[{"embeddable":true,"href":"https:\/\/agora.xtec.cat\/ceipfarigolaclot\/wp-json\/wp\/v2\/users\/1"}],"replies":[{"embeddable":true,"href":"https:\/\/agora.xtec.cat\/ceipfarigolaclot\/wp-json\/wp\/v2\/comments?post=37776"}],"version-history":[{"count":1,"href":"https:\/\/agora.xtec.cat\/ceipfarigolaclot\/wp-json\/wp\/v2\/posts\/37776\/revisions"}],"predecessor-version":[{"id":37777,"href":"https:\/\/agora.xtec.cat\/ceipfarigolaclot\/wp-json\/wp\/v2\/posts\/37776\/revisions\/37777"}],"wp:attachment":[{"href":"https:\/\/agora.xtec.cat\/ceipfarigolaclot\/wp-json\/wp\/v2\/media?parent=37776"}],"wp:term":[{"taxonomy":"category","embeddable":true,"href":"https:\/\/agora.xtec.cat\/ceipfarigolaclot\/wp-json\/wp\/v2\/categories?post=37776"},{"taxonomy":"post_tag","embeddable":true,"href":"https:\/\/agora.xtec.cat\/ceipfarigolaclot\/wp-json\/wp\/v2\/tags?post=37776"}],"curies":[{"name":"wp","href":"https:\/\/api.w.org\/{rel}","templated":true}]}}