{"id":37703,"date":"2024-02-02T13:36:35","date_gmt":"2024-02-02T12:36:35","guid":{"rendered":"https:\/\/agora.xtec.cat\/ceipfarigolaclot\/?p=37703"},"modified":"2024-02-02T13:36:35","modified_gmt":"2024-02-02T12:36:35","slug":"escola-setmana-de-la-salut-digital","status":"publish","type":"post","link":"https:\/\/agora.xtec.cat\/ceipfarigolaclot\/portada\/escola-setmana-de-la-salut-digital\/","title":{"rendered":"Escola: setmana de la Salut Digital"},"content":{"rendered":"<p class=\"cvGsUA direction-ltr align-justify para-style-body\"><span class=\"OYPEnA text-decoration-none text-strikethrough-none\">Com ja us vam avan\u00e7ar, del dilluns 22 al dilluns 29 de gener hem celebrat amb l\u2019alumnat de prim\u00e0ria la setmana de la salut digital a l\u2019escola.<\/span><\/p>\n<p class=\"cvGsUA direction-ltr align-justify para-style-body\"><span class=\"OYPEnA text-decoration-none text-strikethrough-none\">L\u2019objectiu era reflexionar sobre alguns aspectes relacionats amb la tecnologia i l\u2019\u00fas dels dispositius que hem de tenir en compte per vetllar per la salut i la seguretat.<\/span><\/p>\n<p class=\"cvGsUA direction-ltr align-justify para-style-body\"><span class=\"OYPEnA text-decoration-none text-strikethrough-none\">Hi hem dedicat els deu primers minuts del dia a aquesta activitat. Ara compartim amb vosaltres els objectius i els v\u00eddeos que ens han perm\u00e8s establir un f\u00f2rum de di\u00e0leg a cada aula.<\/span><\/p>\n<p class=\"cvGsUA direction-ltr align-justify para-style-body\"><span class=\"OYPEnA text-decoration-none text-strikethrough-none\">1. Conscienciar sobre els perjudicis per a la salut d&#8217;un \u00fas intensiu de les pantalles.<\/span><\/p>\n<ul>\n<li><span class=\"OYPEnA text-decoration-none text-strikethrough-none\">De 1r a 3r: <\/span><a class=\"OYPEnA text-decoration-underline text-strikethrough-none\" draggable=\"false\" href=\"https:\/\/www.youtube.com\/watch?v=XImxO2EpGNw\" target=\"_blank\" rel=\"noopener\">V\u00eddeo 1<\/a><span class=\"OYPEnA text-decoration-none text-strikethrough-none\"> | <\/span><a class=\"OYPEnA text-decoration-underline text-strikethrough-none\" draggable=\"false\" href=\"https:\/\/www.youtube.com\/watch?v=ZO3Bo6vAcQA\" target=\"_blank\" rel=\"noopener\">V\u00eddeo 2<\/a><\/li>\n<li><span class=\"OYPEnA text-decoration-none text-strikethrough-none\">De 4t a 6\u00e8:<\/span> <a class=\"OYPEnA text-decoration-underline text-strikethrough-none\" draggable=\"false\" href=\"https:\/\/www.youtube.com\/watch?v=1ln9lnTYsvs&amp;t=26s\" target=\"_blank\" rel=\"noopener\">V\u00eddeo<\/a><\/li>\n<\/ul>\n<p class=\"cvGsUA direction-ltr align-justify para-style-body\"><span class=\"OYPEnA text-decoration-none text-strikethrough-none\">2. Sensibilitzar l&#8217;alumnat de la import\u00e0ncia de l&#8217;ergonomia en l&#8217;\u00fas de les tecnologies digitals.<\/span><\/p>\n<ul>\n<li><span class=\"OYPEnA text-decoration-none text-strikethrough-none\">De 1r a 3r: <\/span><a class=\"OYPEnA text-decoration-underline text-strikethrough-none\" draggable=\"false\" href=\"https:\/\/www.youtube.com\/watch?v=dYO1CAfDfog&amp;ab_channel=PantallasAmigas\" target=\"_blank\" rel=\"noopener\">V\u00eddeo<\/a><\/li>\n<li><span class=\"OYPEnA text-decoration-none text-strikethrough-none\">De 4t a 6\u00e8: <\/span><a class=\"OYPEnA text-decoration-underline text-strikethrough-none\" draggable=\"false\" href=\"https:\/\/www.youtube.com\/watch?v=s7QAGK_wq5s\" target=\"_blank\" rel=\"noopener\">V\u00eddeo<\/a><\/li>\n<\/ul>\n<p class=\"cvGsUA direction-ltr align-justify para-style-body\"><span class=\"OYPEnA text-decoration-none text-strikethrough-none\">3. Reflexionar sobre actituds \u00e8tiques en l&#8217;\u00fas de les tecnologies.<\/span><\/p>\n<ul>\n<li><span class=\"OYPEnA text-decoration-none text-strikethrough-none\">De 1r a 3r: <\/span><a class=\"OYPEnA text-decoration-underline text-strikethrough-none\" draggable=\"false\" href=\"https:\/\/www.youtube.com\/watch?v=KYjwVEGCnjM\" target=\"_blank\" rel=\"noopener\">V\u00eddeo<\/a><\/li>\n<li><span class=\"OYPEnA text-decoration-none text-strikethrough-none\">De 4t a 6\u00e8: <\/span><a class=\"OYPEnA text-decoration-underline text-strikethrough-none\" draggable=\"false\" href=\"https:\/\/www.youtube.com\/watch?v=SeVzpfolBw8&amp;ab_channel=PantallasAmigas\" target=\"_blank\" rel=\"noopener\">V\u00eddeo<\/a><\/li>\n<\/ul>\n<p class=\"cvGsUA direction-ltr align-justify para-style-body\"><span class=\"OYPEnA text-decoration-none text-strikethrough-none\">4. Conscienciar sobre la import\u00e0ncia de mantenir la privacitat de contrasenyes i dels continguts compartits a la xarxa.<\/span><\/p>\n<ul>\n<li><span class=\"OYPEnA text-decoration-none text-strikethrough-none\">De 1r a 3r: <\/span><a class=\"OYPEnA text-decoration-underline text-strikethrough-none\" draggable=\"false\" href=\"https:\/\/www.youtube.com\/watch?v=xtninu3tWAI&amp;ab_channel=SmileandLearn-Catal%C3%A0\" target=\"_blank\" rel=\"noopener\">V\u00eddeo<\/a><\/li>\n<li><span class=\"OYPEnA text-decoration-none text-strikethrough-none\">De 4t a 6\u00e8: <\/span><a class=\"OYPEnA text-decoration-underline text-strikethrough-none\" draggable=\"false\" href=\"https:\/\/www.youtube.com\/watch?v=CXmjnNoDrTI&amp;ab_channel=UNICEF%23educaDerechos\" target=\"_blank\" rel=\"noopener\">V\u00eddeo<\/a><span class=\"OYPEnA text-decoration-none text-strikethrough-none\"> | <\/span><a class=\"OYPEnA text-decoration-underline text-strikethrough-none\" draggable=\"false\" href=\"https:\/\/www.youtube.com\/watch?v=cojLhNcBdBU&amp;ab_channel=OrangeEspa%C3%B1a\" target=\"_blank\" rel=\"noopener\">V\u00eddeo<\/a><\/li>\n<\/ul>\n<p class=\"cvGsUA direction-ltr align-justify para-style-body\"><span class=\"OYPEnA text-decoration-none text-strikethrough-none\">5. Diferenciar entre amistats i coneguts o contactes d&#8217;Internet<\/span><\/p>\n<ul>\n<li><span class=\"OYPEnA text-decoration-none text-strikethrough-none\">De 1r a 3r: <\/span><a class=\"OYPEnA text-decoration-underline text-strikethrough-none\" draggable=\"false\" href=\"https:\/\/www.youtube.com\/watch?v=i_92-NovRT0\" target=\"_blank\" rel=\"noopener\">V\u00eddeo<\/a><\/li>\n<li><span class=\"OYPEnA text-decoration-none text-strikethrough-none\">De 4t a 6\u00e8: <\/span><a class=\"OYPEnA text-decoration-underline text-strikethrough-none\" draggable=\"false\" href=\"https:\/\/www.youtube.com\/watch?v=VGCIF8x_bWU\" target=\"_blank\" rel=\"noopener\">V\u00eddeo<\/a><\/li>\n<\/ul>\n<p class=\"cvGsUA direction-ltr align-justify para-style-body\"><span class=\"OYPEnA text-decoration-none text-strikethrough-none\">6. Sensibilitzar l\u2019alumnat de la import\u00e0ncia de tenir cura d&#8217;una identitat digital personal correcta i de vetllar per l&#8217;empremta digital d\u2019un mateix.<\/span><\/p>\n<ul>\n<li><span class=\"OYPEnA text-decoration-none text-strikethrough-none\">De 1r a 3r: <\/span><a class=\"OYPEnA text-decoration-underline text-strikethrough-none\" draggable=\"false\" href=\"https:\/\/www.youtube.com\/watch?v=c3brNGQqzWM&amp;ab_channel=CommonSenseLatino\" target=\"_blank\" rel=\"noopener\">V\u00eddeo<\/a><\/li>\n<li><span class=\"OYPEnA text-decoration-none text-strikethrough-none\">De 4t a 6\u00e8: <\/span><a class=\"OYPEnA text-decoration-underline text-strikethrough-none\" draggable=\"false\" href=\"https:\/\/www.youtube.com\/watch?v=JgjeUoP8BhM&amp;ab_channel=Fundaci%C3%B3nPaniamor\" target=\"_blank\" rel=\"noopener\">V\u00eddeo<\/a><\/li>\n<\/ul>\n<p><img loading=\"lazy\" decoding=\"async\" class=\"aligncenter wp-image-37441 \" src=\"https:\/\/agora.xtec.cat\/ceipfarigolaclot\/wp-content\/uploads\/usu983\/2024\/01\/salut-digital-e1705663808625-300x110.jpg\" alt=\"\" width=\"385\" height=\"141\" srcset=\"https:\/\/agora.xtec.cat\/ceipfarigolaclot\/wp-content\/uploads\/usu983\/2024\/01\/salut-digital-e1705663808625-300x110.jpg 300w, https:\/\/agora.xtec.cat\/ceipfarigolaclot\/wp-content\/uploads\/usu983\/2024\/01\/salut-digital-e1705663808625-1024x376.jpg 1024w, https:\/\/agora.xtec.cat\/ceipfarigolaclot\/wp-content\/uploads\/usu983\/2024\/01\/salut-digital-e1705663808625-768x282.jpg 768w, https:\/\/agora.xtec.cat\/ceipfarigolaclot\/wp-content\/uploads\/usu983\/2024\/01\/salut-digital-e1705663808625.jpg 1537w\" sizes=\"auto, (max-width: 385px) 100vw, 385px\" \/><\/p>\n","protected":false},"excerpt":{"rendered":"<p>Com ja us vam avan\u00e7ar, del dilluns 22 al dilluns 29 de gener hem celebrat amb l\u2019alumnat de prim\u00e0ria la [&hellip;]<\/p>\n","protected":false},"author":1,"featured_media":37441,"comment_status":"open","ping_status":"closed","sticky":false,"template":"","format":"standard","meta":{"_bbp_topic_count":0,"_bbp_reply_count":0,"_bbp_total_topic_count":0,"_bbp_total_reply_count":0,"_bbp_voice_count":0,"_bbp_anonymous_reply_count":0,"_bbp_topic_count_hidden":0,"_bbp_reply_count_hidden":0,"_bbp_forum_subforum_count":0,"site-sidebar-layout":"default","site-content-layout":"","ast-site-content-layout":"","site-content-style":"default","site-sidebar-style":"default","ast-global-header-display":"","ast-banner-title-visibility":"","ast-main-header-display":"","ast-hfb-above-header-display":"","ast-hfb-below-header-display":"","ast-hfb-mobile-header-display":"","site-post-title":"","ast-breadcrumbs-content":"","ast-featured-img":"","footer-sml-layout":"","theme-transparent-header-meta":"","adv-header-id-meta":"","stick-header-meta":"","header-above-stick-meta":"","header-main-stick-meta":"","header-below-stick-meta":"","astra-migrate-meta-layouts":"default","ast-page-background-enabled":"default","ast-page-background-meta":{"desktop":{"background-color":"var(--ast-global-color-4)","background-image":"","background-repeat":"repeat","background-position":"center center","background-size":"auto","background-attachment":"scroll","background-type":"","background-media":"","overlay-type":"","overlay-color":"","overlay-opacity":"","overlay-gradient":""},"tablet":{"background-color":"","background-image":"","background-repeat":"repeat","background-position":"center center","background-size":"auto","background-attachment":"scroll","background-type":"","background-media":"","overlay-type":"","overlay-color":"","overlay-opacity":"","overlay-gradient":""},"mobile":{"background-color":"","background-image":"","background-repeat":"repeat","background-position":"center center","background-size":"auto","background-attachment":"scroll","background-type":"","background-media":"","overlay-type":"","overlay-color":"","overlay-opacity":"","overlay-gradient":""}},"ast-content-background-meta":{"desktop":{"background-color":"var(--ast-global-color-5)","background-image":"","background-repeat":"repeat","background-position":"center center","background-size":"auto","background-attachment":"scroll","background-type":"","background-media":"","overlay-type":"","overlay-color":"","overlay-opacity":"","overlay-gradient":""},"tablet":{"background-color":"var(--ast-global-color-5)","background-image":"","background-repeat":"repeat","background-position":"center center","background-size":"auto","background-attachment":"scroll","background-type":"","background-media":"","overlay-type":"","overlay-color":"","overlay-opacity":"","overlay-gradient":""},"mobile":{"background-color":"var(--ast-global-color-5)","background-image":"","background-repeat":"repeat","background-position":"center center","background-size":"auto","background-attachment":"scroll","background-type":"","background-media":"","overlay-type":"","overlay-color":"","overlay-opacity":"","overlay-gradient":""}},"footnotes":""},"categories":[10,11,12,13,14,15,61,4,5],"tags":[],"class_list":["post-37703","post","type-post","status-publish","format-standard","has-post-thumbnail","hentry","category-1r","category-2n","category-3r","category-4t","category-5e","category-6e","category-info-setmanal","category-portada","category-primaria"],"post_mailing_queue_ids":[],"_links":{"self":[{"href":"https:\/\/agora.xtec.cat\/ceipfarigolaclot\/wp-json\/wp\/v2\/posts\/37703","targetHints":{"allow":["GET"]}}],"collection":[{"href":"https:\/\/agora.xtec.cat\/ceipfarigolaclot\/wp-json\/wp\/v2\/posts"}],"about":[{"href":"https:\/\/agora.xtec.cat\/ceipfarigolaclot\/wp-json\/wp\/v2\/types\/post"}],"author":[{"embeddable":true,"href":"https:\/\/agora.xtec.cat\/ceipfarigolaclot\/wp-json\/wp\/v2\/users\/1"}],"replies":[{"embeddable":true,"href":"https:\/\/agora.xtec.cat\/ceipfarigolaclot\/wp-json\/wp\/v2\/comments?post=37703"}],"version-history":[{"count":1,"href":"https:\/\/agora.xtec.cat\/ceipfarigolaclot\/wp-json\/wp\/v2\/posts\/37703\/revisions"}],"predecessor-version":[{"id":37704,"href":"https:\/\/agora.xtec.cat\/ceipfarigolaclot\/wp-json\/wp\/v2\/posts\/37703\/revisions\/37704"}],"wp:featuredmedia":[{"embeddable":true,"href":"https:\/\/agora.xtec.cat\/ceipfarigolaclot\/wp-json\/wp\/v2\/media\/37441"}],"wp:attachment":[{"href":"https:\/\/agora.xtec.cat\/ceipfarigolaclot\/wp-json\/wp\/v2\/media?parent=37703"}],"wp:term":[{"taxonomy":"category","embeddable":true,"href":"https:\/\/agora.xtec.cat\/ceipfarigolaclot\/wp-json\/wp\/v2\/categories?post=37703"},{"taxonomy":"post_tag","embeddable":true,"href":"https:\/\/agora.xtec.cat\/ceipfarigolaclot\/wp-json\/wp\/v2\/tags?post=37703"}],"curies":[{"name":"wp","href":"https:\/\/api.w.org\/{rel}","templated":true}]}}