{"id":37681,"date":"2024-02-02T12:28:58","date_gmt":"2024-02-02T11:28:58","guid":{"rendered":"https:\/\/agora.xtec.cat\/ceipfarigolaclot\/?p=37681"},"modified":"2024-02-02T12:28:58","modified_gmt":"2024-02-02T11:28:58","slug":"sortides-pedagogiques-i-activitats-especials-16","status":"publish","type":"post","link":"https:\/\/agora.xtec.cat\/ceipfarigolaclot\/portada\/sortides-pedagogiques-i-activitats-especials-16\/","title":{"rendered":"Sortides pedag\u00f2giques i activitats especials"},"content":{"rendered":"<p class=\"cvGsUA direction-ltr align-justify para-style-body\"><strong><span class=\"OYPEnA text-decoration-none text-strikethrough-none\">I5: <\/span><\/strong><span class=\"OYPEnA text-decoration-none text-strikethrough-none\">quan sigui dijous, 8 de febrer, anirem caminant fins al Museu de Can Framis (<\/span><a class=\"OYPEnA text-decoration-underline text-strikethrough-none\" draggable=\"false\" href=\"https:\/\/maps.app.goo.gl\/6w4s3cwn5fjz39tf7\" target=\"_blank\" rel=\"noopener\">https:\/\/maps.app.goo.gl\/6w4s3cwn5fjz39tf7<\/a><span class=\"OYPEnA text-decoration-none text-strikethrough-none\">) per a realitzar l\u2019activitat &#8220;Acci\u00f3 i color&#8221;. A l\u2019hora de dinar, ja haurem tornat a l\u2019escola.<\/span><\/p>\n<p class=\"cvGsUA direction-ltr align-justify para-style-body\"><span class=\"OYPEnA text-decoration-none text-strikethrough-none\"><strong>1r:<\/strong> <\/span><span class=\"OYPEnA text-decoration-none text-strikethrough-none\">el dimecres, dia 7 de febrer, agafarem el metro per anar tot el dia a l\u2019Aqu\u00e0rium<\/span> <span class=\"OYPEnA text-decoration-none text-strikethrough-none\">(https:\/\/maps.app.goo.gl\/pos5twJwcx4gHWbn7) de Barcelona.<\/span><\/p>\n<p class=\"cvGsUA direction-ltr align-justify para-style-body\"><span class=\"OYPEnA text-decoration-none text-strikethrough-none\"><strong>2n:<\/strong> <\/span><span class=\"OYPEnA text-decoration-none text-strikethrough-none\">el dilluns, 5 de febrer, anirem amb autocar al Park G\u00fcell de Barcelona (<\/span><a class=\"OYPEnA text-decoration-underline text-strikethrough-none\" draggable=\"false\" href=\"https:\/\/maps.app.goo.gl\/7M6vZt9TPK96Wv2J6\" target=\"_blank\" rel=\"noopener\">https:\/\/maps.app.goo.gl\/7M6vZt9TPK96Wv2J6<\/a><span class=\"OYPEnA text-decoration-none text-strikethrough-none\">). \u00c9s una sortida de tot el dia per con\u00e8ixer m\u00e9s a fons l\u2019obra d\u2019Antoni Gaud\u00ed.<\/span><\/p>\n<p class=\"cvGsUA direction-ltr align-justify para-style-body\"><span class=\"OYPEnA text-decoration-none text-strikethrough-none\"><strong>5\u00e8:<\/strong> <\/span><span class=\"OYPEnA text-decoration-none text-strikethrough-none\">el dilluns, 5 de febrer (5\u00e8 B) i el dimecres, 7 de febrer (5\u00e8 A) gaudir\u00e0 del taller &#8220;Magic Brains&#8221; de neuroci\u00e8ncia. En aquest taller, mitjan\u00e7ant trucs de m\u00e0gia i il\u00b7lusions, demostrar\u00e0 com els mags s\u00f3n, en realitat, uns \u201chackers\u201d del cervell i veurem fins a quin punt poden conviure art i neuroci\u00e8ncia. \u00c9s una activitat matinal a l\u2019escola.<\/span><\/p>\n<p class=\"cvGsUA direction-ltr align-justify para-style-body\"><strong><span class=\"OYPEnA text-decoration-none text-strikethrough-none\">6\u00e8:<\/span><\/strong><span class=\"OYPEnA text-decoration-none text-strikethrough-none\"> \u201cLa m\u00fasica i el so\u201d \u00e9s el t\u00edtol de l\u2019activitat que l\u2019alumnat de 6\u00e8 gaudir\u00e0 la setmana vinent al CaixaF\u00f2rum. Dilluns ser\u00e0 el torn de 6\u00e8 A i dijous, dia 8, tocar\u00e0 a 6\u00e8 B. \u00c9s una activitat matinal. Hi anirem amb metro. (<\/span><a class=\"OYPEnA text-decoration-underline text-strikethrough-none\" draggable=\"false\" href=\"https:\/\/maps.app.goo.gl\/yrFzGuU5xgYQ24LMA\" target=\"_blank\" rel=\"noopener\">https:\/\/maps.app.goo.gl\/yrFzGuU5xgYQ24LMA<\/a><span class=\"OYPEnA text-decoration-none text-strikethrough-none\">)<\/span><\/p>\n<p class=\"cvGsUA direction-ltr align-justify para-style-body\"><strong><span class=\"OYPEnA text-decoration-none text-strikethrough-none\">Tota l\u2019escola: <\/span><\/strong><span class=\"OYPEnA text-decoration-none text-strikethrough-none\">el divendres, 9 de febrer, tots els farigolins i les farigolines sortirem de l\u2019escola per lluir les nostres disfresses pels carrers del barri. La sortida est\u00e0 prevista per a les 15:15 h. Us ho perdreu? Us esperem!<\/span><\/p>\n","protected":false},"excerpt":{"rendered":"<p>La setmana vinent tamb\u00e9 ser\u00e0 molt activa, pel que fa a sortides pedag\u00f2giques i activitats escpecials a l&#8217;escola.<\/p>\n<p>Consulteu el detall dels esdeveniments previstos ampliant aquest article.<\/p>\n","protected":false},"author":1,"featured_media":0,"comment_status":"open","ping_status":"closed","sticky":false,"template":"","format":"standard","meta":{"_bbp_topic_count":0,"_bbp_reply_count":0,"_bbp_total_topic_count":0,"_bbp_total_reply_count":0,"_bbp_voice_count":0,"_bbp_anonymous_reply_count":0,"_bbp_topic_count_hidden":0,"_bbp_reply_count_hidden":0,"_bbp_forum_subforum_count":0,"site-sidebar-layout":"default","site-content-layout":"","ast-site-content-layout":"","site-content-style":"default","site-sidebar-style":"default","ast-global-header-display":"","ast-banner-title-visibility":"","ast-main-header-display":"","ast-hfb-above-header-display":"","ast-hfb-below-header-display":"","ast-hfb-mobile-header-display":"","site-post-title":"","ast-breadcrumbs-content":"","ast-featured-img":"","footer-sml-layout":"","theme-transparent-header-meta":"","adv-header-id-meta":"","stick-header-meta":"","header-above-stick-meta":"","header-main-stick-meta":"","header-below-stick-meta":"","astra-migrate-meta-layouts":"default","ast-page-background-enabled":"default","ast-page-background-meta":{"desktop":{"background-color":"var(--ast-global-color-4)","background-image":"","background-repeat":"repeat","background-position":"center center","background-size":"auto","background-attachment":"scroll","background-type":"","background-media":"","overlay-type":"","overlay-color":"","overlay-opacity":"","overlay-gradient":""},"tablet":{"background-color":"","background-image":"","background-repeat":"repeat","background-position":"center center","background-size":"auto","background-attachment":"scroll","background-type":"","background-media":"","overlay-type":"","overlay-color":"","overlay-opacity":"","overlay-gradient":""},"mobile":{"background-color":"","background-image":"","background-repeat":"repeat","background-position":"center center","background-size":"auto","background-attachment":"scroll","background-type":"","background-media":"","overlay-type":"","overlay-color":"","overlay-opacity":"","overlay-gradient":""}},"ast-content-background-meta":{"desktop":{"background-color":"var(--ast-global-color-5)","background-image":"","background-repeat":"repeat","background-position":"center center","background-size":"auto","background-attachment":"scroll","background-type":"","background-media":"","overlay-type":"","overlay-color":"","overlay-opacity":"","overlay-gradient":""},"tablet":{"background-color":"var(--ast-global-color-5)","background-image":"","background-repeat":"repeat","background-position":"center center","background-size":"auto","background-attachment":"scroll","background-type":"","background-media":"","overlay-type":"","overlay-color":"","overlay-opacity":"","overlay-gradient":""},"mobile":{"background-color":"var(--ast-global-color-5)","background-image":"","background-repeat":"repeat","background-position":"center center","background-size":"auto","background-attachment":"scroll","background-type":"","background-media":"","overlay-type":"","overlay-color":"","overlay-opacity":"","overlay-gradient":""}},"footnotes":""},"categories":[61,4],"tags":[],"class_list":["post-37681","post","type-post","status-publish","format-standard","hentry","category-info-setmanal","category-portada"],"post_mailing_queue_ids":[],"_links":{"self":[{"href":"https:\/\/agora.xtec.cat\/ceipfarigolaclot\/wp-json\/wp\/v2\/posts\/37681","targetHints":{"allow":["GET"]}}],"collection":[{"href":"https:\/\/agora.xtec.cat\/ceipfarigolaclot\/wp-json\/wp\/v2\/posts"}],"about":[{"href":"https:\/\/agora.xtec.cat\/ceipfarigolaclot\/wp-json\/wp\/v2\/types\/post"}],"author":[{"embeddable":true,"href":"https:\/\/agora.xtec.cat\/ceipfarigolaclot\/wp-json\/wp\/v2\/users\/1"}],"replies":[{"embeddable":true,"href":"https:\/\/agora.xtec.cat\/ceipfarigolaclot\/wp-json\/wp\/v2\/comments?post=37681"}],"version-history":[{"count":1,"href":"https:\/\/agora.xtec.cat\/ceipfarigolaclot\/wp-json\/wp\/v2\/posts\/37681\/revisions"}],"predecessor-version":[{"id":37682,"href":"https:\/\/agora.xtec.cat\/ceipfarigolaclot\/wp-json\/wp\/v2\/posts\/37681\/revisions\/37682"}],"wp:attachment":[{"href":"https:\/\/agora.xtec.cat\/ceipfarigolaclot\/wp-json\/wp\/v2\/media?parent=37681"}],"wp:term":[{"taxonomy":"category","embeddable":true,"href":"https:\/\/agora.xtec.cat\/ceipfarigolaclot\/wp-json\/wp\/v2\/categories?post=37681"},{"taxonomy":"post_tag","embeddable":true,"href":"https:\/\/agora.xtec.cat\/ceipfarigolaclot\/wp-json\/wp\/v2\/tags?post=37681"}],"curies":[{"name":"wp","href":"https:\/\/api.w.org\/{rel}","templated":true}]}}