{"id":37364,"date":"2024-01-12T11:30:41","date_gmt":"2024-01-12T10:30:41","guid":{"rendered":"https:\/\/agora.xtec.cat\/ceipfarigolaclot\/?p=37364"},"modified":"2024-01-11T23:00:18","modified_gmt":"2024-01-11T22:00:18","slug":"educacio-infantil-comencen-els-tallers-amb-families","status":"publish","type":"post","link":"https:\/\/agora.xtec.cat\/ceipfarigolaclot\/infantil\/educacio-infantil-comencen-els-tallers-amb-families\/","title":{"rendered":"Educaci\u00f3 infantil: comencen els tallers amb fam\u00edlies"},"content":{"rendered":"<p class=\"cvGsUA direction-ltr align-justify para-style-body\"><span class=\"OYPEnA text-decoration-none text-strikethrough-none\">Com ja us vam comentar a les reunions d\u2019inici de curs, durant les pr\u00f2ximes 9 setmanes, els vostres fills i filles dedicaran la tarda dels dijous als tallers internivell en els quals es barregen nens i nenes dels diferents cursos (I3, I4 i I5).<\/span><\/p>\n<p class=\"cvGsUA direction-ltr align-justify para-style-body\"><span class=\"OYPEnA text-decoration-none text-strikethrough-none\">Farem nou grups rotatius de 15 nens\/es aproximadament, de manera que tots els infants passaran per tots els tallers.<\/span><\/p>\n<p class=\"cvGsUA direction-ltr align-justify para-style-body\"><span class=\"OYPEnA text-decoration-none text-strikethrough-none\">L\u2019organitzaci\u00f3 dels tallers es fa en grups heterogenis pel que fa a edat, interessos i necessitats especials, afavorint la interacci\u00f3, cooperaci\u00f3 i col\u00b7laboraci\u00f3 entre infants, afavorint les relacions d\u2019ajuda m\u00fatua.<\/span><\/p>\n<p class=\"cvGsUA direction-ltr align-justify para-style-body\"><span class=\"OYPEnA text-decoration-none text-strikethrough-none\">Per altra banda, dir-vos que els tallers es duran a terme amb la col\u00b7laboraci\u00f3 de les fam\u00edlies que es van presentar volunt\u00e0ries a les quals agra\u00efm el seu oferiment.*<\/span><\/p>\n<p class=\"cvGsUA direction-ltr align-justify para-style-body\"><span class=\"OYPEnA text-decoration-none text-strikethrough-none\">Aquest curs els tallers seran els seg\u00fcents:<\/span><\/p>\n<ul>\n<li><span class=\"OYPEnA text-decoration-none text-strikethrough-none\">Natura (Estela): Aula I5 B<\/span><\/li>\n<li><span class=\"OYPEnA text-decoration-none text-strikethrough-none\">Art\u00edstic (Marta): Aula I3 B<\/span><\/li>\n<li><span class=\"OYPEnA text-decoration-none text-strikethrough-none\">Digital (Carla): Aula I4 B<\/span><\/li>\n<li><span class=\"OYPEnA text-decoration-none text-strikethrough-none\">Moviment (Raquel\/Carme): Sala de Psicomotricitat<\/span><\/li>\n<li><span class=\"OYPEnA text-decoration-none text-strikethrough-none\">Experiments (Remei): Aula I5 C<\/span><\/li>\n<li><span class=\"OYPEnA text-decoration-none text-strikethrough-none\">Geometria (Gemma): Aula I3 A<\/span><\/li>\n<li><span class=\"OYPEnA text-decoration-none text-strikethrough-none\">Games (Laia ): Pati infantil<\/span><\/li>\n<li><span class=\"OYPEnA text-decoration-none text-strikethrough-none\">Llum (Pilar): Aula fosca<\/span><\/li>\n<li><span class=\"OYPEnA text-decoration-none text-strikethrough-none\">Jocs de taula (Jessica): I4 A<\/span><\/li>\n<\/ul>\n<p class=\"cvGsUA direction-ltr align-justify para-style-body\"><span class=\"OYPEnA text-decoration-none text-strikethrough-none\">Aquests tallers s\u00f3n de tem\u00e0tiques diferents, afavorint la interdisciplinarietat, tenint en compte \u00e0mbits diversos, com ara l&#8217;\u00e0mbit emocional, l&#8217;art\u00edstic, d&#8217;experimentaci\u00f3, el tecnol\u00f2gic i el matem\u00e0tic. Finalment, cal dir que el taller \u201cGames\u201d es far\u00e0 conjuntament en llengua anglesa.<\/span><\/p>\n<p class=\"cvGsUA direction-ltr align-justify para-style-body\"><span class=\"OYPEnA text-decoration-none text-strikethrough-none\">Esperem que els infants d&#8217;Infantil gaudeixin molt de l&#8217;experi\u00e8ncia!<\/span><\/p>\n<p class=\"cvGsUA direction-ltr align-end para-style-body\" style=\"text-align: right;\"><em><span class=\"OYPEnA text-decoration-none text-strikethrough-none\">Equip pedag\u00f2gic d\u2019Educaci\u00f3 Infantil<\/span><\/em><\/p>\n<p><img loading=\"lazy\" decoding=\"async\" class=\"aligncenter wp-image-37334 size-medium\" src=\"https:\/\/agora.xtec.cat\/ceipfarigolaclot\/wp-content\/uploads\/usu983\/2024\/01\/EI-Tallers-212x300.jpg\" alt=\"\" width=\"212\" height=\"300\" srcset=\"https:\/\/agora.xtec.cat\/ceipfarigolaclot\/wp-content\/uploads\/usu983\/2024\/01\/EI-Tallers-212x300.jpg 212w, https:\/\/agora.xtec.cat\/ceipfarigolaclot\/wp-content\/uploads\/usu983\/2024\/01\/EI-Tallers.jpg 724w\" sizes=\"auto, (max-width: 212px) 100vw, 212px\" \/><\/p>\n<pre class=\"cvGsUA direction-ltr align-justify para-style-body\"><em><span class=\"OYPEnA text-decoration-none text-strikethrough-none\">*Les fam\u00edlies que hi col\u00b7laboreu rebreu amb una setmana d'antelaci\u00f3 un correu electr\u00f2nic. Recordeu que entrareu a les 15h per la porta d'educaci\u00f3 infantil.<\/span><\/em><\/pre>\n","protected":false},"excerpt":{"rendered":"<p>Com ja us vam comentar a les reunions d\u2019inici de curs, durant les pr\u00f2ximes 9 setmanes, els vostres fills i [&hellip;]<\/p>\n","protected":false},"author":1,"featured_media":37334,"comment_status":"open","ping_status":"closed","sticky":false,"template":"","format":"standard","meta":{"_bbp_topic_count":0,"_bbp_reply_count":0,"_bbp_total_topic_count":0,"_bbp_total_reply_count":0,"_bbp_voice_count":0,"_bbp_anonymous_reply_count":0,"_bbp_topic_count_hidden":0,"_bbp_reply_count_hidden":0,"_bbp_forum_subforum_count":0,"site-sidebar-layout":"default","site-content-layout":"","ast-site-content-layout":"","site-content-style":"default","site-sidebar-style":"default","ast-global-header-display":"","ast-banner-title-visibility":"","ast-main-header-display":"","ast-hfb-above-header-display":"","ast-hfb-below-header-display":"","ast-hfb-mobile-header-display":"","site-post-title":"","ast-breadcrumbs-content":"","ast-featured-img":"","footer-sml-layout":"","theme-transparent-header-meta":"","adv-header-id-meta":"","stick-header-meta":"","header-above-stick-meta":"","header-main-stick-meta":"","header-below-stick-meta":"","astra-migrate-meta-layouts":"default","ast-page-background-enabled":"default","ast-page-background-meta":{"desktop":{"background-color":"var(--ast-global-color-4)","background-image":"","background-repeat":"repeat","background-position":"center center","background-size":"auto","background-attachment":"scroll","background-type":"","background-media":"","overlay-type":"","overlay-color":"","overlay-opacity":"","overlay-gradient":""},"tablet":{"background-color":"","background-image":"","background-repeat":"repeat","background-position":"center center","background-size":"auto","background-attachment":"scroll","background-type":"","background-media":"","overlay-type":"","overlay-color":"","overlay-opacity":"","overlay-gradient":""},"mobile":{"background-color":"","background-image":"","background-repeat":"repeat","background-position":"center center","background-size":"auto","background-attachment":"scroll","background-type":"","background-media":"","overlay-type":"","overlay-color":"","overlay-opacity":"","overlay-gradient":""}},"ast-content-background-meta":{"desktop":{"background-color":"var(--ast-global-color-5)","background-image":"","background-repeat":"repeat","background-position":"center center","background-size":"auto","background-attachment":"scroll","background-type":"","background-media":"","overlay-type":"","overlay-color":"","overlay-opacity":"","overlay-gradient":""},"tablet":{"background-color":"var(--ast-global-color-5)","background-image":"","background-repeat":"repeat","background-position":"center center","background-size":"auto","background-attachment":"scroll","background-type":"","background-media":"","overlay-type":"","overlay-color":"","overlay-opacity":"","overlay-gradient":""},"mobile":{"background-color":"var(--ast-global-color-5)","background-image":"","background-repeat":"repeat","background-position":"center center","background-size":"auto","background-attachment":"scroll","background-type":"","background-media":"","overlay-type":"","overlay-color":"","overlay-opacity":"","overlay-gradient":""}},"footnotes":""},"categories":[3,8,9,2,61,4],"tags":[],"class_list":["post-37364","post","type-post","status-publish","format-standard","has-post-thumbnail","hentry","category-p3","category-p4","category-p5","category-infantil","category-info-setmanal","category-portada"],"post_mailing_queue_ids":[],"_links":{"self":[{"href":"https:\/\/agora.xtec.cat\/ceipfarigolaclot\/wp-json\/wp\/v2\/posts\/37364","targetHints":{"allow":["GET"]}}],"collection":[{"href":"https:\/\/agora.xtec.cat\/ceipfarigolaclot\/wp-json\/wp\/v2\/posts"}],"about":[{"href":"https:\/\/agora.xtec.cat\/ceipfarigolaclot\/wp-json\/wp\/v2\/types\/post"}],"author":[{"embeddable":true,"href":"https:\/\/agora.xtec.cat\/ceipfarigolaclot\/wp-json\/wp\/v2\/users\/1"}],"replies":[{"embeddable":true,"href":"https:\/\/agora.xtec.cat\/ceipfarigolaclot\/wp-json\/wp\/v2\/comments?post=37364"}],"version-history":[{"count":2,"href":"https:\/\/agora.xtec.cat\/ceipfarigolaclot\/wp-json\/wp\/v2\/posts\/37364\/revisions"}],"predecessor-version":[{"id":37366,"href":"https:\/\/agora.xtec.cat\/ceipfarigolaclot\/wp-json\/wp\/v2\/posts\/37364\/revisions\/37366"}],"wp:featuredmedia":[{"embeddable":true,"href":"https:\/\/agora.xtec.cat\/ceipfarigolaclot\/wp-json\/wp\/v2\/media\/37334"}],"wp:attachment":[{"href":"https:\/\/agora.xtec.cat\/ceipfarigolaclot\/wp-json\/wp\/v2\/media?parent=37364"}],"wp:term":[{"taxonomy":"category","embeddable":true,"href":"https:\/\/agora.xtec.cat\/ceipfarigolaclot\/wp-json\/wp\/v2\/categories?post=37364"},{"taxonomy":"post_tag","embeddable":true,"href":"https:\/\/agora.xtec.cat\/ceipfarigolaclot\/wp-json\/wp\/v2\/tags?post=37364"}],"curies":[{"name":"wp","href":"https:\/\/api.w.org\/{rel}","templated":true}]}}