{"id":36971,"date":"2023-11-24T14:03:00","date_gmt":"2023-11-24T13:03:00","guid":{"rendered":"https:\/\/agora.xtec.cat\/ceipfarigolaclot\/?p=36971"},"modified":"2023-11-24T14:03:00","modified_gmt":"2023-11-24T13:03:00","slug":"sortides-pedagogiques-i-activitats-especials-9","status":"publish","type":"post","link":"https:\/\/agora.xtec.cat\/ceipfarigolaclot\/portada\/sortides-pedagogiques-i-activitats-especials-9\/","title":{"rendered":"Sortides pedag\u00f2giques i activitats especials"},"content":{"rendered":"<p class=\"cvGsUA direction-ltr align-justify para-style-body\"><strong><span class=\"OYPEnA text-decoration-none text-strikethrough-none\">I4: <\/span><\/strong><span class=\"OYPEnA text-decoration-none text-strikethrough-none\">Aquest dilluns, al mat\u00ed, l&#8217;alumat d&#8217;I4 agafar\u00e0 un autocar per visitar el Centre Cultural Aeron\u00e0utic &#8211; Aeroport Josep Tarradellas Barcelona &#8211; El Prat (<\/span><a class=\"OYPEnA text-decoration-underline text-strikethrough-none\" draggable=\"false\" href=\"https:\/\/maps.app.goo.gl\/h2RFF1PVsNWpvzQW7\" target=\"_blank\" rel=\"noopener\">https:\/\/maps.app.goo.gl\/h2RFF1PVsNWpvzQW7<\/a><span class=\"OYPEnA text-decoration-none text-strikethrough-none\">).\u00a0<\/span><span class=\"OYPEnA text-decoration-none text-strikethrough-none\">L&#8217;exposici\u00f3 aeron\u00e0utica fa un rep\u00e0s a l&#8217;evoluci\u00f3 que ha viscut l&#8217;aviaci\u00f3, a trav\u00e9s de diferents aeronaus, r\u00e8pliques d&#8217;avions hist\u00f2rics, fotografies, panells gr\u00e0fics, motors i maquetes.<\/span><\/p>\n<p class=\"cvGsUA direction-ltr align-justify para-style-body\"><strong><span class=\"OYPEnA text-decoration-none text-strikethrough-none\">1r: <\/span><\/strong><span class=\"OYPEnA text-decoration-none text-strikethrough-none\">quan sigui dimecres,<\/span> <span class=\"OYPEnA text-decoration-none text-strikethrough-none\">29 de novembre, al mat\u00ed, l&#8217;alumnat de 1r gaudir\u00e0 a l\u2019escola d&#8217;una dinamitzaci\u00f3 lectora del\u00a0llibre <\/span><span class=\"OYPEnA text-decoration-none text-strikethrough-none\">&#8220;El Nuk i les set claus de la felicitat&#8221;<\/span><span class=\"OYPEnA text-decoration-none text-strikethrough-none\">. En Nuk, un gat trist i avo<\/span><span class=\"OYPEnA text-decoration-none text-strikethrough-none\">rrit, acaba de descobrir que existeix la felicitat i que nome\u0301s seguint set senzilles claus pot ser felic\u0327 i brillar de molts colors com la seva amiga Paula. Una entranyable aventura d&#8217;autoconeixement i autodescoberta que amb il\u00b7lustracions expressives i tendres introdueix a petits i grans en la recerca de la seva pro\u0300pia felicitat. La dinamitzaci\u00f3 ser\u00e0 a c\u00e0rrec de la il\u00b7lustradora de l&#8217;obra, l&#8217;Almudena Su\u00e1rez.<\/span><img loading=\"lazy\" decoding=\"async\" class=\"wp-image-36958 aligncenter\" src=\"https:\/\/agora.xtec.cat\/ceipfarigolaclot\/wp-content\/uploads\/usu983\/2023\/11\/nuk.jpg\" alt=\"\" width=\"113\" height=\"137\" srcset=\"https:\/\/agora.xtec.cat\/ceipfarigolaclot\/wp-content\/uploads\/usu983\/2023\/11\/nuk.jpg 331w, https:\/\/agora.xtec.cat\/ceipfarigolaclot\/wp-content\/uploads\/usu983\/2023\/11\/nuk-248x300.jpg 248w\" sizes=\"auto, (max-width: 113px) 100vw, 113px\" \/><\/p>\n<p>&nbsp;<\/p>\n<p class=\"cvGsUA direction-ltr align-justify para-style-body\"><strong><span class=\"OYPEnA text-decoration-none text-strikethrough-none\">2n: <\/span><\/strong><span class=\"OYPEnA text-decoration-none text-strikethrough-none\">\u201cRobot o no robot. Aquesta \u00e9s la q\u00fcesti\u00f3\u201d \u00e9s el t\u00edtol del taller en qu\u00e8 participar\u00e0 l\u2019alumnat de 2n aquest dilluns, 27 de novembre, al CosmoCaixa (<\/span><a class=\"OYPEnA text-decoration-underline text-strikethrough-none\" draggable=\"false\" href=\"https:\/\/maps.app.goo.gl\/dnNQp47Yya4zLrt29\" target=\"_blank\" rel=\"noopener\">https:\/\/maps.app.goo.gl\/dnNQp47Yya4zLrt29<\/a><span class=\"OYPEnA text-decoration-none text-strikethrough-none\">) i que els permetr\u00e0 descobrir qu\u00e8 s\u00f3n i d\u2019on provenen els robots.\u00a0<\/span><span class=\"OYPEnA text-decoration-none text-strikethrough-none\">Per aprofitar b\u00e9 el mat\u00ed, l\u2019alumnat ha d\u2019estar a l\u2019escola a les 08:45 h i \u00e9s possible que la tornada sigui una mica m\u00e9s tard de les 12:30 h.<\/span><\/p>\n<p class=\"cvGsUA direction-ltr align-justify para-style-body\"><span class=\"OYPEnA text-decoration-none text-strikethrough-none\"><strong>2n:<\/strong> <\/span><span class=\"OYPEnA text-decoration-none text-strikethrough-none\">el dimecres, 29 de novembre, visitarem la Biblioteca El Clot &#8211; Josep Benet (<\/span><a class=\"OYPEnA text-decoration-underline text-strikethrough-none\" draggable=\"false\" href=\"https:\/\/maps.app.goo.gl\/tAKZbd2rBQkpkYTHA\" target=\"_blank\" rel=\"noopener\">https:\/\/maps.app.goo.gl\/tAKZbd2rBQkpkYTHA<\/a><span class=\"OYPEnA text-decoration-none text-strikethrough-none\">) per gaudir d\u2019una activitat d\u2019animaci\u00f3 a la lectura.<\/span><\/p>\n<p class=\"cvGsUA direction-ltr align-justify para-style-body\"><strong><span class=\"OYPEnA text-decoration-none text-strikethrough-none\">2n:<\/span><\/strong><span class=\"OYPEnA text-decoration-none text-strikethrough-none\"> i per comen\u00e7ar de la millor manera el mes de desembre, el divendres dia 1, l&#8217;alumnat de 2n gaudir\u00e0, a l\u2019escola, d&#8217;una dinamitzaci\u00f3 lectora del llibre <\/span><span class=\"OYPEnA text-decoration-none text-strikethrough-none\">&#8220;El meu avi i jo&#8221;<\/span><span class=\"OYPEnA text-decoration-none text-strikethrough-none\">. A<\/span><span class=\"OYPEnA text-decoration-none text-strikethrough-none\">quest llibre \u00e9s un \u00e0lbum art\u00edstic, amb paraules senzilles, que relata la relaci\u00f3 entre una neta i el seu avi. A tots dos els encanta jugar a \u00abamagar petons\u00bb, joc que ajudar\u00e0 la nena a fer m\u00e9s suportable l\u2019abs\u00e8ncia del seu estimat avi\u2026 La dinamitzaci\u00f3 ser\u00e0 a c\u00e0rrec de la il\u00b7lustradora de l&#8217;obra, l&#8217;Almudena Su\u00e1rez.<\/span><\/p>\n<p style=\"text-align: center;\"><img loading=\"lazy\" decoding=\"async\" class=\"aligncenter wp-image-36941 \" src=\"https:\/\/agora.xtec.cat\/ceipfarigolaclot\/wp-content\/uploads\/usu983\/2023\/11\/avi-300x276.jpg\" alt=\"\" width=\"160\" height=\"147\" srcset=\"https:\/\/agora.xtec.cat\/ceipfarigolaclot\/wp-content\/uploads\/usu983\/2023\/11\/avi-300x276.jpg 300w, https:\/\/agora.xtec.cat\/ceipfarigolaclot\/wp-content\/uploads\/usu983\/2023\/11\/avi-768x707.jpg 768w, https:\/\/agora.xtec.cat\/ceipfarigolaclot\/wp-content\/uploads\/usu983\/2023\/11\/avi.jpg 1000w\" sizes=\"auto, (max-width: 160px) 100vw, 160px\" \/><\/p>\n","protected":false},"excerpt":{"rendered":"<p>I4: Aquest dilluns, al mat\u00ed, l&#8217;alumat d&#8217;I4 agafar\u00e0 un autocar per visitar el Centre Cultural Aeron\u00e0utic &#8211; Aeroport Josep Tarradellas [&hellip;]<\/p>\n","protected":false},"author":1,"featured_media":36941,"comment_status":"open","ping_status":"closed","sticky":false,"template":"","format":"standard","meta":{"_bbp_topic_count":0,"_bbp_reply_count":0,"_bbp_total_topic_count":0,"_bbp_total_reply_count":0,"_bbp_voice_count":0,"_bbp_anonymous_reply_count":0,"_bbp_topic_count_hidden":0,"_bbp_reply_count_hidden":0,"_bbp_forum_subforum_count":0,"site-sidebar-layout":"default","site-content-layout":"","ast-site-content-layout":"","site-content-style":"default","site-sidebar-style":"default","ast-global-header-display":"","ast-banner-title-visibility":"","ast-main-header-display":"","ast-hfb-above-header-display":"","ast-hfb-below-header-display":"","ast-hfb-mobile-header-display":"","site-post-title":"","ast-breadcrumbs-content":"","ast-featured-img":"","footer-sml-layout":"","theme-transparent-header-meta":"","adv-header-id-meta":"","stick-header-meta":"","header-above-stick-meta":"","header-main-stick-meta":"","header-below-stick-meta":"","astra-migrate-meta-layouts":"default","ast-page-background-enabled":"default","ast-page-background-meta":{"desktop":{"background-color":"var(--ast-global-color-4)","background-image":"","background-repeat":"repeat","background-position":"center center","background-size":"auto","background-attachment":"scroll","background-type":"","background-media":"","overlay-type":"","overlay-color":"","overlay-opacity":"","overlay-gradient":""},"tablet":{"background-color":"","background-image":"","background-repeat":"repeat","background-position":"center center","background-size":"auto","background-attachment":"scroll","background-type":"","background-media":"","overlay-type":"","overlay-color":"","overlay-opacity":"","overlay-gradient":""},"mobile":{"background-color":"","background-image":"","background-repeat":"repeat","background-position":"center center","background-size":"auto","background-attachment":"scroll","background-type":"","background-media":"","overlay-type":"","overlay-color":"","overlay-opacity":"","overlay-gradient":""}},"ast-content-background-meta":{"desktop":{"background-color":"var(--ast-global-color-5)","background-image":"","background-repeat":"repeat","background-position":"center center","background-size":"auto","background-attachment":"scroll","background-type":"","background-media":"","overlay-type":"","overlay-color":"","overlay-opacity":"","overlay-gradient":""},"tablet":{"background-color":"var(--ast-global-color-5)","background-image":"","background-repeat":"repeat","background-position":"center center","background-size":"auto","background-attachment":"scroll","background-type":"","background-media":"","overlay-type":"","overlay-color":"","overlay-opacity":"","overlay-gradient":""},"mobile":{"background-color":"var(--ast-global-color-5)","background-image":"","background-repeat":"repeat","background-position":"center center","background-size":"auto","background-attachment":"scroll","background-type":"","background-media":"","overlay-type":"","overlay-color":"","overlay-opacity":"","overlay-gradient":""}},"footnotes":""},"categories":[10,11,8,61,4],"tags":[],"class_list":["post-36971","post","type-post","status-publish","format-standard","has-post-thumbnail","hentry","category-1r","category-2n","category-p4","category-info-setmanal","category-portada"],"post_mailing_queue_ids":[],"_links":{"self":[{"href":"https:\/\/agora.xtec.cat\/ceipfarigolaclot\/wp-json\/wp\/v2\/posts\/36971","targetHints":{"allow":["GET"]}}],"collection":[{"href":"https:\/\/agora.xtec.cat\/ceipfarigolaclot\/wp-json\/wp\/v2\/posts"}],"about":[{"href":"https:\/\/agora.xtec.cat\/ceipfarigolaclot\/wp-json\/wp\/v2\/types\/post"}],"author":[{"embeddable":true,"href":"https:\/\/agora.xtec.cat\/ceipfarigolaclot\/wp-json\/wp\/v2\/users\/1"}],"replies":[{"embeddable":true,"href":"https:\/\/agora.xtec.cat\/ceipfarigolaclot\/wp-json\/wp\/v2\/comments?post=36971"}],"version-history":[{"count":1,"href":"https:\/\/agora.xtec.cat\/ceipfarigolaclot\/wp-json\/wp\/v2\/posts\/36971\/revisions"}],"predecessor-version":[{"id":36972,"href":"https:\/\/agora.xtec.cat\/ceipfarigolaclot\/wp-json\/wp\/v2\/posts\/36971\/revisions\/36972"}],"wp:featuredmedia":[{"embeddable":true,"href":"https:\/\/agora.xtec.cat\/ceipfarigolaclot\/wp-json\/wp\/v2\/media\/36941"}],"wp:attachment":[{"href":"https:\/\/agora.xtec.cat\/ceipfarigolaclot\/wp-json\/wp\/v2\/media?parent=36971"}],"wp:term":[{"taxonomy":"category","embeddable":true,"href":"https:\/\/agora.xtec.cat\/ceipfarigolaclot\/wp-json\/wp\/v2\/categories?post=36971"},{"taxonomy":"post_tag","embeddable":true,"href":"https:\/\/agora.xtec.cat\/ceipfarigolaclot\/wp-json\/wp\/v2\/tags?post=36971"}],"curies":[{"name":"wp","href":"https:\/\/api.w.org\/{rel}","templated":true}]}}