{"id":36790,"date":"2023-11-10T12:14:44","date_gmt":"2023-11-10T11:14:44","guid":{"rendered":"https:\/\/agora.xtec.cat\/ceipfarigolaclot\/?p=36790"},"modified":"2023-11-10T14:24:20","modified_gmt":"2023-11-10T13:24:20","slug":"sortides-pedagogiques-i-activitats-especials-7","status":"publish","type":"post","link":"https:\/\/agora.xtec.cat\/ceipfarigolaclot\/infantil\/sortides-pedagogiques-i-activitats-especials-7\/","title":{"rendered":"Sortides pedag\u00f2giques i activitats especials"},"content":{"rendered":"<p class=\"cvGsUA direction-ltr align-justify para-style-body\"><span class=\"OYPEnA text-decoration-none text-strikethrough-none\"><strong>Educaci\u00f3 infantil:<\/strong> <\/span><span class=\"OYPEnA text-decoration-none text-strikethrough-none\">el divendres, 17 de novembre, al mat\u00ed, els infants d&#8217;infantil aniran caminant al Parc del Clot per veure l&#8217;espectacle &#8220;La Cuca de mil colors&#8221; amb motiu de la Festa Major de Sant Mart\u00ed.\u00a0<\/span><span class=\"OYPEnA text-decoration-none text-strikethrough-none\">Anteriorment, el mateix dia 17 van a veure elements significatius del barri: I3 Mercat, I4 Mosaic de Sant Mart\u00ed i I5 la Seu del Districte.<\/span><\/p>\n<p class=\"cvGsUA direction-ltr align-justify para-style-body\"><span class=\"OYPEnA text-decoration-none text-strikethrough-none\"><strong>1r:<\/strong> <\/span><span class=\"OYPEnA text-decoration-none text-strikethrough-none\">el dimecres, 15 de novembre, els infants de 1r anirem a la Biblioteca El Clot &#8211; Josep Benet per fer una activitat de dinamitzaci\u00f3 lectora. (<\/span><a class=\"OYPEnA text-decoration-underline text-strikethrough-none\" draggable=\"false\" href=\"https:\/\/maps.app.goo.gl\/SxGF7rD3ufHD9FKJ8\" target=\"_blank\" rel=\"noopener\">https:\/\/maps.app.goo.gl\/SxGF7rD3ufHD9FKJ8<\/a><span class=\"OYPEnA text-decoration-none text-strikethrough-none\">).<\/span><\/p>\n<p class=\"cvGsUA direction-ltr align-justify para-style-body\"><span class=\"OYPEnA text-decoration-none text-strikethrough-none\"><strong>3r:<\/strong> <\/span><span class=\"OYPEnA text-decoration-none text-strikethrough-none\">el 14 de novembre visitarem el Barcelona Supercomputing Center per treballar la compet\u00e8ncia digital i el pla de lector. Compte: horari especial, a l\u2019escola a les 08:40 h i tornarem a les 13:15 h.\u00a0 Hi anirem amb autocar.<\/span><span class=\"OYPEnA text-decoration-none text-strikethrough-none\">(<\/span><a class=\"OYPEnA text-decoration-underline text-strikethrough-none\" draggable=\"false\" href=\"https:\/\/maps.app.goo.gl\/EcKDQ1dzKBKs7MGu8\" target=\"_blank\" rel=\"noopener\">https:\/\/maps.app.goo.gl\/EcKDQ1dzKBKs7MGu8<\/a><span class=\"OYPEnA text-decoration-none text-strikethrough-none\">).\u00a0<\/span><\/p>\n<p class=\"cvGsUA direction-ltr align-justify para-style-body\"><strong><span class=\"OYPEnA text-decoration-none text-strikethrough-none\">4t: <\/span><\/strong><span class=\"OYPEnA text-decoration-none text-strikethrough-none\">El dia 17 de novembre, l&#8217;alumnat de 4t visitar\u00e0 l&#8217;espai de joc 0-99 a la Clariana de Gl\u00f2ries. 4t A tornar\u00e0 a l\u2019escola a les 12:45 h.\u00a0<\/span><span class=\"OYPEnA text-decoration-none text-strikethrough-none\">(<\/span><a class=\"OYPEnA text-decoration-underline text-strikethrough-none\" draggable=\"false\" href=\"https:\/\/maps.app.goo.gl\/AygigEk5yaiYP9Ac9\" target=\"_blank\" rel=\"noopener\">https:\/\/maps.app.goo.gl\/AygigEk5yaiYP9Ac9<\/a><span class=\"OYPEnA text-decoration-none text-strikethrough-none\">).<\/span><\/p>\n<p class=\"cvGsUA direction-ltr align-justify para-style-body\"><span class=\"OYPEnA text-decoration-none text-strikethrough-none\"><strong>6\u00e8 B<\/strong>: <\/span><span class=\"OYPEnA text-decoration-none text-strikethrough-none\">el dia 14 de novembre, al mat\u00ed, anirem a peu a la Biblioteca Camp de l\u2019Arpa per participar en la Gimcana de les Dones Pioneres, activitat de descoberta de l&#8217;equipament i dels serveis que ofereix la biblioteca (<\/span><a class=\"OYPEnA text-decoration-underline text-strikethrough-none\" draggable=\"false\" href=\"https:\/\/maps.app.goo.gl\/DHtNogRetaNj7Thf7\" target=\"_blank\" rel=\"noopener\">https:\/\/maps.app.goo.gl\/DHtNogRetaNj7Thf7<\/a><span class=\"OYPEnA text-decoration-none text-strikethrough-none\">).<\/span><\/p>\n","protected":false},"excerpt":{"rendered":"<p>Una setmana m\u00e9s, els nostres nois i nois aprenen m\u00e9s enll\u00e0 de les parets de l&#8217;escola&#8230;<\/p>\n","protected":false},"author":1,"featured_media":0,"comment_status":"open","ping_status":"closed","sticky":false,"template":"","format":"standard","meta":{"_bbp_topic_count":0,"_bbp_reply_count":0,"_bbp_total_topic_count":0,"_bbp_total_reply_count":0,"_bbp_voice_count":0,"_bbp_anonymous_reply_count":0,"_bbp_topic_count_hidden":0,"_bbp_reply_count_hidden":0,"_bbp_forum_subforum_count":0,"site-sidebar-layout":"default","site-content-layout":"","ast-site-content-layout":"","site-content-style":"default","site-sidebar-style":"default","ast-global-header-display":"","ast-banner-title-visibility":"","ast-main-header-display":"","ast-hfb-above-header-display":"","ast-hfb-below-header-display":"","ast-hfb-mobile-header-display":"","site-post-title":"","ast-breadcrumbs-content":"","ast-featured-img":"","footer-sml-layout":"","theme-transparent-header-meta":"","adv-header-id-meta":"","stick-header-meta":"","header-above-stick-meta":"","header-main-stick-meta":"","header-below-stick-meta":"","astra-migrate-meta-layouts":"default","ast-page-background-enabled":"default","ast-page-background-meta":{"desktop":{"background-color":"var(--ast-global-color-4)","background-image":"","background-repeat":"repeat","background-position":"center center","background-size":"auto","background-attachment":"scroll","background-type":"","background-media":"","overlay-type":"","overlay-color":"","overlay-opacity":"","overlay-gradient":""},"tablet":{"background-color":"","background-image":"","background-repeat":"repeat","background-position":"center center","background-size":"auto","background-attachment":"scroll","background-type":"","background-media":"","overlay-type":"","overlay-color":"","overlay-opacity":"","overlay-gradient":""},"mobile":{"background-color":"","background-image":"","background-repeat":"repeat","background-position":"center center","background-size":"auto","background-attachment":"scroll","background-type":"","background-media":"","overlay-type":"","overlay-color":"","overlay-opacity":"","overlay-gradient":""}},"ast-content-background-meta":{"desktop":{"background-color":"var(--ast-global-color-5)","background-image":"","background-repeat":"repeat","background-position":"center center","background-size":"auto","background-attachment":"scroll","background-type":"","background-media":"","overlay-type":"","overlay-color":"","overlay-opacity":"","overlay-gradient":""},"tablet":{"background-color":"var(--ast-global-color-5)","background-image":"","background-repeat":"repeat","background-position":"center center","background-size":"auto","background-attachment":"scroll","background-type":"","background-media":"","overlay-type":"","overlay-color":"","overlay-opacity":"","overlay-gradient":""},"mobile":{"background-color":"var(--ast-global-color-5)","background-image":"","background-repeat":"repeat","background-position":"center center","background-size":"auto","background-attachment":"scroll","background-type":"","background-media":"","overlay-type":"","overlay-color":"","overlay-opacity":"","overlay-gradient":""}},"footnotes":""},"categories":[10,12,13,15,3,8,9,2,61,4],"tags":[],"class_list":["post-36790","post","type-post","status-publish","format-standard","hentry","category-1r","category-3r","category-4t","category-6e","category-p3","category-p4","category-p5","category-infantil","category-info-setmanal","category-portada"],"post_mailing_queue_ids":[],"_links":{"self":[{"href":"https:\/\/agora.xtec.cat\/ceipfarigolaclot\/wp-json\/wp\/v2\/posts\/36790","targetHints":{"allow":["GET"]}}],"collection":[{"href":"https:\/\/agora.xtec.cat\/ceipfarigolaclot\/wp-json\/wp\/v2\/posts"}],"about":[{"href":"https:\/\/agora.xtec.cat\/ceipfarigolaclot\/wp-json\/wp\/v2\/types\/post"}],"author":[{"embeddable":true,"href":"https:\/\/agora.xtec.cat\/ceipfarigolaclot\/wp-json\/wp\/v2\/users\/1"}],"replies":[{"embeddable":true,"href":"https:\/\/agora.xtec.cat\/ceipfarigolaclot\/wp-json\/wp\/v2\/comments?post=36790"}],"version-history":[{"count":2,"href":"https:\/\/agora.xtec.cat\/ceipfarigolaclot\/wp-json\/wp\/v2\/posts\/36790\/revisions"}],"predecessor-version":[{"id":36823,"href":"https:\/\/agora.xtec.cat\/ceipfarigolaclot\/wp-json\/wp\/v2\/posts\/36790\/revisions\/36823"}],"wp:attachment":[{"href":"https:\/\/agora.xtec.cat\/ceipfarigolaclot\/wp-json\/wp\/v2\/media?parent=36790"}],"wp:term":[{"taxonomy":"category","embeddable":true,"href":"https:\/\/agora.xtec.cat\/ceipfarigolaclot\/wp-json\/wp\/v2\/categories?post=36790"},{"taxonomy":"post_tag","embeddable":true,"href":"https:\/\/agora.xtec.cat\/ceipfarigolaclot\/wp-json\/wp\/v2\/tags?post=36790"}],"curies":[{"name":"wp","href":"https:\/\/api.w.org\/{rel}","templated":true}]}}