{"id":36676,"date":"2023-11-03T15:47:50","date_gmt":"2023-11-03T14:47:50","guid":{"rendered":"https:\/\/agora.xtec.cat\/ceipfarigolaclot\/?p=36676"},"modified":"2023-11-03T15:47:50","modified_gmt":"2023-11-03T14:47:50","slug":"sortides-pedagogiques-i-activitats-especials-6","status":"publish","type":"post","link":"https:\/\/agora.xtec.cat\/ceipfarigolaclot\/infantil\/sortides-pedagogiques-i-activitats-especials-6\/","title":{"rendered":"Sortides pedag\u00f2giques i activitats especials"},"content":{"rendered":"<p class=\"cvGsUA direction-ltr align-justify para-style-body\"><strong><span class=\"OYPEnA text-decoration-none text-strikethrough-none\">Educaci\u00f3 infantil: <\/span><\/strong><span class=\"OYPEnA text-decoration-none text-strikethrough-none\">L&#8217;alumnat d\u2019I3, I4 i I5 gaudir\u00e0 d&#8217;una activitat de dinamitzaci\u00f3 de contes del m\u00f3n sense sortir de l\u2019escola. Ser\u00e0 el dia 9 de novembre.<\/span><\/p>\n<p class=\"cvGsUA direction-ltr align-justify para-style-body\"><span class=\"OYPEnA text-decoration-none text-strikethrough-none\"><strong>I5:<\/strong> <\/span><span class=\"OYPEnA text-decoration-none text-strikethrough-none\">el dimarts, 7 de novembre, al mat\u00ed, anirem a la pla\u00e7a del Mercat,<\/span> <span class=\"OYPEnA text-decoration-none text-strikethrough-none\">(<\/span><a class=\"OYPEnA text-decoration-underline text-strikethrough-none\" draggable=\"false\" href=\"https:\/\/maps.app.goo.gl\/eFuHj6QWoUFp2zDDA\" target=\"_blank\" rel=\"noopener\">https:\/\/maps.app.goo.gl\/eFuHj6QWoUFp2zDDA<\/a><span class=\"OYPEnA text-decoration-none text-strikethrough-none\">) al costat de l\u2019escola, per preparar la participaci\u00f3 en el concurs de dibuix del Dia de les Arts de l&#8217;Eix Clot.<\/span><\/p>\n<p class=\"cvGsUA direction-ltr align-justify para-style-body\"><strong><span class=\"OYPEnA text-decoration-none text-strikethrough-none\">1r: <\/span><\/strong><span class=\"OYPEnA text-decoration-none text-strikethrough-none\">el dimecres, 8 de novembre, al mat\u00ed, anirem a la pla\u00e7a del Mercat, (<\/span><a class=\"OYPEnA text-decoration-underline text-strikethrough-none\" draggable=\"false\" href=\"https:\/\/maps.app.goo.gl\/eFuHj6QWoUFp2zDDA\" target=\"_blank\" rel=\"noopener\">https:\/\/maps.app.goo.gl\/eFuHj6QWoUFp2zDDA<\/a><span class=\"OYPEnA text-decoration-none text-strikethrough-none\">) al costat de l\u2019escola, per preparar la participaci\u00f3 en el concurs de dibuix del Dia de les Arts de l&#8217;Eix Clot.<\/span><\/p>\n<p class=\"cvGsUA direction-ltr align-justify para-style-body\"><span class=\"OYPEnA text-decoration-none text-strikethrough-none\"><strong>1r:<\/strong> <\/span><span class=\"OYPEnA text-decoration-none text-strikethrough-none\">el dijous, 9 de novembre, els infants de 1r rebran un taller a l\u2019escola, del programa \u201cBon dia, somriu!\u201d, programa de promoci\u00f3 de salut bucodental, higiene personal i salut aliment\u00e0ria.<\/span><\/p>\n<p class=\"cvGsUA direction-ltr align-justify para-style-body\"><strong><span class=\"OYPEnA text-decoration-none text-strikethrough-none\">3r:<\/span><\/strong><span class=\"OYPEnA text-decoration-none text-strikethrough-none\"> el divendres, 10 de novembre al mat\u00ed, anirem caminant fins a la clariana del Parc de les Gl\u00f2ries a gaudir de l\u2019Espai 0 &#8211; 99. La tornada a l\u2019escola de 3r B est\u00e0 prevista per a les 12:45 h\u00a0<\/span><span class=\"OYPEnA text-decoration-none text-strikethrough-none\">(<\/span><a class=\"OYPEnA text-decoration-underline text-strikethrough-none\" draggable=\"false\" href=\"https:\/\/maps.app.goo.gl\/C7QSPm1XSxMUj82E6\" target=\"_blank\" rel=\"noopener\">https:\/\/maps.app.goo.gl\/C7QSPm1XSxMUj82E6<\/a><span class=\"OYPEnA text-decoration-none text-strikethrough-none\">)<\/span><\/p>\n<p class=\"cvGsUA direction-ltr align-justify para-style-body\"><strong><span class=\"OYPEnA text-decoration-none text-strikethrough-none\">6\u00e8: <\/span><\/strong><span class=\"OYPEnA text-decoration-none text-strikethrough-none\">el dilluns, 6 de novembre, a la tarda, sortirem de l\u2019escola per anar fins a la pla\u00e7a del Mercat, al costat de l\u2019escola, per preparar la participaci\u00f3 en el concurs de dibuix del Dia de les Arts de l&#8217;Eix Clot.\u00a0<\/span><span class=\"OYPEnA text-decoration-none text-strikethrough-none\">(<\/span><a class=\"OYPEnA text-decoration-underline text-strikethrough-none\" draggable=\"false\" href=\"https:\/\/maps.app.goo.gl\/eFuHj6QWoUFp2zDDA\" target=\"_blank\" rel=\"noopener\">https:\/\/maps.app.goo.gl\/eFuHj6QWoUFp2zDDA<\/a><span class=\"OYPEnA text-decoration-none text-strikethrough-none\">)<\/span><\/p>\n<p class=\"cvGsUA direction-ltr align-justify para-style-body\"><strong><span class=\"OYPEnA text-decoration-none text-strikethrough-none\">6\u00e8 A:<\/span><\/strong><span class=\"OYPEnA text-decoration-none text-strikethrough-none\"> el dijous, 9 de novembre al mat\u00ed, anirem a peu a la Biblioteca Camp de l\u2019Arpa (<\/span><a class=\"OYPEnA text-decoration-underline text-strikethrough-none\" draggable=\"false\" href=\"https:\/\/maps.app.goo.gl\/DHtNogRetaNj7Thf7\" target=\"_blank\" rel=\"noopener\">https:\/\/maps.app.goo.gl\/DHtNogRetaNj7Thf7<\/a><span class=\"OYPEnA text-decoration-none text-strikethrough-none\">) per participar en la Gimcana de les Dones Pioneres, activitat de descoberta de l&#8217;equipament i dels serveis que ofereix la biblioteca.<\/span><\/p>\n","protected":false},"excerpt":{"rendered":"<p>Educaci\u00f3 infantil: L&#8217;alumnat d\u2019I3, I4 i I5 gaudir\u00e0 d&#8217;una activitat de dinamitzaci\u00f3 de contes del m\u00f3n sense sortir de l\u2019escola. [&hellip;]<\/p>\n","protected":false},"author":1,"featured_media":0,"comment_status":"open","ping_status":"closed","sticky":false,"template":"","format":"standard","meta":{"_bbp_topic_count":0,"_bbp_reply_count":0,"_bbp_total_topic_count":0,"_bbp_total_reply_count":0,"_bbp_voice_count":0,"_bbp_anonymous_reply_count":0,"_bbp_topic_count_hidden":0,"_bbp_reply_count_hidden":0,"_bbp_forum_subforum_count":0,"site-sidebar-layout":"default","site-content-layout":"","ast-site-content-layout":"","site-content-style":"default","site-sidebar-style":"default","ast-global-header-display":"","ast-banner-title-visibility":"","ast-main-header-display":"","ast-hfb-above-header-display":"","ast-hfb-below-header-display":"","ast-hfb-mobile-header-display":"","site-post-title":"","ast-breadcrumbs-content":"","ast-featured-img":"","footer-sml-layout":"","theme-transparent-header-meta":"","adv-header-id-meta":"","stick-header-meta":"","header-above-stick-meta":"","header-main-stick-meta":"","header-below-stick-meta":"","astra-migrate-meta-layouts":"default","ast-page-background-enabled":"default","ast-page-background-meta":{"desktop":{"background-color":"var(--ast-global-color-4)","background-image":"","background-repeat":"repeat","background-position":"center center","background-size":"auto","background-attachment":"scroll","background-type":"","background-media":"","overlay-type":"","overlay-color":"","overlay-opacity":"","overlay-gradient":""},"tablet":{"background-color":"","background-image":"","background-repeat":"repeat","background-position":"center center","background-size":"auto","background-attachment":"scroll","background-type":"","background-media":"","overlay-type":"","overlay-color":"","overlay-opacity":"","overlay-gradient":""},"mobile":{"background-color":"","background-image":"","background-repeat":"repeat","background-position":"center center","background-size":"auto","background-attachment":"scroll","background-type":"","background-media":"","overlay-type":"","overlay-color":"","overlay-opacity":"","overlay-gradient":""}},"ast-content-background-meta":{"desktop":{"background-color":"var(--ast-global-color-5)","background-image":"","background-repeat":"repeat","background-position":"center center","background-size":"auto","background-attachment":"scroll","background-type":"","background-media":"","overlay-type":"","overlay-color":"","overlay-opacity":"","overlay-gradient":""},"tablet":{"background-color":"var(--ast-global-color-5)","background-image":"","background-repeat":"repeat","background-position":"center center","background-size":"auto","background-attachment":"scroll","background-type":"","background-media":"","overlay-type":"","overlay-color":"","overlay-opacity":"","overlay-gradient":""},"mobile":{"background-color":"var(--ast-global-color-5)","background-image":"","background-repeat":"repeat","background-position":"center center","background-size":"auto","background-attachment":"scroll","background-type":"","background-media":"","overlay-type":"","overlay-color":"","overlay-opacity":"","overlay-gradient":""}},"footnotes":""},"categories":[10,12,15,3,8,9,2,61,4],"tags":[],"class_list":["post-36676","post","type-post","status-publish","format-standard","hentry","category-1r","category-3r","category-6e","category-p3","category-p4","category-p5","category-infantil","category-info-setmanal","category-portada"],"post_mailing_queue_ids":[],"_links":{"self":[{"href":"https:\/\/agora.xtec.cat\/ceipfarigolaclot\/wp-json\/wp\/v2\/posts\/36676","targetHints":{"allow":["GET"]}}],"collection":[{"href":"https:\/\/agora.xtec.cat\/ceipfarigolaclot\/wp-json\/wp\/v2\/posts"}],"about":[{"href":"https:\/\/agora.xtec.cat\/ceipfarigolaclot\/wp-json\/wp\/v2\/types\/post"}],"author":[{"embeddable":true,"href":"https:\/\/agora.xtec.cat\/ceipfarigolaclot\/wp-json\/wp\/v2\/users\/1"}],"replies":[{"embeddable":true,"href":"https:\/\/agora.xtec.cat\/ceipfarigolaclot\/wp-json\/wp\/v2\/comments?post=36676"}],"version-history":[{"count":1,"href":"https:\/\/agora.xtec.cat\/ceipfarigolaclot\/wp-json\/wp\/v2\/posts\/36676\/revisions"}],"predecessor-version":[{"id":36677,"href":"https:\/\/agora.xtec.cat\/ceipfarigolaclot\/wp-json\/wp\/v2\/posts\/36676\/revisions\/36677"}],"wp:attachment":[{"href":"https:\/\/agora.xtec.cat\/ceipfarigolaclot\/wp-json\/wp\/v2\/media?parent=36676"}],"wp:term":[{"taxonomy":"category","embeddable":true,"href":"https:\/\/agora.xtec.cat\/ceipfarigolaclot\/wp-json\/wp\/v2\/categories?post=36676"},{"taxonomy":"post_tag","embeddable":true,"href":"https:\/\/agora.xtec.cat\/ceipfarigolaclot\/wp-json\/wp\/v2\/tags?post=36676"}],"curies":[{"name":"wp","href":"https:\/\/api.w.org\/{rel}","templated":true}]}}