{"id":36439,"date":"2023-10-20T14:26:09","date_gmt":"2023-10-20T12:26:09","guid":{"rendered":"https:\/\/agora.xtec.cat\/ceipfarigolaclot\/?p=36439"},"modified":"2023-10-20T14:26:09","modified_gmt":"2023-10-20T12:26:09","slug":"sortides-pedagogiques-i-activitats-especials-4","status":"publish","type":"post","link":"https:\/\/agora.xtec.cat\/ceipfarigolaclot\/infantil\/p3\/sortides-pedagogiques-i-activitats-especials-4\/","title":{"rendered":"Sortides pedag\u00f2giques i activitats especials"},"content":{"rendered":"<ul>\n<li class=\"cvGsUA direction-ltr align-justify para-style-body\"><span class=\"OYPEnA text-decoration-none text-strikethrough-none\"><strong>I3:<\/strong> <\/span><span class=\"OYPEnA text-decoration-none text-strikethrough-none\">el dia 27 d\u2019octubre, al mat\u00ed, anirem caminant al Parc del Clot. (<\/span><a class=\"OYPEnA text-decoration-underline text-strikethrough-none\" draggable=\"false\" href=\"https:\/\/maps.app.goo.gl\/8dEBtugs6NugJ34YA\" target=\"_blank\" rel=\"noopener\">https:\/\/maps.app.goo.gl\/8dEBtugs6NugJ34YA<\/a><span class=\"OYPEnA text-decoration-none text-strikethrough-none\">)<\/span><\/li>\n<li class=\"cvGsUA direction-ltr align-justify para-style-body\"><strong><span class=\"OYPEnA text-decoration-none text-strikethrough-none\">I4: <\/span><\/strong><span class=\"OYPEnA text-decoration-none text-strikethrough-none\">el dia 25 d\u2019octubre, al mat\u00ed, anirem caminant al Parc del Clot. (<\/span><a class=\"OYPEnA text-decoration-underline text-strikethrough-none\" draggable=\"false\" href=\"https:\/\/maps.app.goo.gl\/8dEBtugs6NugJ34YA\" target=\"_blank\" rel=\"noopener\">https:\/\/maps.app.goo.gl\/8dEBtugs6NugJ34YA<\/a><span class=\"OYPEnA text-decoration-none text-strikethrough-none\">)<\/span><\/li>\n<li class=\"cvGsUA direction-ltr align-justify para-style-body\"><strong><span class=\"OYPEnA text-decoration-none text-strikethrough-none\">1r:<\/span><\/strong><span class=\"OYPEnA text-decoration-none text-strikethrough-none\"> el divendres, 27 d\u2019octubre, al mat\u00ed, l&#8217;alumnat de 1r gaudir\u00e0 de l&#8217;espai de joc 0-99 a la Clariana de Gl\u00f2ries. L&#8217;alumnat podr\u00e0 gaudir de: jocs de taula, jocs tradicionals, jocs d\u2019arreu del m\u00f3n, jocs gegants, etc. Tots ells s\u00f3n accessibles, interculturals i coeducatius. Aquesta activitat est\u00e0 relacionada amb la Baula de les Joguines. 1r B tornar\u00e0 a l\u2019escola a les 12:45 aproximadament.\u00a0<\/span><span class=\"OYPEnA text-decoration-none text-strikethrough-none\">(<\/span><a class=\"OYPEnA text-decoration-underline text-strikethrough-none\" draggable=\"false\" href=\"https:\/\/maps.app.goo.gl\/1HorLMJcKuTh1tUt7\" target=\"_blank\" rel=\"noopener\">https:\/\/maps.app.goo.gl\/1HorLMJcKuTh1tUt7<\/a><span class=\"OYPEnA text-decoration-none text-strikethrough-none\">)<\/span><\/li>\n<li class=\"cvGsUA direction-ltr align-justify para-style-body\"><strong><span class=\"OYPEnA text-decoration-none text-strikethrough-none\">5\u00e8: <\/span><\/strong><span class=\"OYPEnA text-decoration-none text-strikethrough-none\">els dies 26 i 27, l\u2019alumnat de 5\u00e8 gaudir\u00e0 de dos dies de col\u00f2nies a El Collell (<\/span><a class=\"OYPEnA text-decoration-underline text-strikethrough-none\" draggable=\"false\" href=\"https:\/\/maps.app.goo.gl\/Gc7jPgYkXAzPXn3MA\" target=\"_blank\" rel=\"noopener\">https:\/\/maps.app.goo.gl\/Gc7jPgYkXAzPXn3MA<\/a><span class=\"OYPEnA text-decoration-none text-strikethrough-none\">).<\/span><\/li>\n<li class=\"cvGsUA direction-ltr align-justify para-style-body\"><strong><span class=\"OYPEnA text-decoration-none text-strikethrough-none\">6\u00e8:<\/span><\/strong><span class=\"OYPEnA text-decoration-none text-strikethrough-none\"> el dilluns, 23 d\u2019octubre, al mat\u00ed, l&#8217;alumnat de 6\u00e8 visita el Parlament de Catalunya<\/span> <span class=\"OYPEnA text-decoration-none text-strikethrough-none\">amb relaci\u00f3 a la Baula \u201cDiari d&#8217;unes eleccions\u201d. Utilitzarem el metro com a mitj\u00e0 de transport.\u00a0<\/span><span class=\"OYPEnA text-decoration-none text-strikethrough-none\">(<\/span><a class=\"OYPEnA text-decoration-underline text-strikethrough-none\" draggable=\"false\" href=\"https:\/\/maps.app.goo.gl\/zKLfgd8cXvGmh9ca7\" target=\"_blank\" rel=\"noopener\">https:\/\/maps.app.goo.gl\/zKLfgd8cXvGmh9ca7<\/a><span class=\"OYPEnA text-decoration-none text-strikethrough-none\">)<\/span><\/li>\n<\/ul>\n","protected":false},"excerpt":{"rendered":"<p>I3: el dia 27 d\u2019octubre, al mat\u00ed, anirem caminant al Parc del Clot. (https:\/\/maps.app.goo.gl\/8dEBtugs6NugJ34YA) I4: el dia 25 d\u2019octubre, al [&hellip;]<\/p>\n","protected":false},"author":1,"featured_media":0,"comment_status":"open","ping_status":"closed","sticky":false,"template":"","format":"standard","meta":{"_bbp_topic_count":0,"_bbp_reply_count":0,"_bbp_total_topic_count":0,"_bbp_total_reply_count":0,"_bbp_voice_count":0,"_bbp_anonymous_reply_count":0,"_bbp_topic_count_hidden":0,"_bbp_reply_count_hidden":0,"_bbp_forum_subforum_count":0,"site-sidebar-layout":"default","site-content-layout":"","ast-site-content-layout":"","site-content-style":"default","site-sidebar-style":"default","ast-global-header-display":"","ast-banner-title-visibility":"","ast-main-header-display":"","ast-hfb-above-header-display":"","ast-hfb-below-header-display":"","ast-hfb-mobile-header-display":"","site-post-title":"","ast-breadcrumbs-content":"","ast-featured-img":"","footer-sml-layout":"","theme-transparent-header-meta":"","adv-header-id-meta":"","stick-header-meta":"","header-above-stick-meta":"","header-main-stick-meta":"","header-below-stick-meta":"","astra-migrate-meta-layouts":"default","ast-page-background-enabled":"default","ast-page-background-meta":{"desktop":{"background-color":"var(--ast-global-color-4)","background-image":"","background-repeat":"repeat","background-position":"center center","background-size":"auto","background-attachment":"scroll","background-type":"","background-media":"","overlay-type":"","overlay-color":"","overlay-opacity":"","overlay-gradient":""},"tablet":{"background-color":"","background-image":"","background-repeat":"repeat","background-position":"center center","background-size":"auto","background-attachment":"scroll","background-type":"","background-media":"","overlay-type":"","overlay-color":"","overlay-opacity":"","overlay-gradient":""},"mobile":{"background-color":"","background-image":"","background-repeat":"repeat","background-position":"center center","background-size":"auto","background-attachment":"scroll","background-type":"","background-media":"","overlay-type":"","overlay-color":"","overlay-opacity":"","overlay-gradient":""}},"ast-content-background-meta":{"desktop":{"background-color":"var(--ast-global-color-5)","background-image":"","background-repeat":"repeat","background-position":"center center","background-size":"auto","background-attachment":"scroll","background-type":"","background-media":"","overlay-type":"","overlay-color":"","overlay-opacity":"","overlay-gradient":""},"tablet":{"background-color":"var(--ast-global-color-5)","background-image":"","background-repeat":"repeat","background-position":"center center","background-size":"auto","background-attachment":"scroll","background-type":"","background-media":"","overlay-type":"","overlay-color":"","overlay-opacity":"","overlay-gradient":""},"mobile":{"background-color":"var(--ast-global-color-5)","background-image":"","background-repeat":"repeat","background-position":"center center","background-size":"auto","background-attachment":"scroll","background-type":"","background-media":"","overlay-type":"","overlay-color":"","overlay-opacity":"","overlay-gradient":""}},"footnotes":""},"categories":[10,14,15,3,8,61,4],"tags":[],"class_list":["post-36439","post","type-post","status-publish","format-standard","hentry","category-1r","category-5e","category-6e","category-p3","category-p4","category-info-setmanal","category-portada"],"post_mailing_queue_ids":[],"_links":{"self":[{"href":"https:\/\/agora.xtec.cat\/ceipfarigolaclot\/wp-json\/wp\/v2\/posts\/36439","targetHints":{"allow":["GET"]}}],"collection":[{"href":"https:\/\/agora.xtec.cat\/ceipfarigolaclot\/wp-json\/wp\/v2\/posts"}],"about":[{"href":"https:\/\/agora.xtec.cat\/ceipfarigolaclot\/wp-json\/wp\/v2\/types\/post"}],"author":[{"embeddable":true,"href":"https:\/\/agora.xtec.cat\/ceipfarigolaclot\/wp-json\/wp\/v2\/users\/1"}],"replies":[{"embeddable":true,"href":"https:\/\/agora.xtec.cat\/ceipfarigolaclot\/wp-json\/wp\/v2\/comments?post=36439"}],"version-history":[{"count":1,"href":"https:\/\/agora.xtec.cat\/ceipfarigolaclot\/wp-json\/wp\/v2\/posts\/36439\/revisions"}],"predecessor-version":[{"id":36440,"href":"https:\/\/agora.xtec.cat\/ceipfarigolaclot\/wp-json\/wp\/v2\/posts\/36439\/revisions\/36440"}],"wp:attachment":[{"href":"https:\/\/agora.xtec.cat\/ceipfarigolaclot\/wp-json\/wp\/v2\/media?parent=36439"}],"wp:term":[{"taxonomy":"category","embeddable":true,"href":"https:\/\/agora.xtec.cat\/ceipfarigolaclot\/wp-json\/wp\/v2\/categories?post=36439"},{"taxonomy":"post_tag","embeddable":true,"href":"https:\/\/agora.xtec.cat\/ceipfarigolaclot\/wp-json\/wp\/v2\/tags?post=36439"}],"curies":[{"name":"wp","href":"https:\/\/api.w.org\/{rel}","templated":true}]}}