{"id":33025,"date":"2022-12-02T14:48:07","date_gmt":"2022-12-02T13:48:07","guid":{"rendered":"https:\/\/agora.xtec.cat\/ceipfarigolaclot\/?p=33025"},"modified":"2022-12-02T14:48:07","modified_gmt":"2022-12-02T13:48:07","slug":"educacio-infantil-tallers-amb-families","status":"publish","type":"post","link":"https:\/\/agora.xtec.cat\/ceipfarigolaclot\/infantil\/educacio-infantil-tallers-amb-families\/","title":{"rendered":"Educaci\u00f3 infantil: tallers amb fam\u00edlies"},"content":{"rendered":"<p>Com ja us vam comentar a les reunions d&#8217;inici de curs, durant 9 setmanes, els vostres fills i filles dedicaran les tardes de dijous a fer els tallers internivells.<\/p>\n<p>\u00c9s a dir, es barrejaran els nens i les nenes dels diferents cursos (I3, I4 i I5) i es faran nou grups rotatius de 15 nens\/es\u00a0 aproximadament, de manera que tots els grups passaran per tots els tallers.<\/p>\n<p>Aquests tallers s&#8217;iniciaran el 19 de gener i acabaran el 16 de mar\u00e7.<\/p>\n<p>Tenim un grup de fam\u00edlies per col\u00b7laborar de forma volunt\u00e0ria als nostres tallers, si alguna fam\u00edlia no es va inscriure, encara hi sou a temps, poseu-vos en contacte amb la vostra tutora. Els que us vau inscriure el dia de la reuni\u00f3, ja rebreu informaci\u00f3 per correu electr\u00f2nic.<\/p>\n<p>Al mes de gener us farem arribar m\u00e9s detalls sobre com anir\u00e0 l&#8217;organitzaci\u00f3 i en qu\u00e8 consistiran aquests tallers.<\/p>\n<p>Gr\u00e0cies per la vostra col\u00b7laboraci\u00f3.<\/p>\n<p style=\"text-align: right;\"><em>Mestres d&#8217;educaci\u00f3 infantil<\/em><\/p>\n<p style=\"text-align: center;\"><img loading=\"lazy\" decoding=\"async\" class=\"aligncenter wp-image-32996 size-medium\" src=\"https:\/\/agora.xtec.cat\/ceipfarigolaclot\/wp-content\/uploads\/usu983\/2022\/12\/Tallers-300x300.png\" alt=\"\" width=\"300\" height=\"300\" srcset=\"https:\/\/agora.xtec.cat\/ceipfarigolaclot\/wp-content\/uploads\/usu983\/2022\/12\/Tallers-300x300.png 300w, https:\/\/agora.xtec.cat\/ceipfarigolaclot\/wp-content\/uploads\/usu983\/2022\/12\/Tallers-150x150.png 150w, https:\/\/agora.xtec.cat\/ceipfarigolaclot\/wp-content\/uploads\/usu983\/2022\/12\/Tallers.png 500w\" sizes=\"auto, (max-width: 300px) 100vw, 300px\" \/><\/p>\n","protected":false},"excerpt":{"rendered":"<p>Com ja us vam comentar a les reunions d&#8217;inici de curs, durant 9 setmanes, els vostres fills i filles dedicaran [&hellip;]<\/p>\n","protected":false},"author":1,"featured_media":32996,"comment_status":"open","ping_status":"closed","sticky":false,"template":"","format":"standard","meta":{"_bbp_topic_count":0,"_bbp_reply_count":0,"_bbp_total_topic_count":0,"_bbp_total_reply_count":0,"_bbp_voice_count":0,"_bbp_anonymous_reply_count":0,"_bbp_topic_count_hidden":0,"_bbp_reply_count_hidden":0,"_bbp_forum_subforum_count":0,"site-sidebar-layout":"default","site-content-layout":"","ast-site-content-layout":"","site-content-style":"default","site-sidebar-style":"default","ast-global-header-display":"","ast-banner-title-visibility":"","ast-main-header-display":"","ast-hfb-above-header-display":"","ast-hfb-below-header-display":"","ast-hfb-mobile-header-display":"","site-post-title":"","ast-breadcrumbs-content":"","ast-featured-img":"","footer-sml-layout":"","theme-transparent-header-meta":"","adv-header-id-meta":"","stick-header-meta":"","header-above-stick-meta":"","header-main-stick-meta":"","header-below-stick-meta":"","astra-migrate-meta-layouts":"default","ast-page-background-enabled":"default","ast-page-background-meta":{"desktop":{"background-color":"var(--ast-global-color-4)","background-image":"","background-repeat":"repeat","background-position":"center center","background-size":"auto","background-attachment":"scroll","background-type":"","background-media":"","overlay-type":"","overlay-color":"","overlay-opacity":"","overlay-gradient":""},"tablet":{"background-color":"","background-image":"","background-repeat":"repeat","background-position":"center center","background-size":"auto","background-attachment":"scroll","background-type":"","background-media":"","overlay-type":"","overlay-color":"","overlay-opacity":"","overlay-gradient":""},"mobile":{"background-color":"","background-image":"","background-repeat":"repeat","background-position":"center center","background-size":"auto","background-attachment":"scroll","background-type":"","background-media":"","overlay-type":"","overlay-color":"","overlay-opacity":"","overlay-gradient":""}},"ast-content-background-meta":{"desktop":{"background-color":"var(--ast-global-color-5)","background-image":"","background-repeat":"repeat","background-position":"center center","background-size":"auto","background-attachment":"scroll","background-type":"","background-media":"","overlay-type":"","overlay-color":"","overlay-opacity":"","overlay-gradient":""},"tablet":{"background-color":"var(--ast-global-color-5)","background-image":"","background-repeat":"repeat","background-position":"center center","background-size":"auto","background-attachment":"scroll","background-type":"","background-media":"","overlay-type":"","overlay-color":"","overlay-opacity":"","overlay-gradient":""},"mobile":{"background-color":"var(--ast-global-color-5)","background-image":"","background-repeat":"repeat","background-position":"center center","background-size":"auto","background-attachment":"scroll","background-type":"","background-media":"","overlay-type":"","overlay-color":"","overlay-opacity":"","overlay-gradient":""}},"footnotes":""},"categories":[3,8,9,2,61,4],"tags":[],"class_list":["post-33025","post","type-post","status-publish","format-standard","has-post-thumbnail","hentry","category-p3","category-p4","category-p5","category-infantil","category-info-setmanal","category-portada"],"post_mailing_queue_ids":[],"_links":{"self":[{"href":"https:\/\/agora.xtec.cat\/ceipfarigolaclot\/wp-json\/wp\/v2\/posts\/33025","targetHints":{"allow":["GET"]}}],"collection":[{"href":"https:\/\/agora.xtec.cat\/ceipfarigolaclot\/wp-json\/wp\/v2\/posts"}],"about":[{"href":"https:\/\/agora.xtec.cat\/ceipfarigolaclot\/wp-json\/wp\/v2\/types\/post"}],"author":[{"embeddable":true,"href":"https:\/\/agora.xtec.cat\/ceipfarigolaclot\/wp-json\/wp\/v2\/users\/1"}],"replies":[{"embeddable":true,"href":"https:\/\/agora.xtec.cat\/ceipfarigolaclot\/wp-json\/wp\/v2\/comments?post=33025"}],"version-history":[{"count":1,"href":"https:\/\/agora.xtec.cat\/ceipfarigolaclot\/wp-json\/wp\/v2\/posts\/33025\/revisions"}],"predecessor-version":[{"id":33026,"href":"https:\/\/agora.xtec.cat\/ceipfarigolaclot\/wp-json\/wp\/v2\/posts\/33025\/revisions\/33026"}],"wp:featuredmedia":[{"embeddable":true,"href":"https:\/\/agora.xtec.cat\/ceipfarigolaclot\/wp-json\/wp\/v2\/media\/32996"}],"wp:attachment":[{"href":"https:\/\/agora.xtec.cat\/ceipfarigolaclot\/wp-json\/wp\/v2\/media?parent=33025"}],"wp:term":[{"taxonomy":"category","embeddable":true,"href":"https:\/\/agora.xtec.cat\/ceipfarigolaclot\/wp-json\/wp\/v2\/categories?post=33025"},{"taxonomy":"post_tag","embeddable":true,"href":"https:\/\/agora.xtec.cat\/ceipfarigolaclot\/wp-json\/wp\/v2\/tags?post=33025"}],"curies":[{"name":"wp","href":"https:\/\/api.w.org\/{rel}","templated":true}]}}