{"id":33021,"date":"2022-12-02T14:45:05","date_gmt":"2022-12-02T13:45:05","guid":{"rendered":"https:\/\/agora.xtec.cat\/ceipfarigolaclot\/?p=33021"},"modified":"2022-12-02T23:28:15","modified_gmt":"2022-12-02T22:28:15","slug":"educacio-infantil-i3-i4-i5-oncle-buscall","status":"publish","type":"post","link":"https:\/\/agora.xtec.cat\/ceipfarigolaclot\/infantil\/educacio-infantil-i3-i4-i5-oncle-buscall\/","title":{"rendered":"Educaci\u00f3 Infantil (I3, I4, I5): Oncle Buscall"},"content":{"rendered":"<p>Durant aquests dies del mes desembre els nens i nenes d&#8217;educaci\u00f3 infantil us parlaran d&#8217;uns ulls que han de buscar als arbres de l&#8217;escola. Es tracta d&#8217;una activitat que fem des de fa uns quants anys i gira al voltant de la llegenda de l\u2019oncle Buscall.<\/p>\n<p>Adjuntem la hist\u00f2ria per si necessiteu recordar-la, principalment per a les fam\u00edlies d&#8217;I3.<\/p>\n<p>L\u2019oncle Buscall \u00e9s un personatge que despenja els tions dels arbres i en t\u00e9 cura fins que, per Nadal, els porta als nens i nenes perqu\u00e8 els facin \u201ccagar\u201d.<\/p>\n<p>Us adjuntem l&#8217;enlla\u00e7 del conte, la can\u00e7\u00f3 en MP3 i un v\u00eddeo.<\/p>\n<p style=\"text-align: center;\"><a href=\"https:\/\/onclebuscall.files.wordpress.com\/2013\/11\/onclebuscall_conte.pdf\" target=\"_blank\" rel=\"noopener\">Conte<\/a> | <a href=\"https:\/\/www.youtube.com\/embed\/ww0WuPlFytI\" target=\"_blank\" rel=\"noopener\">Can\u00e7\u00f3<\/a><\/p>\n<p>IMPORTANT: Els nens no en saben res, de moment, les tutores s&#8217;encarreguen d\u2019explicar la llegenda a classe. L&#8217;oncle Buscall arribar\u00e0 a l\u2019escola el 13 de desembre.<\/p>\n<p style=\"text-align: right;\"><em>Mestres d&#8217;educaci\u00f3 infantil<\/em><\/p>\n<p><img loading=\"lazy\" decoding=\"async\" class=\"aligncenter wp-image-32997 size-medium\" src=\"https:\/\/agora.xtec.cat\/ceipfarigolaclot\/wp-content\/uploads\/usu983\/2022\/12\/tio1-768x560-1-300x219.jpg\" alt=\"\" width=\"300\" height=\"219\" srcset=\"https:\/\/agora.xtec.cat\/ceipfarigolaclot\/wp-content\/uploads\/usu983\/2022\/12\/tio1-768x560-1-300x219.jpg 300w, https:\/\/agora.xtec.cat\/ceipfarigolaclot\/wp-content\/uploads\/usu983\/2022\/12\/tio1-768x560-1.jpg 768w\" sizes=\"auto, (max-width: 300px) 100vw, 300px\" \/><\/p>\n","protected":false},"excerpt":{"rendered":"<p>Durant aquests dies del mes desembre els nens i nenes d&#8217;educaci\u00f3 infantil us parlaran d&#8217;uns ulls que han de buscar [&hellip;]<\/p>\n","protected":false},"author":1,"featured_media":32997,"comment_status":"open","ping_status":"closed","sticky":false,"template":"","format":"standard","meta":{"_bbp_topic_count":0,"_bbp_reply_count":0,"_bbp_total_topic_count":0,"_bbp_total_reply_count":0,"_bbp_voice_count":0,"_bbp_anonymous_reply_count":0,"_bbp_topic_count_hidden":0,"_bbp_reply_count_hidden":0,"_bbp_forum_subforum_count":0,"site-sidebar-layout":"default","site-content-layout":"","ast-site-content-layout":"","site-content-style":"default","site-sidebar-style":"default","ast-global-header-display":"","ast-banner-title-visibility":"","ast-main-header-display":"","ast-hfb-above-header-display":"","ast-hfb-below-header-display":"","ast-hfb-mobile-header-display":"","site-post-title":"","ast-breadcrumbs-content":"","ast-featured-img":"","footer-sml-layout":"","theme-transparent-header-meta":"","adv-header-id-meta":"","stick-header-meta":"","header-above-stick-meta":"","header-main-stick-meta":"","header-below-stick-meta":"","astra-migrate-meta-layouts":"default","ast-page-background-enabled":"default","ast-page-background-meta":{"desktop":{"background-color":"var(--ast-global-color-4)","background-image":"","background-repeat":"repeat","background-position":"center center","background-size":"auto","background-attachment":"scroll","background-type":"","background-media":"","overlay-type":"","overlay-color":"","overlay-opacity":"","overlay-gradient":""},"tablet":{"background-color":"","background-image":"","background-repeat":"repeat","background-position":"center center","background-size":"auto","background-attachment":"scroll","background-type":"","background-media":"","overlay-type":"","overlay-color":"","overlay-opacity":"","overlay-gradient":""},"mobile":{"background-color":"","background-image":"","background-repeat":"repeat","background-position":"center center","background-size":"auto","background-attachment":"scroll","background-type":"","background-media":"","overlay-type":"","overlay-color":"","overlay-opacity":"","overlay-gradient":""}},"ast-content-background-meta":{"desktop":{"background-color":"var(--ast-global-color-5)","background-image":"","background-repeat":"repeat","background-position":"center center","background-size":"auto","background-attachment":"scroll","background-type":"","background-media":"","overlay-type":"","overlay-color":"","overlay-opacity":"","overlay-gradient":""},"tablet":{"background-color":"var(--ast-global-color-5)","background-image":"","background-repeat":"repeat","background-position":"center center","background-size":"auto","background-attachment":"scroll","background-type":"","background-media":"","overlay-type":"","overlay-color":"","overlay-opacity":"","overlay-gradient":""},"mobile":{"background-color":"var(--ast-global-color-5)","background-image":"","background-repeat":"repeat","background-position":"center center","background-size":"auto","background-attachment":"scroll","background-type":"","background-media":"","overlay-type":"","overlay-color":"","overlay-opacity":"","overlay-gradient":""}},"footnotes":""},"categories":[3,8,9,2,61,4],"tags":[],"class_list":["post-33021","post","type-post","status-publish","format-standard","has-post-thumbnail","hentry","category-p3","category-p4","category-p5","category-infantil","category-info-setmanal","category-portada"],"post_mailing_queue_ids":[],"_links":{"self":[{"href":"https:\/\/agora.xtec.cat\/ceipfarigolaclot\/wp-json\/wp\/v2\/posts\/33021","targetHints":{"allow":["GET"]}}],"collection":[{"href":"https:\/\/agora.xtec.cat\/ceipfarigolaclot\/wp-json\/wp\/v2\/posts"}],"about":[{"href":"https:\/\/agora.xtec.cat\/ceipfarigolaclot\/wp-json\/wp\/v2\/types\/post"}],"author":[{"embeddable":true,"href":"https:\/\/agora.xtec.cat\/ceipfarigolaclot\/wp-json\/wp\/v2\/users\/1"}],"replies":[{"embeddable":true,"href":"https:\/\/agora.xtec.cat\/ceipfarigolaclot\/wp-json\/wp\/v2\/comments?post=33021"}],"version-history":[{"count":2,"href":"https:\/\/agora.xtec.cat\/ceipfarigolaclot\/wp-json\/wp\/v2\/posts\/33021\/revisions"}],"predecessor-version":[{"id":33032,"href":"https:\/\/agora.xtec.cat\/ceipfarigolaclot\/wp-json\/wp\/v2\/posts\/33021\/revisions\/33032"}],"wp:featuredmedia":[{"embeddable":true,"href":"https:\/\/agora.xtec.cat\/ceipfarigolaclot\/wp-json\/wp\/v2\/media\/32997"}],"wp:attachment":[{"href":"https:\/\/agora.xtec.cat\/ceipfarigolaclot\/wp-json\/wp\/v2\/media?parent=33021"}],"wp:term":[{"taxonomy":"category","embeddable":true,"href":"https:\/\/agora.xtec.cat\/ceipfarigolaclot\/wp-json\/wp\/v2\/categories?post=33021"},{"taxonomy":"post_tag","embeddable":true,"href":"https:\/\/agora.xtec.cat\/ceipfarigolaclot\/wp-json\/wp\/v2\/tags?post=33021"}],"curies":[{"name":"wp","href":"https:\/\/api.w.org\/{rel}","templated":true}]}}