{"id":32780,"date":"2022-11-18T13:02:36","date_gmt":"2022-11-18T12:02:36","guid":{"rendered":"https:\/\/agora.xtec.cat\/ceipfarigolaclot\/?p=32780"},"modified":"2022-11-18T13:02:36","modified_gmt":"2022-11-18T12:02:36","slug":"escola-el-nostre-ocellet-fa-7-anys","status":"publish","type":"post","link":"https:\/\/agora.xtec.cat\/ceipfarigolaclot\/portada\/escola-el-nostre-ocellet-fa-7-anys\/","title":{"rendered":"Escola: el nostre \u201cocellet\u201d fa 7 anys!"},"content":{"rendered":"<p>Aquest dilluns, 21 de novembre, el nostre ocellet m\u00e9s conegut fa 7 anys! Aquell dia, l\u2019escola es va sumar a les xarxes socials mitjan\u00e7ant l\u2019aplicaci\u00f3 Twitter amb l\u2019objectiu de guanyar immediatesa en la comunicaci\u00f3 dels continguts adre\u00e7ats a les fam\u00edlies del centre.<\/p>\n<p>Durant aquest per\u00edode, m\u00e9s de 1.300 \u201cfollowers\u201d estan al dia de les nostres publicacions que superen ja les 8.220 piulades.<\/p>\n<p>Anys m\u00e9s tard, aquest \u201cocellet\u201d ha tingut una germaneta a l\u2019aplicaci\u00f3 Instagram que, a poc a poc, va creixent i que promet arribar tamb\u00e9 a un gran nombre de persones, amb continguts m\u00e9s variats i din\u00e0mics.<\/p>\n<p>Agra\u00efm l\u2019esfor\u00e7 del tot el professorat que ha sumat una tasca m\u00e9s a les moltes que ja tenia en el seu dia a dia amb l\u2019\u00fanic prop\u00f2sit d\u2019arribar directament a les fam\u00edlies del centre i a tothom que hi estigui interessat.<\/p>\n<p>Moltes felicitats!<\/p>\n<p><img loading=\"lazy\" decoding=\"async\" class=\"size-full wp-image-32768 aligncenter\" src=\"https:\/\/agora.xtec.cat\/ceipfarigolaclot\/wp-content\/uploads\/usu983\/2022\/11\/baixa.png\" alt=\"\" width=\"311\" height=\"162\" srcset=\"https:\/\/agora.xtec.cat\/ceipfarigolaclot\/wp-content\/uploads\/usu983\/2022\/11\/baixa.png 311w, https:\/\/agora.xtec.cat\/ceipfarigolaclot\/wp-content\/uploads\/usu983\/2022\/11\/baixa-300x156.png 300w\" sizes=\"auto, (max-width: 311px) 100vw, 311px\" \/><\/p>\n","protected":false},"excerpt":{"rendered":"<p>Aquest dilluns, 21 de novembre, el nostre ocellet m\u00e9s conegut fa 7 anys! Aquell dia, l\u2019escola es va sumar a [&hellip;]<\/p>\n","protected":false},"author":1,"featured_media":32768,"comment_status":"open","ping_status":"closed","sticky":false,"template":"","format":"standard","meta":{"_bbp_topic_count":0,"_bbp_reply_count":0,"_bbp_total_topic_count":0,"_bbp_total_reply_count":0,"_bbp_voice_count":0,"_bbp_anonymous_reply_count":0,"_bbp_topic_count_hidden":0,"_bbp_reply_count_hidden":0,"_bbp_forum_subforum_count":0,"site-sidebar-layout":"default","site-content-layout":"","ast-site-content-layout":"","site-content-style":"default","site-sidebar-style":"default","ast-global-header-display":"","ast-banner-title-visibility":"","ast-main-header-display":"","ast-hfb-above-header-display":"","ast-hfb-below-header-display":"","ast-hfb-mobile-header-display":"","site-post-title":"","ast-breadcrumbs-content":"","ast-featured-img":"","footer-sml-layout":"","theme-transparent-header-meta":"","adv-header-id-meta":"","stick-header-meta":"","header-above-stick-meta":"","header-main-stick-meta":"","header-below-stick-meta":"","astra-migrate-meta-layouts":"default","ast-page-background-enabled":"default","ast-page-background-meta":{"desktop":{"background-color":"var(--ast-global-color-4)","background-image":"","background-repeat":"repeat","background-position":"center center","background-size":"auto","background-attachment":"scroll","background-type":"","background-media":"","overlay-type":"","overlay-color":"","overlay-opacity":"","overlay-gradient":""},"tablet":{"background-color":"","background-image":"","background-repeat":"repeat","background-position":"center center","background-size":"auto","background-attachment":"scroll","background-type":"","background-media":"","overlay-type":"","overlay-color":"","overlay-opacity":"","overlay-gradient":""},"mobile":{"background-color":"","background-image":"","background-repeat":"repeat","background-position":"center center","background-size":"auto","background-attachment":"scroll","background-type":"","background-media":"","overlay-type":"","overlay-color":"","overlay-opacity":"","overlay-gradient":""}},"ast-content-background-meta":{"desktop":{"background-color":"var(--ast-global-color-5)","background-image":"","background-repeat":"repeat","background-position":"center center","background-size":"auto","background-attachment":"scroll","background-type":"","background-media":"","overlay-type":"","overlay-color":"","overlay-opacity":"","overlay-gradient":""},"tablet":{"background-color":"var(--ast-global-color-5)","background-image":"","background-repeat":"repeat","background-position":"center center","background-size":"auto","background-attachment":"scroll","background-type":"","background-media":"","overlay-type":"","overlay-color":"","overlay-opacity":"","overlay-gradient":""},"mobile":{"background-color":"var(--ast-global-color-5)","background-image":"","background-repeat":"repeat","background-position":"center center","background-size":"auto","background-attachment":"scroll","background-type":"","background-media":"","overlay-type":"","overlay-color":"","overlay-opacity":"","overlay-gradient":""}},"footnotes":""},"categories":[61,4],"tags":[],"class_list":["post-32780","post","type-post","status-publish","format-standard","has-post-thumbnail","hentry","category-info-setmanal","category-portada"],"post_mailing_queue_ids":[],"_links":{"self":[{"href":"https:\/\/agora.xtec.cat\/ceipfarigolaclot\/wp-json\/wp\/v2\/posts\/32780","targetHints":{"allow":["GET"]}}],"collection":[{"href":"https:\/\/agora.xtec.cat\/ceipfarigolaclot\/wp-json\/wp\/v2\/posts"}],"about":[{"href":"https:\/\/agora.xtec.cat\/ceipfarigolaclot\/wp-json\/wp\/v2\/types\/post"}],"author":[{"embeddable":true,"href":"https:\/\/agora.xtec.cat\/ceipfarigolaclot\/wp-json\/wp\/v2\/users\/1"}],"replies":[{"embeddable":true,"href":"https:\/\/agora.xtec.cat\/ceipfarigolaclot\/wp-json\/wp\/v2\/comments?post=32780"}],"version-history":[{"count":1,"href":"https:\/\/agora.xtec.cat\/ceipfarigolaclot\/wp-json\/wp\/v2\/posts\/32780\/revisions"}],"predecessor-version":[{"id":32781,"href":"https:\/\/agora.xtec.cat\/ceipfarigolaclot\/wp-json\/wp\/v2\/posts\/32780\/revisions\/32781"}],"wp:featuredmedia":[{"embeddable":true,"href":"https:\/\/agora.xtec.cat\/ceipfarigolaclot\/wp-json\/wp\/v2\/media\/32768"}],"wp:attachment":[{"href":"https:\/\/agora.xtec.cat\/ceipfarigolaclot\/wp-json\/wp\/v2\/media?parent=32780"}],"wp:term":[{"taxonomy":"category","embeddable":true,"href":"https:\/\/agora.xtec.cat\/ceipfarigolaclot\/wp-json\/wp\/v2\/categories?post=32780"},{"taxonomy":"post_tag","embeddable":true,"href":"https:\/\/agora.xtec.cat\/ceipfarigolaclot\/wp-json\/wp\/v2\/tags?post=32780"}],"curies":[{"name":"wp","href":"https:\/\/api.w.org\/{rel}","templated":true}]}}