{"id":32474,"date":"2022-11-04T15:00:51","date_gmt":"2022-11-04T14:00:51","guid":{"rendered":"https:\/\/agora.xtec.cat\/ceipfarigolaclot\/?p=32474"},"modified":"2022-11-04T15:00:51","modified_gmt":"2022-11-04T14:00:51","slug":"5e-educacio-emocional","status":"publish","type":"post","link":"https:\/\/agora.xtec.cat\/ceipfarigolaclot\/portada\/5e-educacio-emocional\/","title":{"rendered":"5\u00e8: educaci\u00f3 emocional"},"content":{"rendered":"<p>L\u2019alumnat de 5\u00e8 d\u2019educaci\u00f3 prim\u00e0ria, seguint una de les l\u00ednies que marca el nostre projecte educatiu de centre, l\u2019educaci\u00f3 emocional, realitza un seguit de pr\u00e0ctiques que tenen com a objectiu desenvolupar la seva atenci\u00f3 i consci\u00e8ncia en el moment present. Ho fem a trav\u00e9s de din\u00e0miques o pr\u00e0ctiques a l&#8217;aula o en algun altre espai de l\u2019escola que creiem que pot ser un escenari perfecte per aquests tipus de situacions.<\/p>\n<p>T\u00e8cniques de respiraci\u00f3, meditacions, din\u00e0miques per desenvolupar la consci\u00e8ncia en el moment present, activitats de cohesi\u00f3 social, entre d\u2019altres, s\u00f3n algunes de les activitats que el professorat est\u00e0 portant a terme i que aplica a les aules gr\u00e0cies a la formaci\u00f3 que est\u00e0 rebent durant aquest curs escolar: ioga i t\u00e8cniques emocionals.<\/p>\n<p>El m\u00e9s important, per\u00f2, s\u00f3n les reflexions posteriors que l\u2019alumnat fa en acabar aquestes activitats. Aix\u00ed doncs, per guardar totes aquestes idees tan valuoses que l\u2019alumnat realitza a les aules, hem creat i iniciat el Diari de les Emocions. En aquest diari es recopilen les conclusions o idees claus de cadascuna de les activitats realitzades i es remarquen aquelles bones pr\u00e0ctiques que es poden aplicar en la nostra vida real.<\/p>\n<p>Aquesta setmana hem gaudit de la pr\u00e0ctica \u201cEquilibri\u201d. En aquesta activitat l\u2019alumnat ha iniciat la seva primera reflexi\u00f3 cr\u00edtica sobre l\u2019ajuda que donem o rebem en el nostre dia a dia i com gestionar-la.<\/p>\n<p>Considerem l\u2019educaci\u00f3 emocional com un dels eixos vertebradors de l\u2019\u00e8xit de la nostra societat.<\/p>\n<p><img loading=\"lazy\" decoding=\"async\" class=\"wp-image-32461 size-medium aligncenter\" src=\"https:\/\/agora.xtec.cat\/ceipfarigolaclot\/wp-content\/uploads\/usu983\/2022\/11\/image_6483441-300x225.jpg\" alt=\"\" width=\"300\" height=\"225\" srcset=\"https:\/\/agora.xtec.cat\/ceipfarigolaclot\/wp-content\/uploads\/usu983\/2022\/11\/image_6483441-300x225.jpg 300w, https:\/\/agora.xtec.cat\/ceipfarigolaclot\/wp-content\/uploads\/usu983\/2022\/11\/image_6483441-1024x768.jpg 1024w, https:\/\/agora.xtec.cat\/ceipfarigolaclot\/wp-content\/uploads\/usu983\/2022\/11\/image_6483441-768x576.jpg 768w, https:\/\/agora.xtec.cat\/ceipfarigolaclot\/wp-content\/uploads\/usu983\/2022\/11\/image_6483441-1536x1152.jpg 1536w, https:\/\/agora.xtec.cat\/ceipfarigolaclot\/wp-content\/uploads\/usu983\/2022\/11\/image_6483441-200x150.jpg 200w, https:\/\/agora.xtec.cat\/ceipfarigolaclot\/wp-content\/uploads\/usu983\/2022\/11\/image_6483441.jpg 2048w\" sizes=\"auto, (max-width: 300px) 100vw, 300px\" \/> <img loading=\"lazy\" decoding=\"async\" class=\"wp-image-32462 size-medium aligncenter\" src=\"https:\/\/agora.xtec.cat\/ceipfarigolaclot\/wp-content\/uploads\/usu983\/2022\/11\/image_6487327-225x300.jpg\" alt=\"\" width=\"225\" height=\"300\" srcset=\"https:\/\/agora.xtec.cat\/ceipfarigolaclot\/wp-content\/uploads\/usu983\/2022\/11\/image_6487327-225x300.jpg 225w, https:\/\/agora.xtec.cat\/ceipfarigolaclot\/wp-content\/uploads\/usu983\/2022\/11\/image_6487327-768x1024.jpg 768w, https:\/\/agora.xtec.cat\/ceipfarigolaclot\/wp-content\/uploads\/usu983\/2022\/11\/image_6487327-1152x1536.jpg 1152w, https:\/\/agora.xtec.cat\/ceipfarigolaclot\/wp-content\/uploads\/usu983\/2022\/11\/image_6487327.jpg 1536w\" sizes=\"auto, (max-width: 225px) 100vw, 225px\" \/><\/p>\n","protected":false},"excerpt":{"rendered":"<p>L\u2019alumnat de 5\u00e8 d\u2019educaci\u00f3 prim\u00e0ria, seguint una de les l\u00ednies que marca el nostre projecte educatiu de centre, l\u2019educaci\u00f3 emocional, [&hellip;]<\/p>\n","protected":false},"author":1,"featured_media":32461,"comment_status":"open","ping_status":"closed","sticky":false,"template":"","format":"standard","meta":{"_bbp_topic_count":0,"_bbp_reply_count":0,"_bbp_total_topic_count":0,"_bbp_total_reply_count":0,"_bbp_voice_count":0,"_bbp_anonymous_reply_count":0,"_bbp_topic_count_hidden":0,"_bbp_reply_count_hidden":0,"_bbp_forum_subforum_count":0,"site-sidebar-layout":"default","site-content-layout":"","ast-site-content-layout":"","site-content-style":"default","site-sidebar-style":"default","ast-global-header-display":"","ast-banner-title-visibility":"","ast-main-header-display":"","ast-hfb-above-header-display":"","ast-hfb-below-header-display":"","ast-hfb-mobile-header-display":"","site-post-title":"","ast-breadcrumbs-content":"","ast-featured-img":"","footer-sml-layout":"","theme-transparent-header-meta":"","adv-header-id-meta":"","stick-header-meta":"","header-above-stick-meta":"","header-main-stick-meta":"","header-below-stick-meta":"","astra-migrate-meta-layouts":"default","ast-page-background-enabled":"default","ast-page-background-meta":{"desktop":{"background-color":"var(--ast-global-color-4)","background-image":"","background-repeat":"repeat","background-position":"center center","background-size":"auto","background-attachment":"scroll","background-type":"","background-media":"","overlay-type":"","overlay-color":"","overlay-opacity":"","overlay-gradient":""},"tablet":{"background-color":"","background-image":"","background-repeat":"repeat","background-position":"center center","background-size":"auto","background-attachment":"scroll","background-type":"","background-media":"","overlay-type":"","overlay-color":"","overlay-opacity":"","overlay-gradient":""},"mobile":{"background-color":"","background-image":"","background-repeat":"repeat","background-position":"center center","background-size":"auto","background-attachment":"scroll","background-type":"","background-media":"","overlay-type":"","overlay-color":"","overlay-opacity":"","overlay-gradient":""}},"ast-content-background-meta":{"desktop":{"background-color":"var(--ast-global-color-5)","background-image":"","background-repeat":"repeat","background-position":"center center","background-size":"auto","background-attachment":"scroll","background-type":"","background-media":"","overlay-type":"","overlay-color":"","overlay-opacity":"","overlay-gradient":""},"tablet":{"background-color":"var(--ast-global-color-5)","background-image":"","background-repeat":"repeat","background-position":"center center","background-size":"auto","background-attachment":"scroll","background-type":"","background-media":"","overlay-type":"","overlay-color":"","overlay-opacity":"","overlay-gradient":""},"mobile":{"background-color":"var(--ast-global-color-5)","background-image":"","background-repeat":"repeat","background-position":"center center","background-size":"auto","background-attachment":"scroll","background-type":"","background-media":"","overlay-type":"","overlay-color":"","overlay-opacity":"","overlay-gradient":""}},"footnotes":""},"categories":[14,61,4],"tags":[],"class_list":["post-32474","post","type-post","status-publish","format-standard","has-post-thumbnail","hentry","category-5e","category-info-setmanal","category-portada"],"post_mailing_queue_ids":[],"_links":{"self":[{"href":"https:\/\/agora.xtec.cat\/ceipfarigolaclot\/wp-json\/wp\/v2\/posts\/32474","targetHints":{"allow":["GET"]}}],"collection":[{"href":"https:\/\/agora.xtec.cat\/ceipfarigolaclot\/wp-json\/wp\/v2\/posts"}],"about":[{"href":"https:\/\/agora.xtec.cat\/ceipfarigolaclot\/wp-json\/wp\/v2\/types\/post"}],"author":[{"embeddable":true,"href":"https:\/\/agora.xtec.cat\/ceipfarigolaclot\/wp-json\/wp\/v2\/users\/1"}],"replies":[{"embeddable":true,"href":"https:\/\/agora.xtec.cat\/ceipfarigolaclot\/wp-json\/wp\/v2\/comments?post=32474"}],"version-history":[{"count":1,"href":"https:\/\/agora.xtec.cat\/ceipfarigolaclot\/wp-json\/wp\/v2\/posts\/32474\/revisions"}],"predecessor-version":[{"id":32475,"href":"https:\/\/agora.xtec.cat\/ceipfarigolaclot\/wp-json\/wp\/v2\/posts\/32474\/revisions\/32475"}],"wp:featuredmedia":[{"embeddable":true,"href":"https:\/\/agora.xtec.cat\/ceipfarigolaclot\/wp-json\/wp\/v2\/media\/32461"}],"wp:attachment":[{"href":"https:\/\/agora.xtec.cat\/ceipfarigolaclot\/wp-json\/wp\/v2\/media?parent=32474"}],"wp:term":[{"taxonomy":"category","embeddable":true,"href":"https:\/\/agora.xtec.cat\/ceipfarigolaclot\/wp-json\/wp\/v2\/categories?post=32474"},{"taxonomy":"post_tag","embeddable":true,"href":"https:\/\/agora.xtec.cat\/ceipfarigolaclot\/wp-json\/wp\/v2\/tags?post=32474"}],"curies":[{"name":"wp","href":"https:\/\/api.w.org\/{rel}","templated":true}]}}