{"id":32386,"date":"2022-10-28T13:36:25","date_gmt":"2022-10-28T11:36:25","guid":{"rendered":"https:\/\/agora.xtec.cat\/ceipfarigolaclot\/?p=32386"},"modified":"2022-10-28T13:36:25","modified_gmt":"2022-10-28T11:36:25","slug":"educacio-infantil-i3-i4-i-i5-programa-1-2-3-emocio","status":"publish","type":"post","link":"https:\/\/agora.xtec.cat\/ceipfarigolaclot\/infantil\/educacio-infantil-i3-i4-i-i5-programa-1-2-3-emocio\/","title":{"rendered":"Educaci\u00f3 infantil (I3, I4 i I5): Programa 1, 2, 3 emoci\u00f3."},"content":{"rendered":"<p>Com ja sabeu, des del curs passat\u00a0 a educaci\u00f3 infantil\u00a0 seguim un projecte sobre les emocions que es complementar\u00e0 amb el que ja s\u2019havia iniciat el curs anterior. Cada nivell far\u00e0 unes activitats diferents dins dels temes que s\u00f3n comuns a I3, I4 i I5.<\/p>\n<p>Aquest projecte impulsat per l\u2019Ag\u00e8ncia de Salut P\u00fablica de Barcelona es diu 1,2,3 emoci\u00f3.<\/p>\n<p>L&#8217;objectiu general del programa \u00e9s la promoci\u00f3 de la salut i la prevenci\u00f3 de conductes de risc mitjan\u00e7ant el desenvolupament de compet\u00e8ncies emocionals.<\/p>\n<p>Els temes que treballarem al llarg del curs seran:<\/p>\n<p>&#8211; Pertinen\u00e7a, en la que es treballa el sentiment de pert\u00e0nyer a un grup que t\u2019aprecia i t\u2019accepta i la valoraci\u00f3 positiva d&#8217;aquest fet.<\/p>\n<p>&#8211; Autoestima, relacionada amb la valoraci\u00f3 positiva de l\u2019autoconcepte tenint en compte els rols socials i el paper que juguen aquests en el desenvolupament de l&#8217;autoestima.<\/p>\n<p>&#8211; Amistat, centrada en les estrat\u00e8gies per potenciar la cooperaci\u00f3 i els vincles afectius amb els i les iguals.<\/p>\n<p>&#8211; Reptes, relacionada amb marcar-se objectius realistes, motivar-se i perseverar malgrat les dificultats.<\/p>\n<p>&#8211; Just\u00edcia i assetjament, centrada en l&#8217;enfrontament i la gesti\u00f3 de conflictes.<\/p>\n<p>&#8211; Canvis, p\u00e8rdues i mort, en la que es treballen els canvis i les emocions associades.<\/p>\n<p>En algunes d&#8217;aquestes activitats demanarem la vostra participaci\u00f3 per portar-les a terme.<\/p>\n<p>Us deixem un v\u00eddeo explicatiu del programa, principalment per a les fam\u00edlies d&#8217;I3<\/p>\n<p style=\"text-align: center;\"><a href=\"https:\/\/www.youtube.com\/watch?v=vhpwo15L2l0\" target=\"_blank\" rel=\"noopener\">https:\/\/www.youtube.com\/watch?v=vhpwo15L2l0<\/a><\/p>\n<p><img loading=\"lazy\" decoding=\"async\" class=\"size-full wp-image-32360 aligncenter\" src=\"https:\/\/agora.xtec.cat\/ceipfarigolaclot\/wp-content\/uploads\/usu983\/2022\/10\/descarga-2.jpg\" alt=\"\" width=\"307\" height=\"164\" srcset=\"https:\/\/agora.xtec.cat\/ceipfarigolaclot\/wp-content\/uploads\/usu983\/2022\/10\/descarga-2.jpg 307w, https:\/\/agora.xtec.cat\/ceipfarigolaclot\/wp-content\/uploads\/usu983\/2022\/10\/descarga-2-300x160.jpg 300w\" sizes=\"auto, (max-width: 307px) 100vw, 307px\" \/><\/p>\n","protected":false},"excerpt":{"rendered":"<p>Com ja sabeu, des del curs passat\u00a0 a educaci\u00f3 infantil\u00a0 seguim un projecte sobre les emocions que es complementar\u00e0 amb [&hellip;]<\/p>\n","protected":false},"author":1,"featured_media":32360,"comment_status":"open","ping_status":"closed","sticky":false,"template":"","format":"standard","meta":{"_bbp_topic_count":0,"_bbp_reply_count":0,"_bbp_total_topic_count":0,"_bbp_total_reply_count":0,"_bbp_voice_count":0,"_bbp_anonymous_reply_count":0,"_bbp_topic_count_hidden":0,"_bbp_reply_count_hidden":0,"_bbp_forum_subforum_count":0,"site-sidebar-layout":"default","site-content-layout":"","ast-site-content-layout":"","site-content-style":"default","site-sidebar-style":"default","ast-global-header-display":"","ast-banner-title-visibility":"","ast-main-header-display":"","ast-hfb-above-header-display":"","ast-hfb-below-header-display":"","ast-hfb-mobile-header-display":"","site-post-title":"","ast-breadcrumbs-content":"","ast-featured-img":"","footer-sml-layout":"","theme-transparent-header-meta":"","adv-header-id-meta":"","stick-header-meta":"","header-above-stick-meta":"","header-main-stick-meta":"","header-below-stick-meta":"","astra-migrate-meta-layouts":"default","ast-page-background-enabled":"default","ast-page-background-meta":{"desktop":{"background-color":"var(--ast-global-color-4)","background-image":"","background-repeat":"repeat","background-position":"center center","background-size":"auto","background-attachment":"scroll","background-type":"","background-media":"","overlay-type":"","overlay-color":"","overlay-opacity":"","overlay-gradient":""},"tablet":{"background-color":"","background-image":"","background-repeat":"repeat","background-position":"center center","background-size":"auto","background-attachment":"scroll","background-type":"","background-media":"","overlay-type":"","overlay-color":"","overlay-opacity":"","overlay-gradient":""},"mobile":{"background-color":"","background-image":"","background-repeat":"repeat","background-position":"center center","background-size":"auto","background-attachment":"scroll","background-type":"","background-media":"","overlay-type":"","overlay-color":"","overlay-opacity":"","overlay-gradient":""}},"ast-content-background-meta":{"desktop":{"background-color":"var(--ast-global-color-5)","background-image":"","background-repeat":"repeat","background-position":"center center","background-size":"auto","background-attachment":"scroll","background-type":"","background-media":"","overlay-type":"","overlay-color":"","overlay-opacity":"","overlay-gradient":""},"tablet":{"background-color":"var(--ast-global-color-5)","background-image":"","background-repeat":"repeat","background-position":"center center","background-size":"auto","background-attachment":"scroll","background-type":"","background-media":"","overlay-type":"","overlay-color":"","overlay-opacity":"","overlay-gradient":""},"mobile":{"background-color":"var(--ast-global-color-5)","background-image":"","background-repeat":"repeat","background-position":"center center","background-size":"auto","background-attachment":"scroll","background-type":"","background-media":"","overlay-type":"","overlay-color":"","overlay-opacity":"","overlay-gradient":""}},"footnotes":""},"categories":[3,8,9,2,61,4],"tags":[],"class_list":["post-32386","post","type-post","status-publish","format-standard","has-post-thumbnail","hentry","category-p3","category-p4","category-p5","category-infantil","category-info-setmanal","category-portada"],"post_mailing_queue_ids":[],"_links":{"self":[{"href":"https:\/\/agora.xtec.cat\/ceipfarigolaclot\/wp-json\/wp\/v2\/posts\/32386","targetHints":{"allow":["GET"]}}],"collection":[{"href":"https:\/\/agora.xtec.cat\/ceipfarigolaclot\/wp-json\/wp\/v2\/posts"}],"about":[{"href":"https:\/\/agora.xtec.cat\/ceipfarigolaclot\/wp-json\/wp\/v2\/types\/post"}],"author":[{"embeddable":true,"href":"https:\/\/agora.xtec.cat\/ceipfarigolaclot\/wp-json\/wp\/v2\/users\/1"}],"replies":[{"embeddable":true,"href":"https:\/\/agora.xtec.cat\/ceipfarigolaclot\/wp-json\/wp\/v2\/comments?post=32386"}],"version-history":[{"count":1,"href":"https:\/\/agora.xtec.cat\/ceipfarigolaclot\/wp-json\/wp\/v2\/posts\/32386\/revisions"}],"predecessor-version":[{"id":32387,"href":"https:\/\/agora.xtec.cat\/ceipfarigolaclot\/wp-json\/wp\/v2\/posts\/32386\/revisions\/32387"}],"wp:featuredmedia":[{"embeddable":true,"href":"https:\/\/agora.xtec.cat\/ceipfarigolaclot\/wp-json\/wp\/v2\/media\/32360"}],"wp:attachment":[{"href":"https:\/\/agora.xtec.cat\/ceipfarigolaclot\/wp-json\/wp\/v2\/media?parent=32386"}],"wp:term":[{"taxonomy":"category","embeddable":true,"href":"https:\/\/agora.xtec.cat\/ceipfarigolaclot\/wp-json\/wp\/v2\/categories?post=32386"},{"taxonomy":"post_tag","embeddable":true,"href":"https:\/\/agora.xtec.cat\/ceipfarigolaclot\/wp-json\/wp\/v2\/tags?post=32386"}],"curies":[{"name":"wp","href":"https:\/\/api.w.org\/{rel}","templated":true}]}}