{"id":32281,"date":"2022-10-21T15:35:44","date_gmt":"2022-10-21T13:35:44","guid":{"rendered":"https:\/\/agora.xtec.cat\/ceipfarigolaclot\/?p=32281"},"modified":"2022-10-21T15:35:44","modified_gmt":"2022-10-21T13:35:44","slug":"i5-activitat-familiar","status":"publish","type":"post","link":"https:\/\/agora.xtec.cat\/ceipfarigolaclot\/portada\/i5-activitat-familiar\/","title":{"rendered":"I5: activitat familiar"},"content":{"rendered":"<p>Us compartim la informaci\u00f3 d&#8217;una activitat d&#8217;AMB (\u00c0rea Metropolitana de Barcelona) que ens ha semblat interessant pels grups d\u2019I5 de la nostra escola, ja que t\u00e9 a veure amb el nom de les nostres classes.<\/p>\n<p>Es tracta d&#8217;una activitat d&#8217;anellament cient\u00edfic d&#8217;aus al parc de la Riba-Roja de Viladecans pel proper diumenge 6 de novembre.<\/p>\n<p>\u00c9s una activitat gratu\u00efta que cal inscripci\u00f3 pr\u00e8via i podeu fer amb fam\u00edlia.<\/p>\n<p>Trobareu tota la informaci\u00f3 en aquest enlla\u00e7:<\/p>\n<p style=\"text-align: center;\"><a href=\"https:\/\/www.amb.cat\/ca\/web\/territori\/agenda\/detall\/-\/activitat\/anellament-cientific-d-aus-al-parc-de-la-torre-roja\/13162930\/11656?_ActivitatSearchListPortlet_WAR_AMBSearchPortletportlet_eternal=true\" target=\"_blank\" rel=\"noopener\">Anellament cient\u00edfic d&#8217;aus al parc de la Torre-Roja &#8211; \u00c0rea Metropolitana de Barcelona<\/a><\/p>\n<p>Des de l&#8217;escola, us animem a participar-hi.<\/p>\n<p style=\"text-align: right;\"><em>Tutores d&#8217;I5<\/em><\/p>\n<p><img loading=\"lazy\" decoding=\"async\" class=\"size-full wp-image-32231 aligncenter\" src=\"https:\/\/agora.xtec.cat\/ceipfarigolaclot\/wp-content\/uploads\/usu983\/2022\/10\/2397801-1.jpg\" alt=\"\" width=\"400\" height=\"260\" srcset=\"https:\/\/agora.xtec.cat\/ceipfarigolaclot\/wp-content\/uploads\/usu983\/2022\/10\/2397801-1.jpg 400w, https:\/\/agora.xtec.cat\/ceipfarigolaclot\/wp-content\/uploads\/usu983\/2022\/10\/2397801-1-300x195.jpg 300w\" sizes=\"auto, (max-width: 400px) 100vw, 400px\" \/><\/p>\n","protected":false},"excerpt":{"rendered":"<p>Us compartim la informaci\u00f3 d&#8217;una activitat d&#8217;AMB (\u00c0rea Metropolitana de Barcelona) que ens ha semblat interessant pels grups d\u2019I5 de [&hellip;]<\/p>\n","protected":false},"author":1,"featured_media":32231,"comment_status":"open","ping_status":"closed","sticky":false,"template":"","format":"standard","meta":{"_bbp_topic_count":0,"_bbp_reply_count":0,"_bbp_total_topic_count":0,"_bbp_total_reply_count":0,"_bbp_voice_count":0,"_bbp_anonymous_reply_count":0,"_bbp_topic_count_hidden":0,"_bbp_reply_count_hidden":0,"_bbp_forum_subforum_count":0,"site-sidebar-layout":"default","site-content-layout":"","ast-site-content-layout":"","site-content-style":"default","site-sidebar-style":"default","ast-global-header-display":"","ast-banner-title-visibility":"","ast-main-header-display":"","ast-hfb-above-header-display":"","ast-hfb-below-header-display":"","ast-hfb-mobile-header-display":"","site-post-title":"","ast-breadcrumbs-content":"","ast-featured-img":"","footer-sml-layout":"","theme-transparent-header-meta":"","adv-header-id-meta":"","stick-header-meta":"","header-above-stick-meta":"","header-main-stick-meta":"","header-below-stick-meta":"","astra-migrate-meta-layouts":"default","ast-page-background-enabled":"default","ast-page-background-meta":{"desktop":{"background-color":"var(--ast-global-color-4)","background-image":"","background-repeat":"repeat","background-position":"center center","background-size":"auto","background-attachment":"scroll","background-type":"","background-media":"","overlay-type":"","overlay-color":"","overlay-opacity":"","overlay-gradient":""},"tablet":{"background-color":"","background-image":"","background-repeat":"repeat","background-position":"center center","background-size":"auto","background-attachment":"scroll","background-type":"","background-media":"","overlay-type":"","overlay-color":"","overlay-opacity":"","overlay-gradient":""},"mobile":{"background-color":"","background-image":"","background-repeat":"repeat","background-position":"center center","background-size":"auto","background-attachment":"scroll","background-type":"","background-media":"","overlay-type":"","overlay-color":"","overlay-opacity":"","overlay-gradient":""}},"ast-content-background-meta":{"desktop":{"background-color":"var(--ast-global-color-5)","background-image":"","background-repeat":"repeat","background-position":"center center","background-size":"auto","background-attachment":"scroll","background-type":"","background-media":"","overlay-type":"","overlay-color":"","overlay-opacity":"","overlay-gradient":""},"tablet":{"background-color":"var(--ast-global-color-5)","background-image":"","background-repeat":"repeat","background-position":"center center","background-size":"auto","background-attachment":"scroll","background-type":"","background-media":"","overlay-type":"","overlay-color":"","overlay-opacity":"","overlay-gradient":""},"mobile":{"background-color":"var(--ast-global-color-5)","background-image":"","background-repeat":"repeat","background-position":"center center","background-size":"auto","background-attachment":"scroll","background-type":"","background-media":"","overlay-type":"","overlay-color":"","overlay-opacity":"","overlay-gradient":""}},"footnotes":""},"categories":[9,61,4],"tags":[],"class_list":["post-32281","post","type-post","status-publish","format-standard","has-post-thumbnail","hentry","category-p5","category-info-setmanal","category-portada"],"post_mailing_queue_ids":[],"_links":{"self":[{"href":"https:\/\/agora.xtec.cat\/ceipfarigolaclot\/wp-json\/wp\/v2\/posts\/32281","targetHints":{"allow":["GET"]}}],"collection":[{"href":"https:\/\/agora.xtec.cat\/ceipfarigolaclot\/wp-json\/wp\/v2\/posts"}],"about":[{"href":"https:\/\/agora.xtec.cat\/ceipfarigolaclot\/wp-json\/wp\/v2\/types\/post"}],"author":[{"embeddable":true,"href":"https:\/\/agora.xtec.cat\/ceipfarigolaclot\/wp-json\/wp\/v2\/users\/1"}],"replies":[{"embeddable":true,"href":"https:\/\/agora.xtec.cat\/ceipfarigolaclot\/wp-json\/wp\/v2\/comments?post=32281"}],"version-history":[{"count":1,"href":"https:\/\/agora.xtec.cat\/ceipfarigolaclot\/wp-json\/wp\/v2\/posts\/32281\/revisions"}],"predecessor-version":[{"id":32282,"href":"https:\/\/agora.xtec.cat\/ceipfarigolaclot\/wp-json\/wp\/v2\/posts\/32281\/revisions\/32282"}],"wp:featuredmedia":[{"embeddable":true,"href":"https:\/\/agora.xtec.cat\/ceipfarigolaclot\/wp-json\/wp\/v2\/media\/32231"}],"wp:attachment":[{"href":"https:\/\/agora.xtec.cat\/ceipfarigolaclot\/wp-json\/wp\/v2\/media?parent=32281"}],"wp:term":[{"taxonomy":"category","embeddable":true,"href":"https:\/\/agora.xtec.cat\/ceipfarigolaclot\/wp-json\/wp\/v2\/categories?post=32281"},{"taxonomy":"post_tag","embeddable":true,"href":"https:\/\/agora.xtec.cat\/ceipfarigolaclot\/wp-json\/wp\/v2\/tags?post=32281"}],"curies":[{"name":"wp","href":"https:\/\/api.w.org\/{rel}","templated":true}]}}