{"id":31771,"date":"2022-09-30T09:40:16","date_gmt":"2022-09-30T07:40:16","guid":{"rendered":"https:\/\/agora.xtec.cat\/ceipfarigolaclot\/?p=31771"},"modified":"2022-10-14T23:51:44","modified_gmt":"2022-10-14T21:51:44","slug":"afa-reunio-piscina-extraescolar-reunion-piscina-extraescolar","status":"publish","type":"post","link":"https:\/\/agora.xtec.cat\/ceipfarigolaclot\/afa\/afa-reunio-piscina-extraescolar-reunion-piscina-extraescolar\/","title":{"rendered":"AFA: reuni\u00f3 piscina extraescolar \/\/ reuni\u00f3n piscina extraescolar"},"content":{"rendered":"<p>Primer de tot, donar-vos les gr\u00e0cies a les fam\u00edlies per venir a la reuni\u00f3 de l\u2019extraescolar de piscina.<\/p>\n<p>Us fem cinc c\u00e8ntims a les que no heu pogut assistir.<\/p>\n<p>Els infants han de portar una sola motxilla el dia de piscina: dins d&#8217;aquesta us recomanem que poseu una bossa de pl\u00e0stic o impermeable i dins una tovallola de mida bany, un casquet de bany, un banyador, unes xancles o mitjons de piscina, i en cas de necessitar-les, unes ulleres de piscina.<\/p>\n<p>Recomanem que els infants portin banyador tipus pantal\u00f3 o calceta, per facilitar la feina de posar i treure.<\/p>\n<p>Els infants amb el cabell llarg, millor el portin recollit i si \u00e9s possible i amb casquet de bany de silicona, ja que es mulla menys el cabell.<\/p>\n<p>El dia de l\u2019activitat, l&#8217;infant ha de portar roba c\u00f2moda, cal\u00e7at de velcro, i de cara l&#8217;hivern una gorra\/barret pel fred per sortir al carrer.<\/p>\n<p>Recordeu que tot ha d&#8217;anar marcat amb el nom de l&#8217;infant.<\/p>\n<p>Els infants seran recollits per monitors de Xino Xano a les seves respectives aules i els traslladaran fins a la piscina Vintr\u00f3, situada al carrer del Consell de Cent amb Meridiana, on duran a terme l&#8217;activitat aqu\u00e0tica.<\/p>\n<p>Vosaltres fam\u00edlies heu d&#8217;anar a recollir-los al Vintr\u00f3 a les 18.15\u202fh. Encara que us recomaneu que estigueu al voltant de les 18\u202fh per assegurar un bon trasp\u00e0s dels infants.<\/p>\n<p>Moltes gr\u00e0cies, i esperem que els vostres infants gaudeixin de l&#8217;activitat.<\/p>\n<p>&#8212;&#8212;&#8212;&#8212;&#8212;&#8212;&#8212;&#8212;&#8212;&#8212;&#8212;&#8212;&#8212;&#8212;&#8212;&#8212;&#8212;&#8212;&#8212;&#8212;&#8212;&#8212;&#8212;&#8212;&#8211;<\/p>\n<p><em>Damos las gracias a las familias que asististeis a la reuni\u00f3n de la extraescolar de piscina y os resumimos los puntos principales a las familias que no hab\u00e9is podido estar.<\/em><\/p>\n<p><em>Los\/as ni\u00f1os\/as tienen que llevar una sola mochila el d\u00eda de piscina: dentro de la cual os recomendamos que pong\u00e1is una bolsa de pl\u00e1stico o impermeable y dentro de esta una toalla de medida de ba\u00f1o, un gorro de piscina, un ba\u00f1ador, unas chanclas o calcetines de piscina, y si se necesitan unas gafas de piscina.<\/em><\/p>\n<p><em>Recomendamos que los\/as ni\u00f1os\/as lleven un ba\u00f1ador de tipo pantal\u00f3n o braguita, para facilitar el trabajo de poner y sacar. <\/em><\/p>\n<p><em>Los\/as ni\u00f1os\/as con el pelo largo, mejor lo lleven recogido y si es posible con un gorro de piscina de silicona para que se moje menos el pelo.<\/em><\/p>\n<p><em>El d\u00eda de la actividad, el\/la ni\u00f1o\/a tiene que llevar ropa c\u00f3moda, calzado de velcro y de cara al invierno un gorro por el fr\u00edo para salir a la calle.<\/em><\/p>\n<p><em>Recordad que todo tiene que ir marcado con el nombre del\/de la ni\u00f1o\/a.<\/em><\/p>\n<p><em>Los\/as ni\u00f1os\/as ser\u00e1n recogidos\/as por monitores de Xino Xano en sus respectivas clases y los\/las llevar\u00e1n hasta la piscina Vintr\u00f3, situada en la calle Consejo de Ciento con Meridiana, donde tendr\u00e1 lugar la actividad acu\u00e1tica.<\/em><\/p>\n<p><em>Vosotros las familias ten\u00e9is que ir a recoger-los\/las al Vintr\u00f3 a las 18.15 h. Aunque os recomendamos que llegu\u00e9is sobre las 18 h para asegurar una buena recogida de los\/las ni\u00f1os\/as. <\/em><\/p>\n<p><em>Muchas gracias, esperamos que vuestros ni\u00f1os\/as disfruten de la actividad.<\/em><\/p>\n","protected":false},"excerpt":{"rendered":"<p>Primer de tot, donar-vos les gr\u00e0cies a les fam\u00edlies per venir a la reuni\u00f3 de l\u2019extraescolar de piscina. Us fem [&hellip;]<\/p>\n","protected":false},"author":1,"featured_media":0,"comment_status":"open","ping_status":"closed","sticky":false,"template":"","format":"standard","meta":{"_bbp_topic_count":0,"_bbp_reply_count":0,"_bbp_total_topic_count":0,"_bbp_total_reply_count":0,"_bbp_voice_count":0,"_bbp_anonymous_reply_count":0,"_bbp_topic_count_hidden":0,"_bbp_reply_count_hidden":0,"_bbp_forum_subforum_count":0,"site-sidebar-layout":"default","site-content-layout":"","ast-site-content-layout":"","site-content-style":"default","site-sidebar-style":"default","ast-global-header-display":"","ast-banner-title-visibility":"","ast-main-header-display":"","ast-hfb-above-header-display":"","ast-hfb-below-header-display":"","ast-hfb-mobile-header-display":"","site-post-title":"","ast-breadcrumbs-content":"","ast-featured-img":"","footer-sml-layout":"","theme-transparent-header-meta":"","adv-header-id-meta":"","stick-header-meta":"","header-above-stick-meta":"","header-main-stick-meta":"","header-below-stick-meta":"","astra-migrate-meta-layouts":"default","ast-page-background-enabled":"default","ast-page-background-meta":{"desktop":{"background-color":"var(--ast-global-color-4)","background-image":"","background-repeat":"repeat","background-position":"center center","background-size":"auto","background-attachment":"scroll","background-type":"","background-media":"","overlay-type":"","overlay-color":"","overlay-opacity":"","overlay-gradient":""},"tablet":{"background-color":"","background-image":"","background-repeat":"repeat","background-position":"center center","background-size":"auto","background-attachment":"scroll","background-type":"","background-media":"","overlay-type":"","overlay-color":"","overlay-opacity":"","overlay-gradient":""},"mobile":{"background-color":"","background-image":"","background-repeat":"repeat","background-position":"center center","background-size":"auto","background-attachment":"scroll","background-type":"","background-media":"","overlay-type":"","overlay-color":"","overlay-opacity":"","overlay-gradient":""}},"ast-content-background-meta":{"desktop":{"background-color":"var(--ast-global-color-5)","background-image":"","background-repeat":"repeat","background-position":"center center","background-size":"auto","background-attachment":"scroll","background-type":"","background-media":"","overlay-type":"","overlay-color":"","overlay-opacity":"","overlay-gradient":""},"tablet":{"background-color":"var(--ast-global-color-5)","background-image":"","background-repeat":"repeat","background-position":"center center","background-size":"auto","background-attachment":"scroll","background-type":"","background-media":"","overlay-type":"","overlay-color":"","overlay-opacity":"","overlay-gradient":""},"mobile":{"background-color":"var(--ast-global-color-5)","background-image":"","background-repeat":"repeat","background-position":"center center","background-size":"auto","background-attachment":"scroll","background-type":"","background-media":"","overlay-type":"","overlay-color":"","overlay-opacity":"","overlay-gradient":""}},"footnotes":""},"categories":[7,61],"tags":[],"class_list":["post-31771","post","type-post","status-publish","format-standard","hentry","category-afa","category-info-setmanal"],"post_mailing_queue_ids":[],"_links":{"self":[{"href":"https:\/\/agora.xtec.cat\/ceipfarigolaclot\/wp-json\/wp\/v2\/posts\/31771","targetHints":{"allow":["GET"]}}],"collection":[{"href":"https:\/\/agora.xtec.cat\/ceipfarigolaclot\/wp-json\/wp\/v2\/posts"}],"about":[{"href":"https:\/\/agora.xtec.cat\/ceipfarigolaclot\/wp-json\/wp\/v2\/types\/post"}],"author":[{"embeddable":true,"href":"https:\/\/agora.xtec.cat\/ceipfarigolaclot\/wp-json\/wp\/v2\/users\/1"}],"replies":[{"embeddable":true,"href":"https:\/\/agora.xtec.cat\/ceipfarigolaclot\/wp-json\/wp\/v2\/comments?post=31771"}],"version-history":[{"count":1,"href":"https:\/\/agora.xtec.cat\/ceipfarigolaclot\/wp-json\/wp\/v2\/posts\/31771\/revisions"}],"predecessor-version":[{"id":31772,"href":"https:\/\/agora.xtec.cat\/ceipfarigolaclot\/wp-json\/wp\/v2\/posts\/31771\/revisions\/31772"}],"wp:attachment":[{"href":"https:\/\/agora.xtec.cat\/ceipfarigolaclot\/wp-json\/wp\/v2\/media?parent=31771"}],"wp:term":[{"taxonomy":"category","embeddable":true,"href":"https:\/\/agora.xtec.cat\/ceipfarigolaclot\/wp-json\/wp\/v2\/categories?post=31771"},{"taxonomy":"post_tag","embeddable":true,"href":"https:\/\/agora.xtec.cat\/ceipfarigolaclot\/wp-json\/wp\/v2\/tags?post=31771"}],"curies":[{"name":"wp","href":"https:\/\/api.w.org\/{rel}","templated":true}]}}