{"id":31277,"date":"2022-09-02T14:30:55","date_gmt":"2022-09-02T12:30:55","guid":{"rendered":"https:\/\/agora.xtec.cat\/ceipfarigolaclot\/?p=31277"},"modified":"2022-10-13T10:22:57","modified_gmt":"2022-10-13T08:22:57","slug":"cicle-inicial-1r-i-2n-benvinguda","status":"publish","type":"post","link":"https:\/\/agora.xtec.cat\/ceipfarigolaclot\/portada\/cicle-inicial-1r-i-2n-benvinguda\/","title":{"rendered":"Cicle inicial (1r i 2n): benvinguda"},"content":{"rendered":"<p>Les mestres de cicle inicial estem molt il\u00b7lusionades per poder rebre els infants i omplir les nostres aules de somriures. Dilluns ho farem possible!<\/p>\n<p>Dilluns a les 9 els infants entraran per la porta de cicle inicial, primer cridarem l&#8217;alumnat de 2n i a continuaci\u00f3 al de 1r. Un cop dins farem els nous grups, coneixerem personalment les tutores i especialistes, presentarem els espais i farem din\u00e0miques de cohesi\u00f3.<\/p>\n<p>A la sortida us preguem que sigueu una mica pacients fins que les mestres us coneguem. Des de la porta, saludeu als vostres fills i filles i ells i elles s&#8217;acomiadaran de nosaltres i sortiran. Per facilitar aquesta tasca, preguem que les fam\u00edlies de 1r es posin a la dreta de la porta (m\u00e9s a prop de la porta principal) i les fam\u00edlies de 2n a l&#8217;esquerra (al cant\u00f3 de l&#8217;aparcament de bicicletes).<\/p>\n<p>A continuaci\u00f3 us recordem una s\u00e8rie de coses que tamb\u00e9, cal tenir en compte:<\/p>\n<p style=\"padding-left: 40px;\">&#8211; Els infants han de portar motxilla sense rodes.<\/p>\n<p style=\"padding-left: 40px;\">&#8211; Cal que els nens i nenes portin embolcalls sostenibles o carmanyola amb l&#8217;esmorzar i una cantimplora d&#8217;alumini o pl\u00e0stic dur (reutilitzable), per tal de tenir cura del medi ambient.<\/p>\n<p style=\"padding-left: 40px;\">&#8211; Dimecres han de portar fruita, ja que \u00e9s el &#8220;Dia de la Fruita&#8221; a l&#8217;escola.<\/p>\n<p>A m\u00e9s, durant la primera setmana han de portar:<\/p>\n<p style=\"padding-left: 40px;\">&#8211; Un coix\u00ed de cadira que farem servir en estones de ioga, rotllana i lectura marcat amb el nom de l&#8217;infant.<\/p>\n<p style=\"padding-left: 40px;\">&#8211; Una bata amb veta marcada amb el nom que utilitzarem en les sessions d&#8217;art visual i pl\u00e0stica.<\/p>\n<p style=\"padding-left: 40px;\">&#8211; Uns auriculars de cap que utilitzarem a les sessions d&#8217;angl\u00e8s. Cal que estiguin dins d&#8217;una bossa de roba i amb el nom posat.<\/p>\n<p style=\"padding-left: 40px;\">&#8211; Els infants de 1r: un paquet de tovalloletes humides i una caixa de mocadors de paper.<\/p>\n<p>Us deixem unes imatges com a exemple orientatiu.<\/p>\n<p>Moltes gr\u00e0cies i bon inici de curs.<\/p>\n<p style=\"text-align: right;\"><em>Equip de mestres de cicle inicial<\/em><\/p>\n<table style=\"border-collapse: collapse; width: 100%;\">\n<tbody>\n<tr>\n<td style=\"width: 33.3333%;\"><img loading=\"lazy\" decoding=\"async\" class=\"aligncenter size-full wp-image-31262\" src=\"https:\/\/agora.xtec.cat\/ceipfarigolaclot\/wp-content\/uploads\/usu983\/2022\/09\/image.png\" alt=\"\" width=\"640\" height=\"640\" srcset=\"https:\/\/agora.xtec.cat\/ceipfarigolaclot\/wp-content\/uploads\/usu983\/2022\/09\/image.png 640w, https:\/\/agora.xtec.cat\/ceipfarigolaclot\/wp-content\/uploads\/usu983\/2022\/09\/image-300x300.png 300w, https:\/\/agora.xtec.cat\/ceipfarigolaclot\/wp-content\/uploads\/usu983\/2022\/09\/image-150x150.png 150w\" sizes=\"auto, (max-width: 640px) 100vw, 640px\" \/><\/td>\n<td style=\"width: 33.3333%;\"><img loading=\"lazy\" decoding=\"async\" class=\"aligncenter size-full wp-image-31267\" src=\"https:\/\/agora.xtec.cat\/ceipfarigolaclot\/wp-content\/uploads\/usu983\/2022\/09\/unnamed.png\" alt=\"\" width=\"246\" height=\"205\" \/><\/td>\n<td style=\"width: 33.3333%;\"><img loading=\"lazy\" decoding=\"async\" class=\"aligncenter size-full wp-image-31266\" src=\"https:\/\/agora.xtec.cat\/ceipfarigolaclot\/wp-content\/uploads\/usu983\/2022\/09\/unnamed-1.png\" alt=\"\" width=\"274\" height=\"280\" \/><\/td>\n<\/tr>\n<\/tbody>\n<\/table>\n","protected":false},"excerpt":{"rendered":"<p>Les mestres de cicle inicial estem molt il\u00b7lusionades per poder rebre els infants i omplir les nostres aules de somriures. [&hellip;]<\/p>\n","protected":false},"author":1,"featured_media":31267,"comment_status":"open","ping_status":"closed","sticky":false,"template":"","format":"standard","meta":{"_bbp_topic_count":0,"_bbp_reply_count":0,"_bbp_total_topic_count":0,"_bbp_total_reply_count":0,"_bbp_voice_count":0,"_bbp_anonymous_reply_count":0,"_bbp_topic_count_hidden":0,"_bbp_reply_count_hidden":0,"_bbp_forum_subforum_count":0,"site-sidebar-layout":"default","site-content-layout":"","ast-site-content-layout":"","site-content-style":"default","site-sidebar-style":"default","ast-global-header-display":"","ast-banner-title-visibility":"","ast-main-header-display":"","ast-hfb-above-header-display":"","ast-hfb-below-header-display":"","ast-hfb-mobile-header-display":"","site-post-title":"","ast-breadcrumbs-content":"","ast-featured-img":"","footer-sml-layout":"","theme-transparent-header-meta":"","adv-header-id-meta":"","stick-header-meta":"","header-above-stick-meta":"","header-main-stick-meta":"","header-below-stick-meta":"","astra-migrate-meta-layouts":"default","ast-page-background-enabled":"default","ast-page-background-meta":{"desktop":{"background-color":"var(--ast-global-color-4)","background-image":"","background-repeat":"repeat","background-position":"center center","background-size":"auto","background-attachment":"scroll","background-type":"","background-media":"","overlay-type":"","overlay-color":"","overlay-opacity":"","overlay-gradient":""},"tablet":{"background-color":"","background-image":"","background-repeat":"repeat","background-position":"center center","background-size":"auto","background-attachment":"scroll","background-type":"","background-media":"","overlay-type":"","overlay-color":"","overlay-opacity":"","overlay-gradient":""},"mobile":{"background-color":"","background-image":"","background-repeat":"repeat","background-position":"center center","background-size":"auto","background-attachment":"scroll","background-type":"","background-media":"","overlay-type":"","overlay-color":"","overlay-opacity":"","overlay-gradient":""}},"ast-content-background-meta":{"desktop":{"background-color":"var(--ast-global-color-5)","background-image":"","background-repeat":"repeat","background-position":"center center","background-size":"auto","background-attachment":"scroll","background-type":"","background-media":"","overlay-type":"","overlay-color":"","overlay-opacity":"","overlay-gradient":""},"tablet":{"background-color":"var(--ast-global-color-5)","background-image":"","background-repeat":"repeat","background-position":"center center","background-size":"auto","background-attachment":"scroll","background-type":"","background-media":"","overlay-type":"","overlay-color":"","overlay-opacity":"","overlay-gradient":""},"mobile":{"background-color":"var(--ast-global-color-5)","background-image":"","background-repeat":"repeat","background-position":"center center","background-size":"auto","background-attachment":"scroll","background-type":"","background-media":"","overlay-type":"","overlay-color":"","overlay-opacity":"","overlay-gradient":""}},"footnotes":""},"categories":[10,11,61,4],"tags":[],"class_list":["post-31277","post","type-post","status-publish","format-standard","has-post-thumbnail","hentry","category-1r","category-2n","category-info-setmanal","category-portada"],"post_mailing_queue_ids":[],"_links":{"self":[{"href":"https:\/\/agora.xtec.cat\/ceipfarigolaclot\/wp-json\/wp\/v2\/posts\/31277","targetHints":{"allow":["GET"]}}],"collection":[{"href":"https:\/\/agora.xtec.cat\/ceipfarigolaclot\/wp-json\/wp\/v2\/posts"}],"about":[{"href":"https:\/\/agora.xtec.cat\/ceipfarigolaclot\/wp-json\/wp\/v2\/types\/post"}],"author":[{"embeddable":true,"href":"https:\/\/agora.xtec.cat\/ceipfarigolaclot\/wp-json\/wp\/v2\/users\/1"}],"replies":[{"embeddable":true,"href":"https:\/\/agora.xtec.cat\/ceipfarigolaclot\/wp-json\/wp\/v2\/comments?post=31277"}],"version-history":[{"count":1,"href":"https:\/\/agora.xtec.cat\/ceipfarigolaclot\/wp-json\/wp\/v2\/posts\/31277\/revisions"}],"predecessor-version":[{"id":31278,"href":"https:\/\/agora.xtec.cat\/ceipfarigolaclot\/wp-json\/wp\/v2\/posts\/31277\/revisions\/31278"}],"wp:featuredmedia":[{"embeddable":true,"href":"https:\/\/agora.xtec.cat\/ceipfarigolaclot\/wp-json\/wp\/v2\/media\/31267"}],"wp:attachment":[{"href":"https:\/\/agora.xtec.cat\/ceipfarigolaclot\/wp-json\/wp\/v2\/media?parent=31277"}],"wp:term":[{"taxonomy":"category","embeddable":true,"href":"https:\/\/agora.xtec.cat\/ceipfarigolaclot\/wp-json\/wp\/v2\/categories?post=31277"},{"taxonomy":"post_tag","embeddable":true,"href":"https:\/\/agora.xtec.cat\/ceipfarigolaclot\/wp-json\/wp\/v2\/tags?post=31277"}],"curies":[{"name":"wp","href":"https:\/\/api.w.org\/{rel}","templated":true}]}}