{"id":30657,"date":"2022-05-13T10:47:34","date_gmt":"2022-05-13T08:47:34","guid":{"rendered":"https:\/\/agora.xtec.cat\/ceipfarigolaclot\/?p=30657"},"modified":"2022-05-12T23:23:16","modified_gmt":"2022-05-12T21:23:16","slug":"cicle-mitja-3r-i-4t-espectacle-a-la-farinera-5","status":"publish","type":"post","link":"https:\/\/agora.xtec.cat\/ceipfarigolaclot\/portada\/cicle-mitja-3r-i-4t-espectacle-a-la-farinera-5\/","title":{"rendered":"Cicle mitj\u00e0 (3r i 4t): espectacle a La Farinera"},"content":{"rendered":"<p>Com ja sabeu, hem comen\u00e7at a assajar a l\u2019hora de M\u00fasica l&#8217;espectacle que farem el dia 1 de juny a La Farinera.<\/p>\n<p>L&#8217;alumnat de cicle mitj\u00e0 haur\u00e0 de dur una roba determinada per a l&#8217;espectacle. Busqueu el grup-classe del vostre fill o filla i mireu b\u00e9 el que se li demana:<\/p>\n<p>En general per a tots els grups:<\/p>\n<p>Pantalons:\u00a0 de xandall, texans o malles &#8211; leggins de color NEGRE (no poden ser curts)<\/p>\n<p>Samarreta: busqueu a cada classe el color que us pertoca. Sempre que es demana un color, vol dir llis, sense estampacions, lletres ni dibuixos. Si no teniu sense estampat, podeu mirar de girar-la del rev\u00e9s i que no es noti l&#8217;estampat.<\/p>\n<p>3r A: Samarreta de m\u00e0niga curta de color: vermell, taronja o groc. Ha de ser d&#8217;un color c\u00e0lid.<\/p>\n<p>3r B: Els peixos: blava o d&#8217;altres colors vius. Sense estampacions ni dibuixos.<\/p>\n<p>3r B: Els mariners: blanca o pot ser una samarreta ratllada tipus marinera.<\/p>\n<p>3r C: Qualsevol to de verd<\/p>\n<p>4t A: Qualsevol to o color de l&#8217;arc de Sant Mart\u00ed: vermell, taronja, groc, verd, blau, rosa, lila. Si alg\u00fa t\u00e9 una samarreta amb un arc de Sant Mart\u00ed, tamb\u00e9 la pot portar.<\/p>\n<p>4t B:\u00a0 Qualsevol to de blau<\/p>\n<p>&nbsp;<\/p>\n<p>Aquesta roba l&#8217;han de portar amb anterioritat a l&#8217;escola, en una bossa i marcada amb el nom. L&#8217;entregaran al tutor o tutora i es quedar\u00e0 a l&#8217;escola fins al dia de l&#8217;espectacle.<\/p>\n<p>Data m\u00e0xima per portar la roba: divendres 27<\/p>\n<p>Qualsevol dubte de la roba, podeu escriure un correu a isabel.puig@lafarigola.cat<\/p>\n<p>&nbsp;<\/p>\n<p>Entrades: les fam\u00edlies, en uns dies, rebreu un correu electr\u00f2nic on hi ha un formulari per demanar les entrades.<\/p>\n","protected":false},"excerpt":{"rendered":"<p>Com ja sabeu, hem comen\u00e7at a assajar a l\u2019hora de M\u00fasica l&#8217;espectacle que farem el dia 1 de juny a [&hellip;]<\/p>\n","protected":false},"author":1,"featured_media":30378,"comment_status":"open","ping_status":"closed","sticky":false,"template":"","format":"standard","meta":{"_bbp_topic_count":0,"_bbp_reply_count":0,"_bbp_total_topic_count":0,"_bbp_total_reply_count":0,"_bbp_voice_count":0,"_bbp_anonymous_reply_count":0,"_bbp_topic_count_hidden":0,"_bbp_reply_count_hidden":0,"_bbp_forum_subforum_count":0,"site-sidebar-layout":"default","site-content-layout":"","ast-site-content-layout":"","site-content-style":"default","site-sidebar-style":"default","ast-global-header-display":"","ast-banner-title-visibility":"","ast-main-header-display":"","ast-hfb-above-header-display":"","ast-hfb-below-header-display":"","ast-hfb-mobile-header-display":"","site-post-title":"","ast-breadcrumbs-content":"","ast-featured-img":"","footer-sml-layout":"","theme-transparent-header-meta":"","adv-header-id-meta":"","stick-header-meta":"","header-above-stick-meta":"","header-main-stick-meta":"","header-below-stick-meta":"","astra-migrate-meta-layouts":"default","ast-page-background-enabled":"default","ast-page-background-meta":{"desktop":{"background-color":"var(--ast-global-color-4)","background-image":"","background-repeat":"repeat","background-position":"center center","background-size":"auto","background-attachment":"scroll","background-type":"","background-media":"","overlay-type":"","overlay-color":"","overlay-opacity":"","overlay-gradient":""},"tablet":{"background-color":"","background-image":"","background-repeat":"repeat","background-position":"center center","background-size":"auto","background-attachment":"scroll","background-type":"","background-media":"","overlay-type":"","overlay-color":"","overlay-opacity":"","overlay-gradient":""},"mobile":{"background-color":"","background-image":"","background-repeat":"repeat","background-position":"center center","background-size":"auto","background-attachment":"scroll","background-type":"","background-media":"","overlay-type":"","overlay-color":"","overlay-opacity":"","overlay-gradient":""}},"ast-content-background-meta":{"desktop":{"background-color":"var(--ast-global-color-5)","background-image":"","background-repeat":"repeat","background-position":"center center","background-size":"auto","background-attachment":"scroll","background-type":"","background-media":"","overlay-type":"","overlay-color":"","overlay-opacity":"","overlay-gradient":""},"tablet":{"background-color":"var(--ast-global-color-5)","background-image":"","background-repeat":"repeat","background-position":"center center","background-size":"auto","background-attachment":"scroll","background-type":"","background-media":"","overlay-type":"","overlay-color":"","overlay-opacity":"","overlay-gradient":""},"mobile":{"background-color":"var(--ast-global-color-5)","background-image":"","background-repeat":"repeat","background-position":"center center","background-size":"auto","background-attachment":"scroll","background-type":"","background-media":"","overlay-type":"","overlay-color":"","overlay-opacity":"","overlay-gradient":""}},"footnotes":""},"categories":[12,13,61,4],"tags":[],"class_list":["post-30657","post","type-post","status-publish","format-standard","has-post-thumbnail","hentry","category-3r","category-4t","category-info-setmanal","category-portada"],"post_mailing_queue_ids":[],"_links":{"self":[{"href":"https:\/\/agora.xtec.cat\/ceipfarigolaclot\/wp-json\/wp\/v2\/posts\/30657","targetHints":{"allow":["GET"]}}],"collection":[{"href":"https:\/\/agora.xtec.cat\/ceipfarigolaclot\/wp-json\/wp\/v2\/posts"}],"about":[{"href":"https:\/\/agora.xtec.cat\/ceipfarigolaclot\/wp-json\/wp\/v2\/types\/post"}],"author":[{"embeddable":true,"href":"https:\/\/agora.xtec.cat\/ceipfarigolaclot\/wp-json\/wp\/v2\/users\/1"}],"replies":[{"embeddable":true,"href":"https:\/\/agora.xtec.cat\/ceipfarigolaclot\/wp-json\/wp\/v2\/comments?post=30657"}],"version-history":[{"count":1,"href":"https:\/\/agora.xtec.cat\/ceipfarigolaclot\/wp-json\/wp\/v2\/posts\/30657\/revisions"}],"predecessor-version":[{"id":30658,"href":"https:\/\/agora.xtec.cat\/ceipfarigolaclot\/wp-json\/wp\/v2\/posts\/30657\/revisions\/30658"}],"wp:featuredmedia":[{"embeddable":true,"href":"https:\/\/agora.xtec.cat\/ceipfarigolaclot\/wp-json\/wp\/v2\/media\/30378"}],"wp:attachment":[{"href":"https:\/\/agora.xtec.cat\/ceipfarigolaclot\/wp-json\/wp\/v2\/media?parent=30657"}],"wp:term":[{"taxonomy":"category","embeddable":true,"href":"https:\/\/agora.xtec.cat\/ceipfarigolaclot\/wp-json\/wp\/v2\/categories?post=30657"},{"taxonomy":"post_tag","embeddable":true,"href":"https:\/\/agora.xtec.cat\/ceipfarigolaclot\/wp-json\/wp\/v2\/tags?post=30657"}],"curies":[{"name":"wp","href":"https:\/\/api.w.org\/{rel}","templated":true}]}}