{"id":30416,"date":"2022-04-29T12:20:32","date_gmt":"2022-04-29T10:20:32","guid":{"rendered":"https:\/\/agora.xtec.cat\/ceipfarigolaclot\/?p=30416"},"modified":"2022-04-29T12:26:49","modified_gmt":"2022-04-29T10:26:49","slug":"escola-renovacio-de-part-de-la-illuminacio-interior","status":"publish","type":"post","link":"https:\/\/agora.xtec.cat\/ceipfarigolaclot\/portada\/escola-renovacio-de-part-de-la-illuminacio-interior\/","title":{"rendered":"Escola: renovaci\u00f3 de part de la il\u00b7luminaci\u00f3 interior"},"content":{"rendered":"<p>Durant aquests dies s\u2019est\u00e0 renovant part de la il\u00b7luminaci\u00f3 interior de l\u2019escola gr\u00e0cies a l\u2019acord de col\u00b7laboraci\u00f3 que hem signat amb la Fundaci\u00f3 Adsis, una entitat sense \u00e0nim de lucre que, des de fa m\u00e9s de 50 anys, treballa per brindar oportunitats a persones que es troben en situacions de vulnerabilitat.<\/p>\n<p>Un dels seus centres, ubicat molt a prop de la nostra escola, es dedica a la formar joves per facilitar-los l\u2019acc\u00e9s al m\u00f3n laboral a partir de programes de formaci\u00f3 i inserci\u00f3.<\/p>\n<p>En una primera visita vam analitzar diferents actuacions que es podien dur a terme i, entre elles, destaca la millora de la il\u00b7luminaci\u00f3 de P3, la reparaci\u00f3 dels punts d\u2019il\u00b7luminaci\u00f3 que hi ha a les portes d\u2019entrada a les aules de prim\u00e0ria i de P5, la creaci\u00f3 d\u2019un punt de llum a sobre de cadascuna de les taules rodones que hi ha al passad\u00eds de cicle mitj\u00e0 i de cicle superior i l\u2019adequaci\u00f3 d\u2019endolls i interruptors en diferents punts de l\u2019escola.<\/p>\n<p>A m\u00e9s a m\u00e9s, hi ha el comprom\u00eds de repetir aquesta col\u00b7laboraci\u00f3 en cursos successius.<\/p>\n<p>Sens dubte \u00e9s una bona manera d\u2019anar actualitzant les nostres instal\u00b7lacions i d\u2019oferir un espai de pr\u00e0ctiques als estudiants supervisats pel seu professor.<\/p>\n<p>Donem les gr\u00e0cies a la Fundaci\u00f3 Adsis i als joves i docents del <a href=\"https:\/\/www.projectepasswork.org\/\" target=\"_blank\" rel=\"noopener\">Projecte Passwork<\/a> per la bona tasca que estan fent a la nostra escola.<\/p>\n<table style=\"border-collapse: collapse; width: 100%;\">\n<tbody>\n<tr>\n<td style=\"width: 33.3333%;\"><img loading=\"lazy\" decoding=\"async\" class=\"aligncenter size-full wp-image-30419\" src=\"https:\/\/agora.xtec.cat\/ceipfarigolaclot\/wp-content\/uploads\/usu983\/2022\/04\/IMG_20220427_111237_011.jpg\" alt=\"\" width=\"780\" height=\"1040\" srcset=\"https:\/\/agora.xtec.cat\/ceipfarigolaclot\/wp-content\/uploads\/usu983\/2022\/04\/IMG_20220427_111237_011.jpg 780w, https:\/\/agora.xtec.cat\/ceipfarigolaclot\/wp-content\/uploads\/usu983\/2022\/04\/IMG_20220427_111237_011-225x300.jpg 225w, https:\/\/agora.xtec.cat\/ceipfarigolaclot\/wp-content\/uploads\/usu983\/2022\/04\/IMG_20220427_111237_011-768x1024.jpg 768w\" sizes=\"auto, (max-width: 780px) 100vw, 780px\" \/><\/td>\n<td style=\"width: 33.3333%;\"><img loading=\"lazy\" decoding=\"async\" class=\"aligncenter size-full wp-image-30418\" src=\"https:\/\/agora.xtec.cat\/ceipfarigolaclot\/wp-content\/uploads\/usu983\/2022\/04\/IMG_20220428_112957_389.jpg\" alt=\"\" width=\"780\" height=\"1040\" srcset=\"https:\/\/agora.xtec.cat\/ceipfarigolaclot\/wp-content\/uploads\/usu983\/2022\/04\/IMG_20220428_112957_389.jpg 780w, https:\/\/agora.xtec.cat\/ceipfarigolaclot\/wp-content\/uploads\/usu983\/2022\/04\/IMG_20220428_112957_389-225x300.jpg 225w, https:\/\/agora.xtec.cat\/ceipfarigolaclot\/wp-content\/uploads\/usu983\/2022\/04\/IMG_20220428_112957_389-768x1024.jpg 768w\" sizes=\"auto, (max-width: 780px) 100vw, 780px\" \/><\/td>\n<td style=\"width: 33.3333%;\"><img loading=\"lazy\" decoding=\"async\" class=\"aligncenter size-full wp-image-30417\" src=\"https:\/\/agora.xtec.cat\/ceipfarigolaclot\/wp-content\/uploads\/usu983\/2022\/04\/IMG_20220428_115459_448.jpg\" alt=\"\" width=\"780\" height=\"1040\" srcset=\"https:\/\/agora.xtec.cat\/ceipfarigolaclot\/wp-content\/uploads\/usu983\/2022\/04\/IMG_20220428_115459_448.jpg 780w, https:\/\/agora.xtec.cat\/ceipfarigolaclot\/wp-content\/uploads\/usu983\/2022\/04\/IMG_20220428_115459_448-225x300.jpg 225w, https:\/\/agora.xtec.cat\/ceipfarigolaclot\/wp-content\/uploads\/usu983\/2022\/04\/IMG_20220428_115459_448-768x1024.jpg 768w\" sizes=\"auto, (max-width: 780px) 100vw, 780px\" \/><\/td>\n<\/tr>\n<\/tbody>\n<\/table>\n","protected":false},"excerpt":{"rendered":"<p>Durant aquests dies s\u2019est\u00e0 renovant part de la il\u00b7luminaci\u00f3 interior de l\u2019escola gr\u00e0cies a l\u2019acord de col\u00b7laboraci\u00f3 que hem signat [&hellip;]<\/p>\n","protected":false},"author":1,"featured_media":30418,"comment_status":"open","ping_status":"closed","sticky":false,"template":"","format":"standard","meta":{"_bbp_topic_count":0,"_bbp_reply_count":0,"_bbp_total_topic_count":0,"_bbp_total_reply_count":0,"_bbp_voice_count":0,"_bbp_anonymous_reply_count":0,"_bbp_topic_count_hidden":0,"_bbp_reply_count_hidden":0,"_bbp_forum_subforum_count":0,"site-sidebar-layout":"default","site-content-layout":"","ast-site-content-layout":"","site-content-style":"default","site-sidebar-style":"default","ast-global-header-display":"","ast-banner-title-visibility":"","ast-main-header-display":"","ast-hfb-above-header-display":"","ast-hfb-below-header-display":"","ast-hfb-mobile-header-display":"","site-post-title":"","ast-breadcrumbs-content":"","ast-featured-img":"","footer-sml-layout":"","theme-transparent-header-meta":"","adv-header-id-meta":"","stick-header-meta":"","header-above-stick-meta":"","header-main-stick-meta":"","header-below-stick-meta":"","astra-migrate-meta-layouts":"default","ast-page-background-enabled":"default","ast-page-background-meta":{"desktop":{"background-color":"var(--ast-global-color-4)","background-image":"","background-repeat":"repeat","background-position":"center center","background-size":"auto","background-attachment":"scroll","background-type":"","background-media":"","overlay-type":"","overlay-color":"","overlay-opacity":"","overlay-gradient":""},"tablet":{"background-color":"","background-image":"","background-repeat":"repeat","background-position":"center center","background-size":"auto","background-attachment":"scroll","background-type":"","background-media":"","overlay-type":"","overlay-color":"","overlay-opacity":"","overlay-gradient":""},"mobile":{"background-color":"","background-image":"","background-repeat":"repeat","background-position":"center center","background-size":"auto","background-attachment":"scroll","background-type":"","background-media":"","overlay-type":"","overlay-color":"","overlay-opacity":"","overlay-gradient":""}},"ast-content-background-meta":{"desktop":{"background-color":"var(--ast-global-color-5)","background-image":"","background-repeat":"repeat","background-position":"center center","background-size":"auto","background-attachment":"scroll","background-type":"","background-media":"","overlay-type":"","overlay-color":"","overlay-opacity":"","overlay-gradient":""},"tablet":{"background-color":"var(--ast-global-color-5)","background-image":"","background-repeat":"repeat","background-position":"center center","background-size":"auto","background-attachment":"scroll","background-type":"","background-media":"","overlay-type":"","overlay-color":"","overlay-opacity":"","overlay-gradient":""},"mobile":{"background-color":"var(--ast-global-color-5)","background-image":"","background-repeat":"repeat","background-position":"center center","background-size":"auto","background-attachment":"scroll","background-type":"","background-media":"","overlay-type":"","overlay-color":"","overlay-opacity":"","overlay-gradient":""}},"footnotes":""},"categories":[61,4],"tags":[],"class_list":["post-30416","post","type-post","status-publish","format-standard","has-post-thumbnail","hentry","category-info-setmanal","category-portada"],"post_mailing_queue_ids":[],"_links":{"self":[{"href":"https:\/\/agora.xtec.cat\/ceipfarigolaclot\/wp-json\/wp\/v2\/posts\/30416","targetHints":{"allow":["GET"]}}],"collection":[{"href":"https:\/\/agora.xtec.cat\/ceipfarigolaclot\/wp-json\/wp\/v2\/posts"}],"about":[{"href":"https:\/\/agora.xtec.cat\/ceipfarigolaclot\/wp-json\/wp\/v2\/types\/post"}],"author":[{"embeddable":true,"href":"https:\/\/agora.xtec.cat\/ceipfarigolaclot\/wp-json\/wp\/v2\/users\/1"}],"replies":[{"embeddable":true,"href":"https:\/\/agora.xtec.cat\/ceipfarigolaclot\/wp-json\/wp\/v2\/comments?post=30416"}],"version-history":[{"count":1,"href":"https:\/\/agora.xtec.cat\/ceipfarigolaclot\/wp-json\/wp\/v2\/posts\/30416\/revisions"}],"predecessor-version":[{"id":30420,"href":"https:\/\/agora.xtec.cat\/ceipfarigolaclot\/wp-json\/wp\/v2\/posts\/30416\/revisions\/30420"}],"wp:featuredmedia":[{"embeddable":true,"href":"https:\/\/agora.xtec.cat\/ceipfarigolaclot\/wp-json\/wp\/v2\/media\/30418"}],"wp:attachment":[{"href":"https:\/\/agora.xtec.cat\/ceipfarigolaclot\/wp-json\/wp\/v2\/media?parent=30416"}],"wp:term":[{"taxonomy":"category","embeddable":true,"href":"https:\/\/agora.xtec.cat\/ceipfarigolaclot\/wp-json\/wp\/v2\/categories?post=30416"},{"taxonomy":"post_tag","embeddable":true,"href":"https:\/\/agora.xtec.cat\/ceipfarigolaclot\/wp-json\/wp\/v2\/tags?post=30416"}],"curies":[{"name":"wp","href":"https:\/\/api.w.org\/{rel}","templated":true}]}}