{"id":30251,"date":"2022-04-21T23:58:26","date_gmt":"2022-04-21T21:58:26","guid":{"rendered":"https:\/\/agora.xtec.cat\/ceipfarigolaclot\/?p=30251"},"modified":"2022-04-21T23:58:26","modified_gmt":"2022-04-21T21:58:26","slug":"cicle-inicial-fira-de-llibres","status":"publish","type":"post","link":"https:\/\/agora.xtec.cat\/ceipfarigolaclot\/portada\/cicle-inicial-fira-de-llibres\/","title":{"rendered":"Cicle inicial: fira de llibres"},"content":{"rendered":"<p>Avui divendres hem celebrat la diada de Sant Jordi amb tot un seguit d&#8217;activitats l\u00fadiques i amb l&#8217;entrega dels premis literaris.<\/p>\n<p>Dilluns volem continuar celebrant la Diada i\u00a0 farem activitats relacionades amb els llibres que els infants hauran comprat durant la diada de Sant Jordi.<\/p>\n<p>Us demanem que dilluns portin el llibre que els hagueu regalat.<\/p>\n<p>Us recomanem llibres d&#8217;animals, pa\u00efsos, atles, c\u00f2mics, receptes i Ger\u00f3nimo Stilton.<\/p>\n<p>Podeu sorprendre els infants o anar amb ells i elles a les llibreries perqu\u00e8 remenin i tri\u00efn el llibre que m\u00e9s els hi agradi.<\/p>\n<p>Durant la setmana vinent els llibres de Sant Jordi seran els protagonistes.<\/p>\n<p>Per aquesta ra\u00f3 el pr\u00e9stec de llibres de la biblioteca d&#8217;aula s&#8217;iniciar\u00e0 divendres 29.<\/p>\n<p><img loading=\"lazy\" decoding=\"async\" class=\"aligncenter wp-image-30230 size-medium\" src=\"https:\/\/agora.xtec.cat\/ceipfarigolaclot\/wp-content\/uploads\/usu983\/2022\/04\/Faridrac-Sant-Jordi-240x300.jpg\" alt=\"\" width=\"240\" height=\"300\" srcset=\"https:\/\/agora.xtec.cat\/ceipfarigolaclot\/wp-content\/uploads\/usu983\/2022\/04\/Faridrac-Sant-Jordi-240x300.jpg 240w, https:\/\/agora.xtec.cat\/ceipfarigolaclot\/wp-content\/uploads\/usu983\/2022\/04\/Faridrac-Sant-Jordi-819x1024.jpg 819w, https:\/\/agora.xtec.cat\/ceipfarigolaclot\/wp-content\/uploads\/usu983\/2022\/04\/Faridrac-Sant-Jordi-768x960.jpg 768w, https:\/\/agora.xtec.cat\/ceipfarigolaclot\/wp-content\/uploads\/usu983\/2022\/04\/Faridrac-Sant-Jordi-1228x1536.jpg 1228w, https:\/\/agora.xtec.cat\/ceipfarigolaclot\/wp-content\/uploads\/usu983\/2022\/04\/Faridrac-Sant-Jordi.jpg 1417w\" sizes=\"auto, (max-width: 240px) 100vw, 240px\" \/><\/p>\n","protected":false},"excerpt":{"rendered":"<p>Avui divendres hem celebrat la diada de Sant Jordi amb tot un seguit d&#8217;activitats l\u00fadiques i amb l&#8217;entrega dels premis [&hellip;]<\/p>\n","protected":false},"author":1,"featured_media":30235,"comment_status":"open","ping_status":"closed","sticky":false,"template":"","format":"standard","meta":{"_bbp_topic_count":0,"_bbp_reply_count":0,"_bbp_total_topic_count":0,"_bbp_total_reply_count":0,"_bbp_voice_count":0,"_bbp_anonymous_reply_count":0,"_bbp_topic_count_hidden":0,"_bbp_reply_count_hidden":0,"_bbp_forum_subforum_count":0,"site-sidebar-layout":"default","site-content-layout":"","ast-site-content-layout":"","site-content-style":"default","site-sidebar-style":"default","ast-global-header-display":"","ast-banner-title-visibility":"","ast-main-header-display":"","ast-hfb-above-header-display":"","ast-hfb-below-header-display":"","ast-hfb-mobile-header-display":"","site-post-title":"","ast-breadcrumbs-content":"","ast-featured-img":"","footer-sml-layout":"","theme-transparent-header-meta":"","adv-header-id-meta":"","stick-header-meta":"","header-above-stick-meta":"","header-main-stick-meta":"","header-below-stick-meta":"","astra-migrate-meta-layouts":"default","ast-page-background-enabled":"default","ast-page-background-meta":{"desktop":{"background-color":"var(--ast-global-color-4)","background-image":"","background-repeat":"repeat","background-position":"center center","background-size":"auto","background-attachment":"scroll","background-type":"","background-media":"","overlay-type":"","overlay-color":"","overlay-opacity":"","overlay-gradient":""},"tablet":{"background-color":"","background-image":"","background-repeat":"repeat","background-position":"center center","background-size":"auto","background-attachment":"scroll","background-type":"","background-media":"","overlay-type":"","overlay-color":"","overlay-opacity":"","overlay-gradient":""},"mobile":{"background-color":"","background-image":"","background-repeat":"repeat","background-position":"center center","background-size":"auto","background-attachment":"scroll","background-type":"","background-media":"","overlay-type":"","overlay-color":"","overlay-opacity":"","overlay-gradient":""}},"ast-content-background-meta":{"desktop":{"background-color":"var(--ast-global-color-5)","background-image":"","background-repeat":"repeat","background-position":"center center","background-size":"auto","background-attachment":"scroll","background-type":"","background-media":"","overlay-type":"","overlay-color":"","overlay-opacity":"","overlay-gradient":""},"tablet":{"background-color":"var(--ast-global-color-5)","background-image":"","background-repeat":"repeat","background-position":"center center","background-size":"auto","background-attachment":"scroll","background-type":"","background-media":"","overlay-type":"","overlay-color":"","overlay-opacity":"","overlay-gradient":""},"mobile":{"background-color":"var(--ast-global-color-5)","background-image":"","background-repeat":"repeat","background-position":"center center","background-size":"auto","background-attachment":"scroll","background-type":"","background-media":"","overlay-type":"","overlay-color":"","overlay-opacity":"","overlay-gradient":""}},"footnotes":""},"categories":[10,11,61,4],"tags":[],"class_list":["post-30251","post","type-post","status-publish","format-standard","has-post-thumbnail","hentry","category-1r","category-2n","category-info-setmanal","category-portada"],"post_mailing_queue_ids":[],"_links":{"self":[{"href":"https:\/\/agora.xtec.cat\/ceipfarigolaclot\/wp-json\/wp\/v2\/posts\/30251","targetHints":{"allow":["GET"]}}],"collection":[{"href":"https:\/\/agora.xtec.cat\/ceipfarigolaclot\/wp-json\/wp\/v2\/posts"}],"about":[{"href":"https:\/\/agora.xtec.cat\/ceipfarigolaclot\/wp-json\/wp\/v2\/types\/post"}],"author":[{"embeddable":true,"href":"https:\/\/agora.xtec.cat\/ceipfarigolaclot\/wp-json\/wp\/v2\/users\/1"}],"replies":[{"embeddable":true,"href":"https:\/\/agora.xtec.cat\/ceipfarigolaclot\/wp-json\/wp\/v2\/comments?post=30251"}],"version-history":[{"count":1,"href":"https:\/\/agora.xtec.cat\/ceipfarigolaclot\/wp-json\/wp\/v2\/posts\/30251\/revisions"}],"predecessor-version":[{"id":30252,"href":"https:\/\/agora.xtec.cat\/ceipfarigolaclot\/wp-json\/wp\/v2\/posts\/30251\/revisions\/30252"}],"wp:featuredmedia":[{"embeddable":true,"href":"https:\/\/agora.xtec.cat\/ceipfarigolaclot\/wp-json\/wp\/v2\/media\/30235"}],"wp:attachment":[{"href":"https:\/\/agora.xtec.cat\/ceipfarigolaclot\/wp-json\/wp\/v2\/media?parent=30251"}],"wp:term":[{"taxonomy":"category","embeddable":true,"href":"https:\/\/agora.xtec.cat\/ceipfarigolaclot\/wp-json\/wp\/v2\/categories?post=30251"},{"taxonomy":"post_tag","embeddable":true,"href":"https:\/\/agora.xtec.cat\/ceipfarigolaclot\/wp-json\/wp\/v2\/tags?post=30251"}],"curies":[{"name":"wp","href":"https:\/\/api.w.org\/{rel}","templated":true}]}}