{"id":30159,"date":"2022-04-08T13:48:18","date_gmt":"2022-04-08T11:48:18","guid":{"rendered":"https:\/\/agora.xtec.cat\/ceipfarigolaclot\/?p=30159"},"modified":"2022-04-08T20:10:45","modified_gmt":"2022-04-08T18:10:45","slug":"educacio-primaria-de-1r-a-6e-informes-davaluacio-2","status":"publish","type":"post","link":"https:\/\/agora.xtec.cat\/ceipfarigolaclot\/portada\/educacio-primaria-de-1r-a-6e-informes-davaluacio-2\/","title":{"rendered":"Educaci\u00f3 prim\u00e0ria (de 1r a 6\u00e8): informes d\u2019avaluaci\u00f3"},"content":{"rendered":"<p>Avui mateix, divendres, 8 d\u2019abril, tal com consta al nostre <a href=\"https:\/\/agora.xtec.cat\/ceipfarigolaclot\/curs-actual\/calendari\/\">calendari del curs <\/a>hem repartit a tot l\u2019alumnat d\u2019educaci\u00f3 prim\u00e0ria, \u00e9s a dir des de 1r fins a 6\u00e8, els informes d\u2019avaluaci\u00f3 del segon trimestre.<\/p>\n<p>Aquest document t\u00e9 un car\u00e0cter formador i ofereix orientacions sobre el desenvolupament de les diferents compet\u00e8ncies dels vostres fills i filles.<\/p>\n<p>Trobareu tamb\u00e9 que, cada infant ha elaborat una autoavaluaci\u00f3 en qu\u00e8 ha reflexionat sobre el seu proc\u00e9s d\u2019aprenentatge, cadasc\u00fa amb relaci\u00f3 a la seva edat.<\/p>\n<p>La import\u00e0ncia d\u2019aquest informe la considerem en la reflexi\u00f3 constructiva que s\u2019ha de fer a casa valorant els \u00e8xits i animant en all\u00f2 que encara no s\u2019ha assolit. Per aquest motiu, us recomanem que reserveu un temps de qualitat per parlar amb els vostres fills i filles.<\/p>\n<p>Les fam\u00edlies de 5\u00e8 i de 6\u00e8 haureu de tornar el comprovant de rebuda dels informes, degudament signat, el primer dia despr\u00e9s de les vacances.<\/p>\n<p><img loading=\"lazy\" decoding=\"async\" class=\"aligncenter wp-image-30138 \" src=\"https:\/\/agora.xtec.cat\/ceipfarigolaclot\/wp-content\/uploads\/usu983\/2022\/04\/Avaluar-300x150.jpg\" alt=\"\" width=\"414\" height=\"207\" srcset=\"https:\/\/agora.xtec.cat\/ceipfarigolaclot\/wp-content\/uploads\/usu983\/2022\/04\/Avaluar-300x150.jpg 300w, https:\/\/agora.xtec.cat\/ceipfarigolaclot\/wp-content\/uploads\/usu983\/2022\/04\/Avaluar-768x384.jpg 768w, https:\/\/agora.xtec.cat\/ceipfarigolaclot\/wp-content\/uploads\/usu983\/2022\/04\/Avaluar.jpg 853w\" sizes=\"auto, (max-width: 414px) 100vw, 414px\" \/><\/p>\n","protected":false},"excerpt":{"rendered":"<p>Avui mateix, divendres, 8 d\u2019abril, tal com consta al nostre calendari del curs hem repartit a tot l\u2019alumnat d\u2019educaci\u00f3 prim\u00e0ria, [&hellip;]<\/p>\n","protected":false},"author":1,"featured_media":30138,"comment_status":"open","ping_status":"closed","sticky":false,"template":"","format":"standard","meta":{"_bbp_topic_count":0,"_bbp_reply_count":0,"_bbp_total_topic_count":0,"_bbp_total_reply_count":0,"_bbp_voice_count":0,"_bbp_anonymous_reply_count":0,"_bbp_topic_count_hidden":0,"_bbp_reply_count_hidden":0,"_bbp_forum_subforum_count":0,"site-sidebar-layout":"default","site-content-layout":"","ast-site-content-layout":"","site-content-style":"default","site-sidebar-style":"default","ast-global-header-display":"","ast-banner-title-visibility":"","ast-main-header-display":"","ast-hfb-above-header-display":"","ast-hfb-below-header-display":"","ast-hfb-mobile-header-display":"","site-post-title":"","ast-breadcrumbs-content":"","ast-featured-img":"","footer-sml-layout":"","theme-transparent-header-meta":"","adv-header-id-meta":"","stick-header-meta":"","header-above-stick-meta":"","header-main-stick-meta":"","header-below-stick-meta":"","astra-migrate-meta-layouts":"default","ast-page-background-enabled":"default","ast-page-background-meta":{"desktop":{"background-color":"var(--ast-global-color-4)","background-image":"","background-repeat":"repeat","background-position":"center center","background-size":"auto","background-attachment":"scroll","background-type":"","background-media":"","overlay-type":"","overlay-color":"","overlay-opacity":"","overlay-gradient":""},"tablet":{"background-color":"","background-image":"","background-repeat":"repeat","background-position":"center center","background-size":"auto","background-attachment":"scroll","background-type":"","background-media":"","overlay-type":"","overlay-color":"","overlay-opacity":"","overlay-gradient":""},"mobile":{"background-color":"","background-image":"","background-repeat":"repeat","background-position":"center center","background-size":"auto","background-attachment":"scroll","background-type":"","background-media":"","overlay-type":"","overlay-color":"","overlay-opacity":"","overlay-gradient":""}},"ast-content-background-meta":{"desktop":{"background-color":"var(--ast-global-color-5)","background-image":"","background-repeat":"repeat","background-position":"center center","background-size":"auto","background-attachment":"scroll","background-type":"","background-media":"","overlay-type":"","overlay-color":"","overlay-opacity":"","overlay-gradient":""},"tablet":{"background-color":"var(--ast-global-color-5)","background-image":"","background-repeat":"repeat","background-position":"center center","background-size":"auto","background-attachment":"scroll","background-type":"","background-media":"","overlay-type":"","overlay-color":"","overlay-opacity":"","overlay-gradient":""},"mobile":{"background-color":"var(--ast-global-color-5)","background-image":"","background-repeat":"repeat","background-position":"center center","background-size":"auto","background-attachment":"scroll","background-type":"","background-media":"","overlay-type":"","overlay-color":"","overlay-opacity":"","overlay-gradient":""}},"footnotes":""},"categories":[10,11,12,13,14,15,61,4,5],"tags":[],"class_list":["post-30159","post","type-post","status-publish","format-standard","has-post-thumbnail","hentry","category-1r","category-2n","category-3r","category-4t","category-5e","category-6e","category-info-setmanal","category-portada","category-primaria"],"post_mailing_queue_ids":[],"_links":{"self":[{"href":"https:\/\/agora.xtec.cat\/ceipfarigolaclot\/wp-json\/wp\/v2\/posts\/30159","targetHints":{"allow":["GET"]}}],"collection":[{"href":"https:\/\/agora.xtec.cat\/ceipfarigolaclot\/wp-json\/wp\/v2\/posts"}],"about":[{"href":"https:\/\/agora.xtec.cat\/ceipfarigolaclot\/wp-json\/wp\/v2\/types\/post"}],"author":[{"embeddable":true,"href":"https:\/\/agora.xtec.cat\/ceipfarigolaclot\/wp-json\/wp\/v2\/users\/1"}],"replies":[{"embeddable":true,"href":"https:\/\/agora.xtec.cat\/ceipfarigolaclot\/wp-json\/wp\/v2\/comments?post=30159"}],"version-history":[{"count":2,"href":"https:\/\/agora.xtec.cat\/ceipfarigolaclot\/wp-json\/wp\/v2\/posts\/30159\/revisions"}],"predecessor-version":[{"id":30174,"href":"https:\/\/agora.xtec.cat\/ceipfarigolaclot\/wp-json\/wp\/v2\/posts\/30159\/revisions\/30174"}],"wp:featuredmedia":[{"embeddable":true,"href":"https:\/\/agora.xtec.cat\/ceipfarigolaclot\/wp-json\/wp\/v2\/media\/30138"}],"wp:attachment":[{"href":"https:\/\/agora.xtec.cat\/ceipfarigolaclot\/wp-json\/wp\/v2\/media?parent=30159"}],"wp:term":[{"taxonomy":"category","embeddable":true,"href":"https:\/\/agora.xtec.cat\/ceipfarigolaclot\/wp-json\/wp\/v2\/categories?post=30159"},{"taxonomy":"post_tag","embeddable":true,"href":"https:\/\/agora.xtec.cat\/ceipfarigolaclot\/wp-json\/wp\/v2\/tags?post=30159"}],"curies":[{"name":"wp","href":"https:\/\/api.w.org\/{rel}","templated":true}]}}