{"id":30135,"date":"2022-04-08T13:40:06","date_gmt":"2022-04-08T11:40:06","guid":{"rendered":"https:\/\/agora.xtec.cat\/ceipfarigolaclot\/?p=30135"},"modified":"2022-04-08T13:40:06","modified_gmt":"2022-04-08T11:40:06","slug":"projectes-i-serveis-comunitaris-gratuits-per-a-families","status":"publish","type":"post","link":"https:\/\/agora.xtec.cat\/ceipfarigolaclot\/info-setmanal\/projectes-i-serveis-comunitaris-gratuits-per-a-families\/","title":{"rendered":"Projectes i serveis comunitaris gratu\u00efts per a fam\u00edlies"},"content":{"rendered":"<p>Des del Casal Ca l\u2019Isidret ens envien aquesta informaci\u00f3 sobre els projectes comunitaris per a fam\u00edlies realitzats al casal.<\/p>\n<p>Projectes per a la primera inf\u00e0ncia com &#8220;La Caseta amb rodes&#8221; dirigida a nens entre els 0 i els 4 anys:<\/p>\n<p style=\"text-align: center;\"><a href=\"https:\/\/calisidret.eixpereiv.org\/2021\/09\/01\/arriba-la-caseta-amb-rodes-a-ca-lisidret\/\" target=\"_blank\" rel=\"noopener\">https:\/\/calisidret.eixpereiv.org\/2021\/09\/01\/arriba-la-caseta-amb-rodes-a-ca-lisidret\/<\/a><\/p>\n<p>&nbsp;<\/p>\n<p>Espai familiar, per a jugar i divertir-se:<\/p>\n<p style=\"text-align: center;\"><a href=\"https:\/\/calisidret.eixpereiv.org\/2021\/07\/07\/recuperem-lespai-familiar\/\" target=\"_blank\" rel=\"noopener\">https:\/\/calisidret.eixpereiv.org\/2021\/07\/07\/recuperem-lespai-familiar\/<\/a><\/p>\n<p>&nbsp;<\/p>\n<p>Projectes d&#8217;assessorament educatiu i psicol\u00f2gic per a fam\u00edlies:<\/p>\n<p style=\"text-align: center;\"><a href=\"https:\/\/calisidret.eixpereiv.org\/2019\/01\/21\/assessorament-educatiu-i-psicologic-a-families-amb-anoe\/\" target=\"_blank\" rel=\"noopener\">https:\/\/calisidret.eixpereiv.org\/2019\/01\/21\/assessorament-educatiu-i-psicologic-a-families-amb-anoe\/<\/a><\/p>\n<p>&nbsp;<\/p>\n<p>Tallers inclusius per a persones amb necessitats especials acompanyades dels seus familiars<\/p>\n<p style=\"text-align: center;\"><a href=\"https:\/\/calisidret.eixpereiv.org\/2021\/10\/18\/nous-tallers-inclusius-familiars\/\" target=\"_blank\" rel=\"noopener\">https:\/\/calisidret.eixpereiv.org\/2021\/10\/18\/nous-tallers-inclusius-familiars\/<\/a><\/p>\n<p>&nbsp;<\/p>\n<p>Tamb\u00e9 disposen d&#8217;un punt d&#8217;assessorament jur\u00eddic gratu\u00eft obert tots els primers dilluns de mes amb cita pr\u00e8via<\/p>\n<p style=\"text-align: center;\"><a href=\"https:\/\/calisidret.eixpereiv.org\/2021\/10\/27\/reprenem-el-punt-juridic-gratuit\/\" target=\"_blank\" rel=\"noopener\">https:\/\/calisidret.eixpereiv.org\/2021\/10\/27\/reprenem-el-punt-juridic-gratuit\/<\/a><\/p>\n<p style=\"text-align: center;\"><img loading=\"lazy\" decoding=\"async\" class=\"aligncenter wp-image-30143 size-medium\" src=\"https:\/\/agora.xtec.cat\/ceipfarigolaclot\/wp-content\/uploads\/usu983\/2022\/04\/unnamed-1-212x300.jpg\" alt=\"\" width=\"212\" height=\"300\" srcset=\"https:\/\/agora.xtec.cat\/ceipfarigolaclot\/wp-content\/uploads\/usu983\/2022\/04\/unnamed-1-212x300.jpg 212w, https:\/\/agora.xtec.cat\/ceipfarigolaclot\/wp-content\/uploads\/usu983\/2022\/04\/unnamed-1-724x1024.jpg 724w, https:\/\/agora.xtec.cat\/ceipfarigolaclot\/wp-content\/uploads\/usu983\/2022\/04\/unnamed-1-768x1086.jpg 768w, https:\/\/agora.xtec.cat\/ceipfarigolaclot\/wp-content\/uploads\/usu983\/2022\/04\/unnamed-1-1086x1536.jpg 1086w, https:\/\/agora.xtec.cat\/ceipfarigolaclot\/wp-content\/uploads\/usu983\/2022\/04\/unnamed-1-1448x2048.jpg 1448w, https:\/\/agora.xtec.cat\/ceipfarigolaclot\/wp-content\/uploads\/usu983\/2022\/04\/unnamed-1-scaled.jpg 1810w\" sizes=\"auto, (max-width: 212px) 100vw, 212px\" \/><\/p>\n<p>Si voleu con\u00e8ixer m\u00e9s projectes comunitaris:<\/p>\n<p style=\"text-align: center;\"><a href=\"https:\/\/calisidret.eixpereiv.org\/2021\/12\/15\/saps-tots-els-projectes-i-serveis-comunitaris-que-tenim-al-casal\/\" target=\"_blank\" rel=\"noopener\">https:\/\/calisidret.eixpereiv.org\/2021\/12\/15\/saps-tots-els-projectes-i-serveis-comunitaris-que-tenim-al-casal\/<\/a><\/p>\n<p>&nbsp;<\/p>\n<p>o tenir m\u00e9s informaci\u00f3 de les activitats que hi fan:<\/p>\n<p style=\"text-align: center;\"><a href=\"https:\/\/calisidret.eixpereiv.org\/2022\/03\/21\/tallers-dabril-a-juny-de-2022-en-marxa\/\" target=\"_blank\" rel=\"noopener\">https:\/\/calisidret.eixpereiv.org\/2022\/03\/21\/tallers-dabril-a-juny-de-2022-en-marxa\/<\/a><\/p>\n<p>&nbsp;<\/p>\n<p>o saber quines activitats culturals faran per la setmana del Llibre al voltant de Sant Jordi:<\/p>\n<p style=\"text-align: center;\"><a href=\"https:\/\/calisidret.eixpereiv.org\/2022\/03\/30\/abril-cultural-amb-la-setmana-del-llibre\/\" target=\"_blank\" rel=\"noopener\">https:\/\/calisidret.eixpereiv.org\/2022\/03\/30\/abril-cultural-amb-la-setmana-del-llibre\/<\/a><\/p>\n<p>&nbsp;<\/p>\n<pre><strong>Casal Ca l\u2019Isidret<\/strong>\r\n\r\nC\/ Josep Pla, 174\r\n\r\n<a href=\"https:\/\/goo.gl\/maps\/cLwcpPW3aGqTzuYJ6\">https:\/\/goo.gl\/maps\/cLwcpPW3aGqTzuYJ6<\/a>\r\n\r\n08020 Barcelona\r\n\r\nTel. 93 305 12 04<\/pre>\n","protected":false},"excerpt":{"rendered":"<p>Des del Casal Ca l\u2019Isidret ens envien aquesta informaci\u00f3 sobre els projectes comunitaris per a fam\u00edlies realitzats al casal. Projectes [&hellip;]<\/p>\n","protected":false},"author":1,"featured_media":30143,"comment_status":"open","ping_status":"closed","sticky":false,"template":"","format":"standard","meta":{"_bbp_topic_count":0,"_bbp_reply_count":0,"_bbp_total_topic_count":0,"_bbp_total_reply_count":0,"_bbp_voice_count":0,"_bbp_anonymous_reply_count":0,"_bbp_topic_count_hidden":0,"_bbp_reply_count_hidden":0,"_bbp_forum_subforum_count":0,"site-sidebar-layout":"default","site-content-layout":"","ast-site-content-layout":"","site-content-style":"default","site-sidebar-style":"default","ast-global-header-display":"","ast-banner-title-visibility":"","ast-main-header-display":"","ast-hfb-above-header-display":"","ast-hfb-below-header-display":"","ast-hfb-mobile-header-display":"","site-post-title":"","ast-breadcrumbs-content":"","ast-featured-img":"","footer-sml-layout":"","theme-transparent-header-meta":"","adv-header-id-meta":"","stick-header-meta":"","header-above-stick-meta":"","header-main-stick-meta":"","header-below-stick-meta":"","astra-migrate-meta-layouts":"default","ast-page-background-enabled":"default","ast-page-background-meta":{"desktop":{"background-color":"var(--ast-global-color-4)","background-image":"","background-repeat":"repeat","background-position":"center center","background-size":"auto","background-attachment":"scroll","background-type":"","background-media":"","overlay-type":"","overlay-color":"","overlay-opacity":"","overlay-gradient":""},"tablet":{"background-color":"","background-image":"","background-repeat":"repeat","background-position":"center center","background-size":"auto","background-attachment":"scroll","background-type":"","background-media":"","overlay-type":"","overlay-color":"","overlay-opacity":"","overlay-gradient":""},"mobile":{"background-color":"","background-image":"","background-repeat":"repeat","background-position":"center center","background-size":"auto","background-attachment":"scroll","background-type":"","background-media":"","overlay-type":"","overlay-color":"","overlay-opacity":"","overlay-gradient":""}},"ast-content-background-meta":{"desktop":{"background-color":"var(--ast-global-color-5)","background-image":"","background-repeat":"repeat","background-position":"center center","background-size":"auto","background-attachment":"scroll","background-type":"","background-media":"","overlay-type":"","overlay-color":"","overlay-opacity":"","overlay-gradient":""},"tablet":{"background-color":"var(--ast-global-color-5)","background-image":"","background-repeat":"repeat","background-position":"center center","background-size":"auto","background-attachment":"scroll","background-type":"","background-media":"","overlay-type":"","overlay-color":"","overlay-opacity":"","overlay-gradient":""},"mobile":{"background-color":"var(--ast-global-color-5)","background-image":"","background-repeat":"repeat","background-position":"center center","background-size":"auto","background-attachment":"scroll","background-type":"","background-media":"","overlay-type":"","overlay-color":"","overlay-opacity":"","overlay-gradient":""}},"footnotes":""},"categories":[61],"tags":[],"class_list":["post-30135","post","type-post","status-publish","format-standard","has-post-thumbnail","hentry","category-info-setmanal"],"post_mailing_queue_ids":[],"_links":{"self":[{"href":"https:\/\/agora.xtec.cat\/ceipfarigolaclot\/wp-json\/wp\/v2\/posts\/30135","targetHints":{"allow":["GET"]}}],"collection":[{"href":"https:\/\/agora.xtec.cat\/ceipfarigolaclot\/wp-json\/wp\/v2\/posts"}],"about":[{"href":"https:\/\/agora.xtec.cat\/ceipfarigolaclot\/wp-json\/wp\/v2\/types\/post"}],"author":[{"embeddable":true,"href":"https:\/\/agora.xtec.cat\/ceipfarigolaclot\/wp-json\/wp\/v2\/users\/1"}],"replies":[{"embeddable":true,"href":"https:\/\/agora.xtec.cat\/ceipfarigolaclot\/wp-json\/wp\/v2\/comments?post=30135"}],"version-history":[{"count":1,"href":"https:\/\/agora.xtec.cat\/ceipfarigolaclot\/wp-json\/wp\/v2\/posts\/30135\/revisions"}],"predecessor-version":[{"id":30146,"href":"https:\/\/agora.xtec.cat\/ceipfarigolaclot\/wp-json\/wp\/v2\/posts\/30135\/revisions\/30146"}],"wp:featuredmedia":[{"embeddable":true,"href":"https:\/\/agora.xtec.cat\/ceipfarigolaclot\/wp-json\/wp\/v2\/media\/30143"}],"wp:attachment":[{"href":"https:\/\/agora.xtec.cat\/ceipfarigolaclot\/wp-json\/wp\/v2\/media?parent=30135"}],"wp:term":[{"taxonomy":"category","embeddable":true,"href":"https:\/\/agora.xtec.cat\/ceipfarigolaclot\/wp-json\/wp\/v2\/categories?post=30135"},{"taxonomy":"post_tag","embeddable":true,"href":"https:\/\/agora.xtec.cat\/ceipfarigolaclot\/wp-json\/wp\/v2\/tags?post=30135"}],"curies":[{"name":"wp","href":"https:\/\/api.w.org\/{rel}","templated":true}]}}