{"id":29250,"date":"2022-03-18T14:17:58","date_gmt":"2022-03-18T13:17:58","guid":{"rendered":"https:\/\/agora.xtec.cat\/ceipfarigolaclot\/?p=29250"},"modified":"2022-03-18T14:19:39","modified_gmt":"2022-03-18T13:19:39","slug":"3r-universitat-pompeu-fabra-realitat-mixta","status":"publish","type":"post","link":"https:\/\/agora.xtec.cat\/ceipfarigolaclot\/portada\/3r-universitat-pompeu-fabra-realitat-mixta\/","title":{"rendered":"3r: Universitat Pompeu Fabra \u2013 Realitat Mixta"},"content":{"rendered":"<p>La propera setmana l\u2019alumnat de 3r far\u00e0 una activitat de Realitat Mixta organitzada per la Universitat Pompeu Fabra.\u00a0 La Realitat Mixta consisteix a combinar el m\u00f3n virtual i el f\u00edsic.<\/p>\n<p>Aquesta activitat, forma part d\u2019un projecte de recerca que se centra en el desenvolupament d\u2019un videojoc orientat a <a href=\"https:\/\/agora.xtec.cat\/ceipfarigolaclot\/wp-content\/uploads\/usu983\/2022\/02\/realitat-1.jpg\"><img loading=\"lazy\" decoding=\"async\" class=\"wp-image-29174 alignleft\" src=\"https:\/\/agora.xtec.cat\/ceipfarigolaclot\/wp-content\/uploads\/usu983\/2022\/02\/realitat-1.jpg\" alt=\"\" width=\"208\" height=\"244\" srcset=\"https:\/\/agora.xtec.cat\/ceipfarigolaclot\/wp-content\/uploads\/usu983\/2022\/02\/realitat-1.jpg 586w, https:\/\/agora.xtec.cat\/ceipfarigolaclot\/wp-content\/uploads\/usu983\/2022\/02\/realitat-1-256x300.jpg 256w\" sizes=\"auto, (max-width: 208px) 100vw, 208px\" \/><\/a>potenciar comportaments prosocials en els nens amb i sense Trastorn de l\u2019Espectre Autista (TEA). L\u2019objectiu \u00e9s que els nens amb TEA obtinguin eines que potencialment els ajudin a tenir una vida social m\u00e9s aut\u00f2noma.<\/p>\n<p>L\u2019activitat es realitzar\u00e0 a les instal\u00b7lacions del campus, situades al C\/Roc Boronat 138 i tindr\u00e0 dues parts. En la primera part es far\u00e0 una introducci\u00f3 a la ci\u00e8ncia i al treball de recerca que es fa a la universitat i en la segona part, l\u2019alumnat participar\u00e0 en una experi\u00e8ncia de Realitat Mixta. En el videojoc, els infants jugaran en grup sobre una projecci\u00f3 de 36m<sup>2<\/sup> a terra. Es projectar\u00e0 un entorn virtual on els infants exploraran i actuaran conjuntament en activitats que promouen la uni\u00f3. Els infants utilitzaran uns objectes especials per interactuar amb l\u2019entorn virtual projectat.<\/p>\n<p><b>DATES DE LA SORTIDA (sortida de mat\u00ed)\u00a0<\/b><\/p>\n<ul>\n<li>3r A, dilluns 21 de mar\u00e7<\/li>\n<li>3r B, divendres 25 de mar\u00e7<\/li>\n<li>3r C, dijous 24 de mar\u00e7<\/li>\n<\/ul>\n","protected":false},"excerpt":{"rendered":"<p>La propera setmana l\u2019alumnat de 3r far\u00e0 una activitat de Realitat Mixta organitzada per la Universitat Pompeu Fabra.\u00a0 La Realitat [&hellip;]<\/p>\n","protected":false},"author":10,"featured_media":29174,"comment_status":"open","ping_status":"closed","sticky":false,"template":"","format":"standard","meta":{"_bbp_topic_count":0,"_bbp_reply_count":0,"_bbp_total_topic_count":0,"_bbp_total_reply_count":0,"_bbp_voice_count":0,"_bbp_anonymous_reply_count":0,"_bbp_topic_count_hidden":0,"_bbp_reply_count_hidden":0,"_bbp_forum_subforum_count":0,"site-sidebar-layout":"default","site-content-layout":"","ast-site-content-layout":"","site-content-style":"default","site-sidebar-style":"default","ast-global-header-display":"","ast-banner-title-visibility":"","ast-main-header-display":"","ast-hfb-above-header-display":"","ast-hfb-below-header-display":"","ast-hfb-mobile-header-display":"","site-post-title":"","ast-breadcrumbs-content":"","ast-featured-img":"","footer-sml-layout":"","theme-transparent-header-meta":"","adv-header-id-meta":"","stick-header-meta":"","header-above-stick-meta":"","header-main-stick-meta":"","header-below-stick-meta":"","astra-migrate-meta-layouts":"default","ast-page-background-enabled":"default","ast-page-background-meta":{"desktop":{"background-color":"var(--ast-global-color-4)","background-image":"","background-repeat":"repeat","background-position":"center center","background-size":"auto","background-attachment":"scroll","background-type":"","background-media":"","overlay-type":"","overlay-color":"","overlay-opacity":"","overlay-gradient":""},"tablet":{"background-color":"","background-image":"","background-repeat":"repeat","background-position":"center center","background-size":"auto","background-attachment":"scroll","background-type":"","background-media":"","overlay-type":"","overlay-color":"","overlay-opacity":"","overlay-gradient":""},"mobile":{"background-color":"","background-image":"","background-repeat":"repeat","background-position":"center center","background-size":"auto","background-attachment":"scroll","background-type":"","background-media":"","overlay-type":"","overlay-color":"","overlay-opacity":"","overlay-gradient":""}},"ast-content-background-meta":{"desktop":{"background-color":"var(--ast-global-color-5)","background-image":"","background-repeat":"repeat","background-position":"center center","background-size":"auto","background-attachment":"scroll","background-type":"","background-media":"","overlay-type":"","overlay-color":"","overlay-opacity":"","overlay-gradient":""},"tablet":{"background-color":"var(--ast-global-color-5)","background-image":"","background-repeat":"repeat","background-position":"center center","background-size":"auto","background-attachment":"scroll","background-type":"","background-media":"","overlay-type":"","overlay-color":"","overlay-opacity":"","overlay-gradient":""},"mobile":{"background-color":"var(--ast-global-color-5)","background-image":"","background-repeat":"repeat","background-position":"center center","background-size":"auto","background-attachment":"scroll","background-type":"","background-media":"","overlay-type":"","overlay-color":"","overlay-opacity":"","overlay-gradient":""}},"footnotes":""},"categories":[12,61,4],"tags":[],"class_list":["post-29250","post","type-post","status-publish","format-standard","has-post-thumbnail","hentry","category-3r","category-info-setmanal","category-portada"],"post_mailing_queue_ids":[],"_links":{"self":[{"href":"https:\/\/agora.xtec.cat\/ceipfarigolaclot\/wp-json\/wp\/v2\/posts\/29250","targetHints":{"allow":["GET"]}}],"collection":[{"href":"https:\/\/agora.xtec.cat\/ceipfarigolaclot\/wp-json\/wp\/v2\/posts"}],"about":[{"href":"https:\/\/agora.xtec.cat\/ceipfarigolaclot\/wp-json\/wp\/v2\/types\/post"}],"author":[{"embeddable":true,"href":"https:\/\/agora.xtec.cat\/ceipfarigolaclot\/wp-json\/wp\/v2\/users\/10"}],"replies":[{"embeddable":true,"href":"https:\/\/agora.xtec.cat\/ceipfarigolaclot\/wp-json\/wp\/v2\/comments?post=29250"}],"version-history":[{"count":3,"href":"https:\/\/agora.xtec.cat\/ceipfarigolaclot\/wp-json\/wp\/v2\/posts\/29250\/revisions"}],"predecessor-version":[{"id":29789,"href":"https:\/\/agora.xtec.cat\/ceipfarigolaclot\/wp-json\/wp\/v2\/posts\/29250\/revisions\/29789"}],"wp:featuredmedia":[{"embeddable":true,"href":"https:\/\/agora.xtec.cat\/ceipfarigolaclot\/wp-json\/wp\/v2\/media\/29174"}],"wp:attachment":[{"href":"https:\/\/agora.xtec.cat\/ceipfarigolaclot\/wp-json\/wp\/v2\/media?parent=29250"}],"wp:term":[{"taxonomy":"category","embeddable":true,"href":"https:\/\/agora.xtec.cat\/ceipfarigolaclot\/wp-json\/wp\/v2\/categories?post=29250"},{"taxonomy":"post_tag","embeddable":true,"href":"https:\/\/agora.xtec.cat\/ceipfarigolaclot\/wp-json\/wp\/v2\/tags?post=29250"}],"curies":[{"name":"wp","href":"https:\/\/api.w.org\/{rel}","templated":true}]}}