{"id":28612,"date":"2022-01-21T14:57:39","date_gmt":"2022-01-21T13:57:39","guid":{"rendered":"https:\/\/agora.xtec.cat\/ceipfarigolaclot\/?p=28612"},"modified":"2022-01-28T09:28:37","modified_gmt":"2022-01-28T08:28:37","slug":"escola-preinscripcio-per-al-curs-2022-2023","status":"publish","type":"post","link":"https:\/\/agora.xtec.cat\/ceipfarigolaclot\/portada\/escola-preinscripcio-per-al-curs-2022-2023\/","title":{"rendered":"Escola: preinscripci\u00f3 per al curs 2022-2023"},"content":{"rendered":"<p>Durant aquest segon trimestre s\u2019iniciar\u00e0 el proc\u00e9s de preinscripci\u00f3 i matr\u00edcula per al proper curs.<\/p>\n<p>Aquest tr\u00e0mit nom\u00e9s afecta a les fam\u00edlies de 6\u00e8 i a aquelles fam\u00edlies que tinguin un infant que hagi nascut durant l\u2019any 2019, \u00e9s a dir els nens i nenes que fan els 3 anys durant el 2022.<\/p>\n<p>En aquests moments estem a l\u2019espera de la publicaci\u00f3 de la normativa que ha de regular tot el proc\u00e9s per\u00f2 ja se sap que la presentaci\u00f3 de les sol\u00b7licituds ser\u00e0 en aquestes dates:<\/p>\n<ul>\n<li>P3: del 7 al 21 de mar\u00e7<\/li>\n<li>ESO: del 9 al 21 de mar\u00e7<\/li>\n<\/ul>\n<p>A l\u2019escola ja ens estem preparant per oferir una bona informaci\u00f3 a les fam\u00edlies que hi puguin estar interessades i una dada que sempre \u00e9s important con\u00e8ixer \u00e9s la quantitat de germans que es matricularan al mateix centre.<\/p>\n<p>Per tant, si tens un fill o filla nascut al 2019, germ\u00e0 d\u2019un\/a alumne\/a actual i el vols matricular a La Farigola, et demanem que omplis aquest formulari.<\/p>\n<p style=\"text-align: center;\"><a href=\"https:\/\/forms.gle\/u5eHQ6X3h23Hi2sm9\" target=\"_blank\" rel=\"noopener\">https:\/\/forms.gle\/u5eHQ6X3h23Hi2sm9<\/a><\/p>\n<p>&nbsp;<\/p>\n<p><img loading=\"lazy\" decoding=\"async\" class=\"aligncenter wp-image-28700 size-medium\" src=\"https:\/\/agora.xtec.cat\/ceipfarigolaclot\/wp-content\/uploads\/usu983\/2022\/01\/zyro-image-e1642941173784-300x64.png\" alt=\"\" width=\"300\" height=\"64\" srcset=\"https:\/\/agora.xtec.cat\/ceipfarigolaclot\/wp-content\/uploads\/usu983\/2022\/01\/zyro-image-e1642941173784-300x64.png 300w, https:\/\/agora.xtec.cat\/ceipfarigolaclot\/wp-content\/uploads\/usu983\/2022\/01\/zyro-image-e1642941173784.png 581w\" sizes=\"auto, (max-width: 300px) 100vw, 300px\" \/><\/p>\n","protected":false},"excerpt":{"rendered":"<p>Durant aquest segon trimestre s\u2019iniciar\u00e0 el proc\u00e9s de preinscripci\u00f3 i matr\u00edcula per al proper curs. Aquest tr\u00e0mit nom\u00e9s afecta a [&hellip;]<\/p>\n","protected":false},"author":1,"featured_media":28700,"comment_status":"open","ping_status":"closed","sticky":false,"template":"","format":"standard","meta":{"_bbp_topic_count":0,"_bbp_reply_count":0,"_bbp_total_topic_count":0,"_bbp_total_reply_count":0,"_bbp_voice_count":0,"_bbp_anonymous_reply_count":0,"_bbp_topic_count_hidden":0,"_bbp_reply_count_hidden":0,"_bbp_forum_subforum_count":0,"site-sidebar-layout":"default","site-content-layout":"","ast-site-content-layout":"","site-content-style":"default","site-sidebar-style":"default","ast-global-header-display":"","ast-banner-title-visibility":"","ast-main-header-display":"","ast-hfb-above-header-display":"","ast-hfb-below-header-display":"","ast-hfb-mobile-header-display":"","site-post-title":"","ast-breadcrumbs-content":"","ast-featured-img":"","footer-sml-layout":"","theme-transparent-header-meta":"","adv-header-id-meta":"","stick-header-meta":"","header-above-stick-meta":"","header-main-stick-meta":"","header-below-stick-meta":"","astra-migrate-meta-layouts":"default","ast-page-background-enabled":"default","ast-page-background-meta":{"desktop":{"background-color":"var(--ast-global-color-4)","background-image":"","background-repeat":"repeat","background-position":"center center","background-size":"auto","background-attachment":"scroll","background-type":"","background-media":"","overlay-type":"","overlay-color":"","overlay-opacity":"","overlay-gradient":""},"tablet":{"background-color":"","background-image":"","background-repeat":"repeat","background-position":"center center","background-size":"auto","background-attachment":"scroll","background-type":"","background-media":"","overlay-type":"","overlay-color":"","overlay-opacity":"","overlay-gradient":""},"mobile":{"background-color":"","background-image":"","background-repeat":"repeat","background-position":"center center","background-size":"auto","background-attachment":"scroll","background-type":"","background-media":"","overlay-type":"","overlay-color":"","overlay-opacity":"","overlay-gradient":""}},"ast-content-background-meta":{"desktop":{"background-color":"var(--ast-global-color-5)","background-image":"","background-repeat":"repeat","background-position":"center center","background-size":"auto","background-attachment":"scroll","background-type":"","background-media":"","overlay-type":"","overlay-color":"","overlay-opacity":"","overlay-gradient":""},"tablet":{"background-color":"var(--ast-global-color-5)","background-image":"","background-repeat":"repeat","background-position":"center center","background-size":"auto","background-attachment":"scroll","background-type":"","background-media":"","overlay-type":"","overlay-color":"","overlay-opacity":"","overlay-gradient":""},"mobile":{"background-color":"var(--ast-global-color-5)","background-image":"","background-repeat":"repeat","background-position":"center center","background-size":"auto","background-attachment":"scroll","background-type":"","background-media":"","overlay-type":"","overlay-color":"","overlay-opacity":"","overlay-gradient":""}},"footnotes":""},"categories":[61,4],"tags":[],"class_list":["post-28612","post","type-post","status-publish","format-standard","has-post-thumbnail","hentry","category-info-setmanal","category-portada"],"post_mailing_queue_ids":[],"_links":{"self":[{"href":"https:\/\/agora.xtec.cat\/ceipfarigolaclot\/wp-json\/wp\/v2\/posts\/28612","targetHints":{"allow":["GET"]}}],"collection":[{"href":"https:\/\/agora.xtec.cat\/ceipfarigolaclot\/wp-json\/wp\/v2\/posts"}],"about":[{"href":"https:\/\/agora.xtec.cat\/ceipfarigolaclot\/wp-json\/wp\/v2\/types\/post"}],"author":[{"embeddable":true,"href":"https:\/\/agora.xtec.cat\/ceipfarigolaclot\/wp-json\/wp\/v2\/users\/1"}],"replies":[{"embeddable":true,"href":"https:\/\/agora.xtec.cat\/ceipfarigolaclot\/wp-json\/wp\/v2\/comments?post=28612"}],"version-history":[{"count":2,"href":"https:\/\/agora.xtec.cat\/ceipfarigolaclot\/wp-json\/wp\/v2\/posts\/28612\/revisions"}],"predecessor-version":[{"id":28702,"href":"https:\/\/agora.xtec.cat\/ceipfarigolaclot\/wp-json\/wp\/v2\/posts\/28612\/revisions\/28702"}],"wp:featuredmedia":[{"embeddable":true,"href":"https:\/\/agora.xtec.cat\/ceipfarigolaclot\/wp-json\/wp\/v2\/media\/28700"}],"wp:attachment":[{"href":"https:\/\/agora.xtec.cat\/ceipfarigolaclot\/wp-json\/wp\/v2\/media?parent=28612"}],"wp:term":[{"taxonomy":"category","embeddable":true,"href":"https:\/\/agora.xtec.cat\/ceipfarigolaclot\/wp-json\/wp\/v2\/categories?post=28612"},{"taxonomy":"post_tag","embeddable":true,"href":"https:\/\/agora.xtec.cat\/ceipfarigolaclot\/wp-json\/wp\/v2\/tags?post=28612"}],"curies":[{"name":"wp","href":"https:\/\/api.w.org\/{rel}","templated":true}]}}