{"id":27884,"date":"2021-11-19T15:54:01","date_gmt":"2021-11-19T14:54:01","guid":{"rendered":"https:\/\/agora.xtec.cat\/ceipfarigolaclot\/?p=27884"},"modified":"2021-11-19T15:54:01","modified_gmt":"2021-11-19T14:54:01","slug":"escola-transformem-els-patis-amb-el-projecte-el-bosc-de-la-farigola-2","status":"publish","type":"post","link":"https:\/\/agora.xtec.cat\/ceipfarigolaclot\/portada\/escola-transformem-els-patis-amb-el-projecte-el-bosc-de-la-farigola-2\/","title":{"rendered":"Escola: transformem els patis amb el projecte \u201cEl bosc de La Farigola\u201d"},"content":{"rendered":"<p>El nostre projecte avan\u00e7a molt r\u00e0pid i \u00e9s emocionant.<\/p>\n<p>Els nostres nois i noies de 5\u00e8 estan iniciant el projecte d&#8217;Aprenentatge i Servei (ApS):<\/p>\n<p>&#8211; aquest dimecres la Montse, la directora, va explicar en el menjador a tot l&#8217;alumnat de 5\u00e8 el recorregut de la nostra hist\u00f2ria des del 2011: els primers intents entre mestres i fam\u00edlies de millorar els patis, la implicaci\u00f3 volunt\u00e0ria de moltes persones en dies de pintar, de plantar, de construir coses, la col\u00b7laboraci\u00f3 exitosa en guanyar el premi Hack the school el 2017 i ara amb aquest darrer projecte de transformaci\u00f3 definitiva.<\/p>\n<p>&#8211; el dijous hem rebut la Margherite Aric\u00f2, arquitecta de l\u2019equip de Project Manager, que molt amablement ha fet l&#8217;esfor\u00e7 d&#8217;explicar la seva excel\u00b7lent diagnosi dels nostres 3 patis tamb\u00e9 a l&#8217;alumnat de 5\u00e8.<\/p>\n<p>&#8211; amb totes aquestes dades els hi queda fer un treball de camp, observar els patis per iniciar una recollida d&#8217;idees, del somni del seus patis.<\/p>\n<p>&#8211; aniran a totes les classes amb un Power Point per a convidar a tots els nens i nenes que puguin aportar les seves idees i desitjos. Despr\u00e9s ho comunicaran tot mitjan\u00e7ant els representants de 5\u00e8 al grup motor del projecte on tamb\u00e9 hi som mestres, fam\u00edlies i Xino-Xano.<\/p>\n<p>A la tarda del dijous ens hem reunit una altra vegada la comissi\u00f3 motor del projecte i hem decidit dates i estrat\u00e8gies.<\/p>\n<p>Ben aviat rebreu una petita enquesta per poder aportar i col\u00b7laborar les fam\u00edlies en aquest projecte tan bonic.<\/p>\n<p>I recordeu: tot l&#8217;esfor\u00e7 \u00e9s ara el m\u00e9s important per poder aconseguir uns patis genials per al proper curs!<\/p>\n<p>Endavant Farigola!<\/p>\n","protected":false},"excerpt":{"rendered":"<p>El nostre projecte avan\u00e7a molt r\u00e0pid i \u00e9s emocionant. Els nostres nois i noies de 5\u00e8 estan iniciant el projecte [&hellip;]<\/p>\n","protected":false},"author":1,"featured_media":0,"comment_status":"open","ping_status":"closed","sticky":false,"template":"","format":"standard","meta":{"_bbp_topic_count":0,"_bbp_reply_count":0,"_bbp_total_topic_count":0,"_bbp_total_reply_count":0,"_bbp_voice_count":0,"_bbp_anonymous_reply_count":0,"_bbp_topic_count_hidden":0,"_bbp_reply_count_hidden":0,"_bbp_forum_subforum_count":0,"site-sidebar-layout":"default","site-content-layout":"","ast-site-content-layout":"","site-content-style":"default","site-sidebar-style":"default","ast-global-header-display":"","ast-banner-title-visibility":"","ast-main-header-display":"","ast-hfb-above-header-display":"","ast-hfb-below-header-display":"","ast-hfb-mobile-header-display":"","site-post-title":"","ast-breadcrumbs-content":"","ast-featured-img":"","footer-sml-layout":"","theme-transparent-header-meta":"","adv-header-id-meta":"","stick-header-meta":"","header-above-stick-meta":"","header-main-stick-meta":"","header-below-stick-meta":"","astra-migrate-meta-layouts":"default","ast-page-background-enabled":"default","ast-page-background-meta":{"desktop":{"background-color":"var(--ast-global-color-4)","background-image":"","background-repeat":"repeat","background-position":"center center","background-size":"auto","background-attachment":"scroll","background-type":"","background-media":"","overlay-type":"","overlay-color":"","overlay-opacity":"","overlay-gradient":""},"tablet":{"background-color":"","background-image":"","background-repeat":"repeat","background-position":"center center","background-size":"auto","background-attachment":"scroll","background-type":"","background-media":"","overlay-type":"","overlay-color":"","overlay-opacity":"","overlay-gradient":""},"mobile":{"background-color":"","background-image":"","background-repeat":"repeat","background-position":"center center","background-size":"auto","background-attachment":"scroll","background-type":"","background-media":"","overlay-type":"","overlay-color":"","overlay-opacity":"","overlay-gradient":""}},"ast-content-background-meta":{"desktop":{"background-color":"var(--ast-global-color-5)","background-image":"","background-repeat":"repeat","background-position":"center center","background-size":"auto","background-attachment":"scroll","background-type":"","background-media":"","overlay-type":"","overlay-color":"","overlay-opacity":"","overlay-gradient":""},"tablet":{"background-color":"var(--ast-global-color-5)","background-image":"","background-repeat":"repeat","background-position":"center center","background-size":"auto","background-attachment":"scroll","background-type":"","background-media":"","overlay-type":"","overlay-color":"","overlay-opacity":"","overlay-gradient":""},"mobile":{"background-color":"var(--ast-global-color-5)","background-image":"","background-repeat":"repeat","background-position":"center center","background-size":"auto","background-attachment":"scroll","background-type":"","background-media":"","overlay-type":"","overlay-color":"","overlay-opacity":"","overlay-gradient":""}},"footnotes":""},"categories":[61,4],"tags":[],"class_list":["post-27884","post","type-post","status-publish","format-standard","hentry","category-info-setmanal","category-portada"],"post_mailing_queue_ids":[],"_links":{"self":[{"href":"https:\/\/agora.xtec.cat\/ceipfarigolaclot\/wp-json\/wp\/v2\/posts\/27884","targetHints":{"allow":["GET"]}}],"collection":[{"href":"https:\/\/agora.xtec.cat\/ceipfarigolaclot\/wp-json\/wp\/v2\/posts"}],"about":[{"href":"https:\/\/agora.xtec.cat\/ceipfarigolaclot\/wp-json\/wp\/v2\/types\/post"}],"author":[{"embeddable":true,"href":"https:\/\/agora.xtec.cat\/ceipfarigolaclot\/wp-json\/wp\/v2\/users\/1"}],"replies":[{"embeddable":true,"href":"https:\/\/agora.xtec.cat\/ceipfarigolaclot\/wp-json\/wp\/v2\/comments?post=27884"}],"version-history":[{"count":1,"href":"https:\/\/agora.xtec.cat\/ceipfarigolaclot\/wp-json\/wp\/v2\/posts\/27884\/revisions"}],"predecessor-version":[{"id":27885,"href":"https:\/\/agora.xtec.cat\/ceipfarigolaclot\/wp-json\/wp\/v2\/posts\/27884\/revisions\/27885"}],"wp:attachment":[{"href":"https:\/\/agora.xtec.cat\/ceipfarigolaclot\/wp-json\/wp\/v2\/media?parent=27884"}],"wp:term":[{"taxonomy":"category","embeddable":true,"href":"https:\/\/agora.xtec.cat\/ceipfarigolaclot\/wp-json\/wp\/v2\/categories?post=27884"},{"taxonomy":"post_tag","embeddable":true,"href":"https:\/\/agora.xtec.cat\/ceipfarigolaclot\/wp-json\/wp\/v2\/tags?post=27884"}],"curies":[{"name":"wp","href":"https:\/\/api.w.org\/{rel}","templated":true}]}}