{"id":26431,"date":"2021-09-09T10:19:17","date_gmt":"2021-09-09T08:19:17","guid":{"rendered":"https:\/\/agora.xtec.cat\/ceipfarigolaclot\/?p=26431"},"modified":"2021-09-09T10:19:17","modified_gmt":"2021-09-09T08:19:17","slug":"primaria-reorganitzacio-dels-grups-classe","status":"publish","type":"post","link":"https:\/\/agora.xtec.cat\/ceipfarigolaclot\/portada\/primaria-reorganitzacio-dels-grups-classe\/","title":{"rendered":"Prim\u00e0ria: reorganitzaci\u00f3 dels grups-classe"},"content":{"rendered":"<p>El curs passat torn\u00e0vem a les escoles despr\u00e9s de 3 mesos de confinament i patir una etapa complicada plena de pors, incerteses i algunes viv\u00e8ncies personals i familiars dures.<\/p>\n<p>Per atendre millor els nostres nens i nenes se&#8217;ns va dotar als centres amb m\u00e9s personal del que hav\u00edem tingut mai (mestres, netejadora, monitors i monitores&#8230;). Aquest augment concret de mestres, i l&#8217;assumpci\u00f3 de tutories per part de mestres especialistes, ens va possibilitar atendre de manera m\u00e9s individualitzada a tot l&#8217;alumnat. D&#8217;entre algunes mesures una va ser reorganitzar els grups classe del cicle mitj\u00e0 i del superior: vam dividir els tradicionals dos grups per nivell amb 25 nens\/es en 3 grups de 16-17.<\/p>\n<p>Enguany la dotaci\u00f3 de mestres ha estat menys generosa per\u00f2 tenim el convenciment que poder repartir els 50 infants en 3 grups \u00e9s una bona manera de poder atendre&#8217;ls de manera m\u00e9s personalitzada. No podem fer-ho amb tots els nivells i enguany hem decidit fer aquesta mesura en els grups de 1r, 3r i 5\u00e8.<\/p>\n<p>Sabem que els canvis de cicle acostumen a ser una mica m\u00e9s intensos per a l&#8217;alumnat i que aquesta mesura pot ajudar-los a facilitar l&#8217;adaptaci\u00f3 aix\u00ed com a la conviv\u00e8ncia i millora de l&#8217;aprenentatge. La resta de grups, que seguiran sent com sempre de 25 nens i nenes, rebran m\u00e9s atenci\u00f3 per part d&#8217;algun mestre m\u00e9s que refor\u00e7ar\u00e0 les tasques dels tutors\/es.<\/p>\n<p>Som conscients que aquestes dotacions extres de personal aniran desapareixent per\u00f2 mentre les tinguem les aprofitarem al m\u00e0xim. Tenim la seguretat que aquest recurs, aix\u00ed com d&#8217;altres mesures, ajudaran a superar aquesta etapa de la que ben segur que aprendrem molt ja que de les dificultats sols queda seguir endavant amb empenta!<\/p>\n","protected":false},"excerpt":{"rendered":"<p>El curs passat torn\u00e0vem a les escoles despr\u00e9s de 3 mesos de confinament i patir una etapa complicada plena de [&hellip;]<\/p>\n","protected":false},"author":1,"featured_media":0,"comment_status":"open","ping_status":"closed","sticky":false,"template":"","format":"standard","meta":{"_bbp_topic_count":0,"_bbp_reply_count":0,"_bbp_total_topic_count":0,"_bbp_total_reply_count":0,"_bbp_voice_count":0,"_bbp_anonymous_reply_count":0,"_bbp_topic_count_hidden":0,"_bbp_reply_count_hidden":0,"_bbp_forum_subforum_count":0,"site-sidebar-layout":"default","site-content-layout":"","ast-site-content-layout":"","site-content-style":"default","site-sidebar-style":"default","ast-global-header-display":"","ast-banner-title-visibility":"","ast-main-header-display":"","ast-hfb-above-header-display":"","ast-hfb-below-header-display":"","ast-hfb-mobile-header-display":"","site-post-title":"","ast-breadcrumbs-content":"","ast-featured-img":"","footer-sml-layout":"","theme-transparent-header-meta":"","adv-header-id-meta":"","stick-header-meta":"","header-above-stick-meta":"","header-main-stick-meta":"","header-below-stick-meta":"","astra-migrate-meta-layouts":"default","ast-page-background-enabled":"default","ast-page-background-meta":{"desktop":{"background-color":"var(--ast-global-color-4)","background-image":"","background-repeat":"repeat","background-position":"center center","background-size":"auto","background-attachment":"scroll","background-type":"","background-media":"","overlay-type":"","overlay-color":"","overlay-opacity":"","overlay-gradient":""},"tablet":{"background-color":"","background-image":"","background-repeat":"repeat","background-position":"center center","background-size":"auto","background-attachment":"scroll","background-type":"","background-media":"","overlay-type":"","overlay-color":"","overlay-opacity":"","overlay-gradient":""},"mobile":{"background-color":"","background-image":"","background-repeat":"repeat","background-position":"center center","background-size":"auto","background-attachment":"scroll","background-type":"","background-media":"","overlay-type":"","overlay-color":"","overlay-opacity":"","overlay-gradient":""}},"ast-content-background-meta":{"desktop":{"background-color":"var(--ast-global-color-5)","background-image":"","background-repeat":"repeat","background-position":"center center","background-size":"auto","background-attachment":"scroll","background-type":"","background-media":"","overlay-type":"","overlay-color":"","overlay-opacity":"","overlay-gradient":""},"tablet":{"background-color":"var(--ast-global-color-5)","background-image":"","background-repeat":"repeat","background-position":"center center","background-size":"auto","background-attachment":"scroll","background-type":"","background-media":"","overlay-type":"","overlay-color":"","overlay-opacity":"","overlay-gradient":""},"mobile":{"background-color":"var(--ast-global-color-5)","background-image":"","background-repeat":"repeat","background-position":"center center","background-size":"auto","background-attachment":"scroll","background-type":"","background-media":"","overlay-type":"","overlay-color":"","overlay-opacity":"","overlay-gradient":""}},"footnotes":""},"categories":[10,11,12,13,14,15,61,4,5],"tags":[],"class_list":["post-26431","post","type-post","status-publish","format-standard","hentry","category-1r","category-2n","category-3r","category-4t","category-5e","category-6e","category-info-setmanal","category-portada","category-primaria"],"post_mailing_queue_ids":[],"_links":{"self":[{"href":"https:\/\/agora.xtec.cat\/ceipfarigolaclot\/wp-json\/wp\/v2\/posts\/26431","targetHints":{"allow":["GET"]}}],"collection":[{"href":"https:\/\/agora.xtec.cat\/ceipfarigolaclot\/wp-json\/wp\/v2\/posts"}],"about":[{"href":"https:\/\/agora.xtec.cat\/ceipfarigolaclot\/wp-json\/wp\/v2\/types\/post"}],"author":[{"embeddable":true,"href":"https:\/\/agora.xtec.cat\/ceipfarigolaclot\/wp-json\/wp\/v2\/users\/1"}],"replies":[{"embeddable":true,"href":"https:\/\/agora.xtec.cat\/ceipfarigolaclot\/wp-json\/wp\/v2\/comments?post=26431"}],"version-history":[{"count":1,"href":"https:\/\/agora.xtec.cat\/ceipfarigolaclot\/wp-json\/wp\/v2\/posts\/26431\/revisions"}],"predecessor-version":[{"id":26432,"href":"https:\/\/agora.xtec.cat\/ceipfarigolaclot\/wp-json\/wp\/v2\/posts\/26431\/revisions\/26432"}],"wp:attachment":[{"href":"https:\/\/agora.xtec.cat\/ceipfarigolaclot\/wp-json\/wp\/v2\/media?parent=26431"}],"wp:term":[{"taxonomy":"category","embeddable":true,"href":"https:\/\/agora.xtec.cat\/ceipfarigolaclot\/wp-json\/wp\/v2\/categories?post=26431"},{"taxonomy":"post_tag","embeddable":true,"href":"https:\/\/agora.xtec.cat\/ceipfarigolaclot\/wp-json\/wp\/v2\/tags?post=26431"}],"curies":[{"name":"wp","href":"https:\/\/api.w.org\/{rel}","templated":true}]}}