{"id":26233,"date":"2021-06-11T15:12:44","date_gmt":"2021-06-11T13:12:44","guid":{"rendered":"http:\/\/agora.xtec.cat\/ceipfarigolaclot\/?p=26233"},"modified":"2021-06-11T15:12:44","modified_gmt":"2021-06-11T13:12:44","slug":"escola-afa-necessitem-el-bosc-de-la-farigola","status":"publish","type":"post","link":"https:\/\/agora.xtec.cat\/ceipfarigolaclot\/portada\/escola-afa-necessitem-el-bosc-de-la-farigola\/","title":{"rendered":"Escola &#8211; AFA: necessitem el \u201cBosc de La Farigola\u201d"},"content":{"rendered":"<p>Ahir dijous, dia 10, es va donar el tret de sortida a les votacions definitives per a la selecci\u00f3 de projectes que seran adjudicats als pressupostos participatius de l\u2019Ajuntament de Barcelona.<\/p>\n<p>Sabem que us hem \u201cbombardejat\u201d amb informaci\u00f3 en les darreres hores: correu electr\u00f2nic, Twitter, grups de WhatsApp&#8230; Us demanem disculpes si us ha semblat excessiu per\u00f2 \u00e9s molt important per a nosaltres aconseguir la m\u00e0xima difusi\u00f3 i ress\u00f2 de la nostra candidatura.<\/p>\n<p>Us agrairem que en feu difusi\u00f3, tamb\u00e9, entre el vostre entorn de familiars, amistats, etc. i que entre totes i tots aconseguim fer realitat el somni d\u2019un pati millorat, d\u2019un pulm\u00f3 verd per als infants farigolins i per al barri del Clot.<\/p>\n<p>Totes les persones empadronades a la ciutat de 14 anys o m\u00e9s poden votar els projectes d\u2019inversi\u00f3 que s\u2019executaran en cadascun dels 10 districtes de Barcelona en el per\u00edode 2021-2023.<\/p>\n<p>La votaci\u00f3 es digital a trav\u00e9s del web <a href=\"https:\/\/www.decidim.barcelona\/processes\/PressupostosParticipatius\/f\/4517\/budgets\/12\/projects?locale=es&amp;filter%5Bsearch_text%5D=&amp;filter%5Bscope_id%5D%5B%5D=&amp;filter%5Bcategory_id%5D%5B%5D=\" target=\"_blank\" rel=\"noopener noreferrer\">Decidim.barcelona<\/a>, si b\u00e9 s\u2019han previst diversos punts presencials de suport a la votaci\u00f3 digital en tots els districtes de la ciutat, que es poden consultar <a href=\"https:\/\/www.decidim.barcelona\/processes\/PressupostosParticipatius\/f\/4570\" target=\"_blank\" rel=\"noopener noreferrer\">aqu\u00ed<\/a>.<\/p>\n<p>Cada persona pot votar els projectes de, com a m\u00e0xim, 2 districtes de la ciutat: el districte en el qual est\u00e0 empadronada i un altre districte a escollir lliurement. En cas de votar nom\u00e9s a un districte, podr\u00e0 escollir si opta pel districte d&#8217;empadronament o per un altre districte.<\/p>\n<p>En cada districte, es poden votar tants projectes com es consideri oport\u00fa, a partir d\u2019un m\u00ednim de 2 projectes, i fins a exhaurir el total del pressupost assignat al districte. Tot i aix\u00f2, per emetre el vot no \u00e9s necessari esgotar tota la dotaci\u00f3 pressupost\u00e0ria assignada.<\/p>\n<p>Aqu\u00ed teniu la descripci\u00f3 del nostre projecte<\/p>\n<p style=\"text-align: center;\"><a href=\"https:\/\/ja.cat\/FARIBOSC\" target=\"_blank\" rel=\"noopener noreferrer\">HTTPS:\/\/ja.cat\/FARIBOSC<\/a><\/p>\n<p>Durant els propers dies, diferents persones volunt\u00e0ries estaran a les hores d\u2019entrada i sortida de l\u2019escola per ajudar-vos a votar si ho necessiteu.<\/p>\n<p>Tamb\u00e9 hem volgut implicar als nens i nenes de l\u2019escola i avui divendres, han sortit amb uns petits fulls amb la informaci\u00f3 necess\u00e0ria perqu\u00e8 els pugueu repartir entre les persones que considereu per aconseguir m\u00e9s vots.<\/p>\n<p>Moltes gr\u00e0cies a tothom!<\/p>\n<p><a href=\"https:\/\/agora.xtec.cat\/ceipfarigolaclot\/wp-content\/uploads\/usu983\/2021\/06\/unnamed-1.jpg\"><img loading=\"lazy\" decoding=\"async\" class=\"aligncenter wp-image-26217\" src=\"https:\/\/agora.xtec.cat\/ceipfarigolaclot\/wp-content\/uploads\/usu983\/2021\/06\/unnamed-1.jpg\" alt=\"\" width=\"491\" height=\"180\" srcset=\"https:\/\/agora.xtec.cat\/ceipfarigolaclot\/wp-content\/uploads\/usu983\/2021\/06\/unnamed-1.jpg 1414w, https:\/\/agora.xtec.cat\/ceipfarigolaclot\/wp-content\/uploads\/usu983\/2021\/06\/unnamed-1-300x110.jpg 300w, https:\/\/agora.xtec.cat\/ceipfarigolaclot\/wp-content\/uploads\/usu983\/2021\/06\/unnamed-1-768x282.jpg 768w, https:\/\/agora.xtec.cat\/ceipfarigolaclot\/wp-content\/uploads\/usu983\/2021\/06\/unnamed-1-1024x377.jpg 1024w\" sizes=\"auto, (max-width: 491px) 100vw, 491px\" \/><\/a><\/p>\n","protected":false},"excerpt":{"rendered":"<p>Ahir dijous, dia 10, es va donar el tret de sortida a les votacions definitives per a la selecci\u00f3 de [&hellip;]<\/p>\n","protected":false},"author":1,"featured_media":26218,"comment_status":"open","ping_status":"closed","sticky":false,"template":"","format":"standard","meta":{"_bbp_topic_count":0,"_bbp_reply_count":0,"_bbp_total_topic_count":0,"_bbp_total_reply_count":0,"_bbp_voice_count":0,"_bbp_anonymous_reply_count":0,"_bbp_topic_count_hidden":0,"_bbp_reply_count_hidden":0,"_bbp_forum_subforum_count":0,"site-sidebar-layout":"default","site-content-layout":"","ast-site-content-layout":"","site-content-style":"default","site-sidebar-style":"default","ast-global-header-display":"","ast-banner-title-visibility":"","ast-main-header-display":"","ast-hfb-above-header-display":"","ast-hfb-below-header-display":"","ast-hfb-mobile-header-display":"","site-post-title":"","ast-breadcrumbs-content":"","ast-featured-img":"","footer-sml-layout":"","theme-transparent-header-meta":"","adv-header-id-meta":"","stick-header-meta":"","header-above-stick-meta":"","header-main-stick-meta":"","header-below-stick-meta":"","astra-migrate-meta-layouts":"default","ast-page-background-enabled":"default","ast-page-background-meta":{"desktop":{"background-color":"var(--ast-global-color-4)","background-image":"","background-repeat":"repeat","background-position":"center center","background-size":"auto","background-attachment":"scroll","background-type":"","background-media":"","overlay-type":"","overlay-color":"","overlay-opacity":"","overlay-gradient":""},"tablet":{"background-color":"","background-image":"","background-repeat":"repeat","background-position":"center center","background-size":"auto","background-attachment":"scroll","background-type":"","background-media":"","overlay-type":"","overlay-color":"","overlay-opacity":"","overlay-gradient":""},"mobile":{"background-color":"","background-image":"","background-repeat":"repeat","background-position":"center center","background-size":"auto","background-attachment":"scroll","background-type":"","background-media":"","overlay-type":"","overlay-color":"","overlay-opacity":"","overlay-gradient":""}},"ast-content-background-meta":{"desktop":{"background-color":"var(--ast-global-color-5)","background-image":"","background-repeat":"repeat","background-position":"center center","background-size":"auto","background-attachment":"scroll","background-type":"","background-media":"","overlay-type":"","overlay-color":"","overlay-opacity":"","overlay-gradient":""},"tablet":{"background-color":"var(--ast-global-color-5)","background-image":"","background-repeat":"repeat","background-position":"center center","background-size":"auto","background-attachment":"scroll","background-type":"","background-media":"","overlay-type":"","overlay-color":"","overlay-opacity":"","overlay-gradient":""},"mobile":{"background-color":"var(--ast-global-color-5)","background-image":"","background-repeat":"repeat","background-position":"center center","background-size":"auto","background-attachment":"scroll","background-type":"","background-media":"","overlay-type":"","overlay-color":"","overlay-opacity":"","overlay-gradient":""}},"footnotes":""},"categories":[61,4],"tags":[],"class_list":["post-26233","post","type-post","status-publish","format-standard","has-post-thumbnail","hentry","category-info-setmanal","category-portada"],"post_mailing_queue_ids":[],"_links":{"self":[{"href":"https:\/\/agora.xtec.cat\/ceipfarigolaclot\/wp-json\/wp\/v2\/posts\/26233","targetHints":{"allow":["GET"]}}],"collection":[{"href":"https:\/\/agora.xtec.cat\/ceipfarigolaclot\/wp-json\/wp\/v2\/posts"}],"about":[{"href":"https:\/\/agora.xtec.cat\/ceipfarigolaclot\/wp-json\/wp\/v2\/types\/post"}],"author":[{"embeddable":true,"href":"https:\/\/agora.xtec.cat\/ceipfarigolaclot\/wp-json\/wp\/v2\/users\/1"}],"replies":[{"embeddable":true,"href":"https:\/\/agora.xtec.cat\/ceipfarigolaclot\/wp-json\/wp\/v2\/comments?post=26233"}],"version-history":[{"count":1,"href":"https:\/\/agora.xtec.cat\/ceipfarigolaclot\/wp-json\/wp\/v2\/posts\/26233\/revisions"}],"predecessor-version":[{"id":26234,"href":"https:\/\/agora.xtec.cat\/ceipfarigolaclot\/wp-json\/wp\/v2\/posts\/26233\/revisions\/26234"}],"wp:featuredmedia":[{"embeddable":true,"href":"https:\/\/agora.xtec.cat\/ceipfarigolaclot\/wp-json\/wp\/v2\/media\/26218"}],"wp:attachment":[{"href":"https:\/\/agora.xtec.cat\/ceipfarigolaclot\/wp-json\/wp\/v2\/media?parent=26233"}],"wp:term":[{"taxonomy":"category","embeddable":true,"href":"https:\/\/agora.xtec.cat\/ceipfarigolaclot\/wp-json\/wp\/v2\/categories?post=26233"},{"taxonomy":"post_tag","embeddable":true,"href":"https:\/\/agora.xtec.cat\/ceipfarigolaclot\/wp-json\/wp\/v2\/tags?post=26233"}],"curies":[{"name":"wp","href":"https:\/\/api.w.org\/{rel}","templated":true}]}}