{"id":25770,"date":"2021-05-14T10:31:35","date_gmt":"2021-05-14T08:31:35","guid":{"rendered":"http:\/\/agora.xtec.cat\/ceipfarigolaclot\/?p=25770"},"modified":"2021-05-14T10:31:35","modified_gmt":"2021-05-14T08:31:35","slug":"afa-celebrem-el-dia-internacional-contra-la-lgtbifobia","status":"publish","type":"post","link":"https:\/\/agora.xtec.cat\/ceipfarigolaclot\/afa\/afa-celebrem-el-dia-internacional-contra-la-lgtbifobia\/","title":{"rendered":"AFA: Celebrem el Dia Internacional contra la LGTBIfobia"},"content":{"rendered":"<p>El proper dimarts dia 17 de maig se celebra el Dia Internacional contra l&#8217; Homof\u00f2bia, Lesbof\u00f2bia, Bif\u00f2bia i Transf\u00f2bia. Commemora l&#8217;eliminaci\u00f3 de l&#8217;homosexualitat de la llista de malalties mentals per part de l&#8217;Organitzaci\u00f3 Mundial de la Salut, i t\u00e9 com a objectiu coordinar tot tipus d&#8217;accions que serveixin per denunciar la discriminaci\u00f3 a la qual les persones homosexuals, lesbianes, bisexuals, trans i intersexuals estan sotmeses.<\/p>\n<p>En un dia com aquest, des de l\u2019AFA volem visibilitzar i reinvindicar la diversitat de les fam\u00edlies, molt presents a la nostra escola, aprofitant que aquest diumenge 15 se celebra tamb\u00e9 el Dia Internacional de la Fam\u00edlia.<\/p>\n<p>Us passem el seg\u00fcent q\u00fcestionari, promogut per l\u2019AFA Congr\u00e9s-Indians, que a m\u00e9s de fer-vos passar uns minuts entretinguts, vol donar visibilitat i incrementar la consci\u00e8ncia sobre alguns dels problemes que han d&#8217;afrontar les persones LGBTIQ+.<\/p>\n<p style=\"text-align: center;\"><a href=\"https:\/\/docs.google.com\/forms\/d\/e\/1FAIpQLSe5p3n9X69s2pEU9R6a6YNFx_i1FHnbyib4_D0NMOanmusiNg\/viewform\" target=\"_blank\" rel=\"noopener noreferrer\">https:\/\/docs.google.com\/forms\/d\/e\/1FAIpQLSe5p3n9X69s2pEU9R6a6YNFx_i1FHnbyib4_D0NMOanmusiNg\/viewform<\/a><\/p>\n<p>&nbsp;<\/p>\n<p><em>Celebramos el D\u00eda Internacional contra la LGTBIfobia que busca coordinar acciones que sirvan para denunciar la discriminaci\u00f3n de personas LGBTIQ+. Desde el AFA queremos visibilizar y reivindicar la diversidad de las familias.<\/em><\/p>\n","protected":false},"excerpt":{"rendered":"<p>El proper dimarts dia 17 de maig se celebra el Dia Internacional contra l&#8217; Homof\u00f2bia, Lesbof\u00f2bia, Bif\u00f2bia i Transf\u00f2bia. Commemora [&hellip;]<\/p>\n","protected":false},"author":1,"featured_media":0,"comment_status":"open","ping_status":"closed","sticky":false,"template":"","format":"standard","meta":{"_bbp_topic_count":0,"_bbp_reply_count":0,"_bbp_total_topic_count":0,"_bbp_total_reply_count":0,"_bbp_voice_count":0,"_bbp_anonymous_reply_count":0,"_bbp_topic_count_hidden":0,"_bbp_reply_count_hidden":0,"_bbp_forum_subforum_count":0,"site-sidebar-layout":"default","site-content-layout":"","ast-site-content-layout":"","site-content-style":"default","site-sidebar-style":"default","ast-global-header-display":"","ast-banner-title-visibility":"","ast-main-header-display":"","ast-hfb-above-header-display":"","ast-hfb-below-header-display":"","ast-hfb-mobile-header-display":"","site-post-title":"","ast-breadcrumbs-content":"","ast-featured-img":"","footer-sml-layout":"","theme-transparent-header-meta":"","adv-header-id-meta":"","stick-header-meta":"","header-above-stick-meta":"","header-main-stick-meta":"","header-below-stick-meta":"","astra-migrate-meta-layouts":"default","ast-page-background-enabled":"default","ast-page-background-meta":{"desktop":{"background-color":"var(--ast-global-color-4)","background-image":"","background-repeat":"repeat","background-position":"center center","background-size":"auto","background-attachment":"scroll","background-type":"","background-media":"","overlay-type":"","overlay-color":"","overlay-opacity":"","overlay-gradient":""},"tablet":{"background-color":"","background-image":"","background-repeat":"repeat","background-position":"center center","background-size":"auto","background-attachment":"scroll","background-type":"","background-media":"","overlay-type":"","overlay-color":"","overlay-opacity":"","overlay-gradient":""},"mobile":{"background-color":"","background-image":"","background-repeat":"repeat","background-position":"center center","background-size":"auto","background-attachment":"scroll","background-type":"","background-media":"","overlay-type":"","overlay-color":"","overlay-opacity":"","overlay-gradient":""}},"ast-content-background-meta":{"desktop":{"background-color":"var(--ast-global-color-5)","background-image":"","background-repeat":"repeat","background-position":"center center","background-size":"auto","background-attachment":"scroll","background-type":"","background-media":"","overlay-type":"","overlay-color":"","overlay-opacity":"","overlay-gradient":""},"tablet":{"background-color":"var(--ast-global-color-5)","background-image":"","background-repeat":"repeat","background-position":"center center","background-size":"auto","background-attachment":"scroll","background-type":"","background-media":"","overlay-type":"","overlay-color":"","overlay-opacity":"","overlay-gradient":""},"mobile":{"background-color":"var(--ast-global-color-5)","background-image":"","background-repeat":"repeat","background-position":"center center","background-size":"auto","background-attachment":"scroll","background-type":"","background-media":"","overlay-type":"","overlay-color":"","overlay-opacity":"","overlay-gradient":""}},"footnotes":""},"categories":[7,61],"tags":[],"class_list":["post-25770","post","type-post","status-publish","format-standard","hentry","category-afa","category-info-setmanal"],"post_mailing_queue_ids":[],"_links":{"self":[{"href":"https:\/\/agora.xtec.cat\/ceipfarigolaclot\/wp-json\/wp\/v2\/posts\/25770","targetHints":{"allow":["GET"]}}],"collection":[{"href":"https:\/\/agora.xtec.cat\/ceipfarigolaclot\/wp-json\/wp\/v2\/posts"}],"about":[{"href":"https:\/\/agora.xtec.cat\/ceipfarigolaclot\/wp-json\/wp\/v2\/types\/post"}],"author":[{"embeddable":true,"href":"https:\/\/agora.xtec.cat\/ceipfarigolaclot\/wp-json\/wp\/v2\/users\/1"}],"replies":[{"embeddable":true,"href":"https:\/\/agora.xtec.cat\/ceipfarigolaclot\/wp-json\/wp\/v2\/comments?post=25770"}],"version-history":[{"count":1,"href":"https:\/\/agora.xtec.cat\/ceipfarigolaclot\/wp-json\/wp\/v2\/posts\/25770\/revisions"}],"predecessor-version":[{"id":25771,"href":"https:\/\/agora.xtec.cat\/ceipfarigolaclot\/wp-json\/wp\/v2\/posts\/25770\/revisions\/25771"}],"wp:attachment":[{"href":"https:\/\/agora.xtec.cat\/ceipfarigolaclot\/wp-json\/wp\/v2\/media?parent=25770"}],"wp:term":[{"taxonomy":"category","embeddable":true,"href":"https:\/\/agora.xtec.cat\/ceipfarigolaclot\/wp-json\/wp\/v2\/categories?post=25770"},{"taxonomy":"post_tag","embeddable":true,"href":"https:\/\/agora.xtec.cat\/ceipfarigolaclot\/wp-json\/wp\/v2\/tags?post=25770"}],"curies":[{"name":"wp","href":"https:\/\/api.w.org\/{rel}","templated":true}]}}