{"id":25664,"date":"2021-05-07T14:18:55","date_gmt":"2021-05-07T12:18:55","guid":{"rendered":"http:\/\/agora.xtec.cat\/ceipfarigolaclot\/?p=25664"},"modified":"2021-05-07T14:18:55","modified_gmt":"2021-05-07T12:18:55","slug":"el-centre-de-la-platja-programa-dactivitats","status":"publish","type":"post","link":"https:\/\/agora.xtec.cat\/ceipfarigolaclot\/info-setmanal\/el-centre-de-la-platja-programa-dactivitats\/","title":{"rendered":"El Centre de la Platja: programa d\u2019activitats"},"content":{"rendered":"<p>El Centre de la Platja ha inaugurat la temporada 2021 i us informem que ja tenim disponible el programa d&#8217;activitats, que podeu trobar adjunt a aquest correu.<\/p>\n<p>El mar, la sorra, la biodiversitat marina i la sostenibilitat s\u00f3n els protagonistes del Centre de la Platja. Aquesta temporada est\u00e0 dedicada als seg\u00fcents eixos: Moviments poblacionals, Biodiversitat, Residu Zero, Canvi Clim\u00e0tic, i Maritimitat.<\/p>\n<p>El programa proposa activitats per a grups organitzats, casals i escoles, a la vegada que inclou activitats individuals, com rutes i visites guiades pels entorns del litoral, tallers, activitats de descoberta, projeccions de documentals i videoconfer\u00e8ncies, i recursos online, entre altres, per a tots els p\u00fablics.<\/p>\n<p>S\u2019explorar\u00e0 la fauna del nostre litoral, s\u2019investigar\u00e0 la contaminaci\u00f3 de les nostres platges, parlarem sobre l\u00edmits planetaris i canvi clim\u00e0tic, hi haur\u00e0 un \u201cviatge\u201d fins al Senegal, i es descobrir\u00e0 una Barcelona m\u00e9s sostenible, entre d&#8217;altres activitats molt din\u00e0miques i divertides.<\/p>\n<p>Totes les activitats s\u00f3n gratu\u00eftes, amb aforament limitat.<\/p>\n<p>Mira\u2019t el programa i contacta amb El Centre de la Platja per a inscripcions.<\/p>\n<p><a href=\"https:\/\/agora.xtec.cat\/ceipfarigolaclot\/wp-content\/uploads\/usu983\/2021\/05\/images.jpg\"><img loading=\"lazy\" decoding=\"async\" class=\"aligncenter size-full wp-image-25647\" src=\"https:\/\/agora.xtec.cat\/ceipfarigolaclot\/wp-content\/uploads\/usu983\/2021\/05\/images.jpg\" alt=\"\" width=\"304\" height=\"164\" srcset=\"https:\/\/agora.xtec.cat\/ceipfarigolaclot\/wp-content\/uploads\/usu983\/2021\/05\/images.jpg 304w, https:\/\/agora.xtec.cat\/ceipfarigolaclot\/wp-content\/uploads\/usu983\/2021\/05\/images-300x162.jpg 300w\" sizes=\"auto, (max-width: 304px) 100vw, 304px\" \/><\/a><\/p>\n","protected":false},"excerpt":{"rendered":"<p>El Centre de la Platja ha inaugurat la temporada 2021 i us informem que ja tenim disponible el programa d&#8217;activitats, [&hellip;]<\/p>\n","protected":false},"author":1,"featured_media":25647,"comment_status":"open","ping_status":"closed","sticky":false,"template":"","format":"standard","meta":{"_bbp_topic_count":0,"_bbp_reply_count":0,"_bbp_total_topic_count":0,"_bbp_total_reply_count":0,"_bbp_voice_count":0,"_bbp_anonymous_reply_count":0,"_bbp_topic_count_hidden":0,"_bbp_reply_count_hidden":0,"_bbp_forum_subforum_count":0,"site-sidebar-layout":"default","site-content-layout":"","ast-site-content-layout":"","site-content-style":"default","site-sidebar-style":"default","ast-global-header-display":"","ast-banner-title-visibility":"","ast-main-header-display":"","ast-hfb-above-header-display":"","ast-hfb-below-header-display":"","ast-hfb-mobile-header-display":"","site-post-title":"","ast-breadcrumbs-content":"","ast-featured-img":"","footer-sml-layout":"","theme-transparent-header-meta":"","adv-header-id-meta":"","stick-header-meta":"","header-above-stick-meta":"","header-main-stick-meta":"","header-below-stick-meta":"","astra-migrate-meta-layouts":"default","ast-page-background-enabled":"default","ast-page-background-meta":{"desktop":{"background-color":"var(--ast-global-color-4)","background-image":"","background-repeat":"repeat","background-position":"center center","background-size":"auto","background-attachment":"scroll","background-type":"","background-media":"","overlay-type":"","overlay-color":"","overlay-opacity":"","overlay-gradient":""},"tablet":{"background-color":"","background-image":"","background-repeat":"repeat","background-position":"center center","background-size":"auto","background-attachment":"scroll","background-type":"","background-media":"","overlay-type":"","overlay-color":"","overlay-opacity":"","overlay-gradient":""},"mobile":{"background-color":"","background-image":"","background-repeat":"repeat","background-position":"center center","background-size":"auto","background-attachment":"scroll","background-type":"","background-media":"","overlay-type":"","overlay-color":"","overlay-opacity":"","overlay-gradient":""}},"ast-content-background-meta":{"desktop":{"background-color":"var(--ast-global-color-5)","background-image":"","background-repeat":"repeat","background-position":"center center","background-size":"auto","background-attachment":"scroll","background-type":"","background-media":"","overlay-type":"","overlay-color":"","overlay-opacity":"","overlay-gradient":""},"tablet":{"background-color":"var(--ast-global-color-5)","background-image":"","background-repeat":"repeat","background-position":"center center","background-size":"auto","background-attachment":"scroll","background-type":"","background-media":"","overlay-type":"","overlay-color":"","overlay-opacity":"","overlay-gradient":""},"mobile":{"background-color":"var(--ast-global-color-5)","background-image":"","background-repeat":"repeat","background-position":"center center","background-size":"auto","background-attachment":"scroll","background-type":"","background-media":"","overlay-type":"","overlay-color":"","overlay-opacity":"","overlay-gradient":""}},"footnotes":""},"categories":[61],"tags":[],"class_list":["post-25664","post","type-post","status-publish","format-standard","has-post-thumbnail","hentry","category-info-setmanal"],"post_mailing_queue_ids":[],"_links":{"self":[{"href":"https:\/\/agora.xtec.cat\/ceipfarigolaclot\/wp-json\/wp\/v2\/posts\/25664","targetHints":{"allow":["GET"]}}],"collection":[{"href":"https:\/\/agora.xtec.cat\/ceipfarigolaclot\/wp-json\/wp\/v2\/posts"}],"about":[{"href":"https:\/\/agora.xtec.cat\/ceipfarigolaclot\/wp-json\/wp\/v2\/types\/post"}],"author":[{"embeddable":true,"href":"https:\/\/agora.xtec.cat\/ceipfarigolaclot\/wp-json\/wp\/v2\/users\/1"}],"replies":[{"embeddable":true,"href":"https:\/\/agora.xtec.cat\/ceipfarigolaclot\/wp-json\/wp\/v2\/comments?post=25664"}],"version-history":[{"count":1,"href":"https:\/\/agora.xtec.cat\/ceipfarigolaclot\/wp-json\/wp\/v2\/posts\/25664\/revisions"}],"predecessor-version":[{"id":25665,"href":"https:\/\/agora.xtec.cat\/ceipfarigolaclot\/wp-json\/wp\/v2\/posts\/25664\/revisions\/25665"}],"wp:featuredmedia":[{"embeddable":true,"href":"https:\/\/agora.xtec.cat\/ceipfarigolaclot\/wp-json\/wp\/v2\/media\/25647"}],"wp:attachment":[{"href":"https:\/\/agora.xtec.cat\/ceipfarigolaclot\/wp-json\/wp\/v2\/media?parent=25664"}],"wp:term":[{"taxonomy":"category","embeddable":true,"href":"https:\/\/agora.xtec.cat\/ceipfarigolaclot\/wp-json\/wp\/v2\/categories?post=25664"},{"taxonomy":"post_tag","embeddable":true,"href":"https:\/\/agora.xtec.cat\/ceipfarigolaclot\/wp-json\/wp\/v2\/tags?post=25664"}],"curies":[{"name":"wp","href":"https:\/\/api.w.org\/{rel}","templated":true}]}}