{"id":25461,"date":"2021-04-28T22:45:45","date_gmt":"2021-04-28T20:45:45","guid":{"rendered":"http:\/\/agora.xtec.cat\/ceipfarigolaclot\/?p=25461"},"modified":"2021-04-28T22:45:45","modified_gmt":"2021-04-28T20:45:45","slug":"jocs-florals-2021-6e-b","status":"publish","type":"post","link":"https:\/\/agora.xtec.cat\/ceipfarigolaclot\/primaria\/6e\/jocs-florals-2021-6e-b\/","title":{"rendered":"Jocs Florals 2021 &#8211; 6\u00e8 B"},"content":{"rendered":"<h3 style=\"text-align: center;\"><span style=\"text-decoration: underline;\"><b>Any 2025<\/b><\/span><\/h3>\n<p><span style=\"font-weight: 400;\">S\u00f3c la M\u00f2nica, una supervivent del judici final. El dia 13 d\u2019abril del 2025 va comen\u00e7ar la tercera guerra mundial. Va ser tan greu que tots els pa\u00efsos van comen\u00e7ar a tirar-se bombes entre ells. Les ciutats van comen\u00e7ar a caure pels tsunamis de radiaci\u00f3. Molta gent que estava a les ciutats van anar a viure a llocs com les muntanyes, boscos i espais naturals protegits, on hi havia menys radiaci\u00f3. Per\u00f2 els rics tenien el privilegi de poder muntar-se en unes naus espacials, per viure en elles.\u00a0<\/span><\/p>\n<p><span style=\"font-weight: 400;\">Per\u00f2 abans de continuar, ser\u00e0 millor que expliqui la meva hist\u00f2ria.<\/span><\/p>\n<p><span style=\"font-weight: 400;\">S\u00f3c la filla del president de Su\u00efssa. En teoria la nau 108, \u201cl&#8217;\u00faltima\u201d m\u2019hauria d&#8217;haver recollit en un descampat a prop de la ciutat. Per\u00f2 va tenir problemes amb el motor i va esclatar entrant a l&#8217;atmosfera. \u00c9s per aix\u00f2 que ara visc aqu\u00ed, en una petita cabana enmig d\u2019un bosc, lluitant per la meva vida. El grup que estava esperant a la nau, com jo, amb la desesperaci\u00f3 i l\u2019esperan\u00e7a de sobreviure, es van matar entre si, per\u00f2 jo vaig poder escapar per poc. Avui, 15 de febrer del 2026, encara continuo lluitant per seguir amb vida, ja no s\u00e9 quants dies porto sola i l\u2019\u00fanica arma que tinc \u00e9s un arc amb unes quantes fletxes. Nom\u00e9s tinc un motiu per continuar viva: l\u2019esperan\u00e7a que algun dia tornin a buscar-me.<\/span><\/p>\n<p><i><span style=\"font-weight: 400;\">26 de febrer del 2026<\/span><\/i><\/p>\n<p><span style=\"font-weight: 400;\">Estic desesperada, la radiaci\u00f3 est\u00e0 arribant a tots els racons del m\u00f3n. Per\u00f2 tinc un pla, una colla de mercenaris tenen una r\u00e0dio i es poden comunicar amb les naus. Tot i aix\u00f2, no els venen a buscar perqu\u00e8 no estan a la llista de gent que tenen dret d\u2019entrar a la nau. Llavors, penso que si m\u2019infiltro a la seva base i robo la r\u00e0dio, em podria comunicar amb ells. Tinc la sort d\u2019estar a la llista, per la qual cosa em passarien a recollir segur. Aix\u00ed que dem\u00e0, 27 de febrer, em posar\u00e9 mans a l\u2019obra.\u00a0<\/span><\/p>\n<p><span style=\"font-weight: 400;\">He de recordar que el seu campament est\u00e0 a 10 quil\u00f2metres de dist\u00e0ncia.<\/span><\/p>\n<p><i><span style=\"font-weight: 400;\">27 de febrer de 2026<\/span><\/i><\/p>\n<p><span style=\"font-weight: 400;\">Fa una hora que camino, he fet entre cinc i sis quil\u00f2metres. Ja estic cansada, crec que esperar\u00e9 fins a la nit per entrar al seu campament i, mentrestant, buscar\u00e9 un refugi per dormir una mica.\u00a0<\/span><\/p>\n<p><span style=\"font-weight: 400;\">Ja \u00e9s de nit, s\u00f3n les dues i trenta-dos, vaig a fer els quatre quil\u00f2metres que em queden, sense descansar, i entrar\u00e9 al seu campament.<\/span><\/p>\n<p><span style=\"font-weight: 400;\">3:20 hores de la matinada, he hagut de matar al vigilant de la torre exterior, d\u2019una fletxa al pulm\u00f3 dret. Estic molt espantada, s\u00f3c incapa\u00e7 de continuar endavant. Pujo a la torre per intentar dormir una bona estona, i cap a les sis i quart de la matinada comen\u00e7ar\u00e9 el pla.<\/span><\/p>\n<p><i><span style=\"font-weight: 400;\">28 de febrer de 2026<\/span><\/i><\/p>\n<p><span style=\"font-weight: 400;\">No he pogut dormir gaire perqu\u00e8 estava molt nerviosa. He aprofitat per repensar el pla i tenir en compte la posici\u00f3 de cada gu\u00e0rdia. B\u00e9, vaig a aconseguir aquesta r\u00e0dio. Espero tornar a escriure aquest diari\u2026<\/span><\/p>\n<p><b>***\u00a0<\/b><\/p>\n<p><span style=\"font-weight: 400;\">Ho he aconseguit!! Des de la torre he matat al gu\u00e0rdia de la porta principal d\u2019una fletxa al coll. Aix\u00f2 m\u2019ha facilitat entrar. Quan estava a dins, he vist un gu\u00e0rdia al costat de la r\u00e0dio. L\u2019he apuntat al front, per\u00f2 quan he disparat, la fletxa s\u2019ha desviat una mica i, al final, li ha anat a parar al nas. Ha caigut pla a terra i, sense perdre m\u00e9s temps, he agafat la r\u00e0dio i, com un llamp, me n\u2019he anat.<\/span><\/p>\n<p><i><span style=\"font-weight: 400;\">1 de mar\u00e7 de 2026\u00a0<\/span><\/i><\/p>\n<p><span style=\"font-weight: 400;\">Ja he tornat a la meva cabana, endevina qu\u00e8! He pogut contactar amb la nau central; em passaran a recollir dem\u00e0 a primera hora del mat\u00ed! Estic molt contenta, potser dem\u00e0 ser\u00e0 l\u2019\u00faltim dia que escric el meu diari, qui sap\u2026<\/span><\/p>\n<p><i><span style=\"font-weight: 400;\">2 de mar\u00e7 de 2026<\/span><\/i><\/p>\n<p><span style=\"font-weight: 400;\">Ja estan aqu\u00ed! Els veig baixar del cel. No tinc paraules per descriure les meves emocions ara mateix. Tinc una barreja de sensacions com alegria, satisfacci\u00f3, confian\u00e7a\u2026<\/span><\/p>\n<p><span style=\"font-weight: 400;\">Tanmateix, estic bastant trista perqu\u00e8 penso en la gent que no ha tingut la mateixa sort que jo\u2026 Tot i aix\u00f2 estic molt agra\u00efda d&#8217;haver sobreviscut al judici final. A partir d\u2019ara comen\u00e7ar\u00e9 una nova etapa. Aqu\u00ed acomiado el meu diari; el meu diari del JUDICI FINAL!<\/span><\/p>\n<p style=\"text-align: right;\"><em><strong>Pseud\u00f2nim: Karma Akabane<\/strong><\/em><\/p>\n","protected":false},"excerpt":{"rendered":"<p>Any 2025 S\u00f3c la M\u00f2nica, una supervivent del judici final. El dia 13 d\u2019abril del 2025 va comen\u00e7ar la tercera [&hellip;]<\/p>\n","protected":false},"author":1,"featured_media":0,"comment_status":"open","ping_status":"closed","sticky":false,"template":"","format":"standard","meta":{"_bbp_topic_count":0,"_bbp_reply_count":0,"_bbp_total_topic_count":0,"_bbp_total_reply_count":0,"_bbp_voice_count":0,"_bbp_anonymous_reply_count":0,"_bbp_topic_count_hidden":0,"_bbp_reply_count_hidden":0,"_bbp_forum_subforum_count":0,"site-sidebar-layout":"default","site-content-layout":"","ast-site-content-layout":"","site-content-style":"default","site-sidebar-style":"default","ast-global-header-display":"","ast-banner-title-visibility":"","ast-main-header-display":"","ast-hfb-above-header-display":"","ast-hfb-below-header-display":"","ast-hfb-mobile-header-display":"","site-post-title":"","ast-breadcrumbs-content":"","ast-featured-img":"","footer-sml-layout":"","theme-transparent-header-meta":"","adv-header-id-meta":"","stick-header-meta":"","header-above-stick-meta":"","header-main-stick-meta":"","header-below-stick-meta":"","astra-migrate-meta-layouts":"default","ast-page-background-enabled":"default","ast-page-background-meta":{"desktop":{"background-color":"var(--ast-global-color-4)","background-image":"","background-repeat":"repeat","background-position":"center center","background-size":"auto","background-attachment":"scroll","background-type":"","background-media":"","overlay-type":"","overlay-color":"","overlay-opacity":"","overlay-gradient":""},"tablet":{"background-color":"","background-image":"","background-repeat":"repeat","background-position":"center center","background-size":"auto","background-attachment":"scroll","background-type":"","background-media":"","overlay-type":"","overlay-color":"","overlay-opacity":"","overlay-gradient":""},"mobile":{"background-color":"","background-image":"","background-repeat":"repeat","background-position":"center center","background-size":"auto","background-attachment":"scroll","background-type":"","background-media":"","overlay-type":"","overlay-color":"","overlay-opacity":"","overlay-gradient":""}},"ast-content-background-meta":{"desktop":{"background-color":"var(--ast-global-color-5)","background-image":"","background-repeat":"repeat","background-position":"center center","background-size":"auto","background-attachment":"scroll","background-type":"","background-media":"","overlay-type":"","overlay-color":"","overlay-opacity":"","overlay-gradient":""},"tablet":{"background-color":"var(--ast-global-color-5)","background-image":"","background-repeat":"repeat","background-position":"center center","background-size":"auto","background-attachment":"scroll","background-type":"","background-media":"","overlay-type":"","overlay-color":"","overlay-opacity":"","overlay-gradient":""},"mobile":{"background-color":"var(--ast-global-color-5)","background-image":"","background-repeat":"repeat","background-position":"center center","background-size":"auto","background-attachment":"scroll","background-type":"","background-media":"","overlay-type":"","overlay-color":"","overlay-opacity":"","overlay-gradient":""}},"footnotes":""},"categories":[15],"tags":[895],"class_list":["post-25461","post","type-post","status-publish","format-standard","hentry","category-6e","tag-jocs-florals-2021"],"post_mailing_queue_ids":[],"_links":{"self":[{"href":"https:\/\/agora.xtec.cat\/ceipfarigolaclot\/wp-json\/wp\/v2\/posts\/25461","targetHints":{"allow":["GET"]}}],"collection":[{"href":"https:\/\/agora.xtec.cat\/ceipfarigolaclot\/wp-json\/wp\/v2\/posts"}],"about":[{"href":"https:\/\/agora.xtec.cat\/ceipfarigolaclot\/wp-json\/wp\/v2\/types\/post"}],"author":[{"embeddable":true,"href":"https:\/\/agora.xtec.cat\/ceipfarigolaclot\/wp-json\/wp\/v2\/users\/1"}],"replies":[{"embeddable":true,"href":"https:\/\/agora.xtec.cat\/ceipfarigolaclot\/wp-json\/wp\/v2\/comments?post=25461"}],"version-history":[{"count":1,"href":"https:\/\/agora.xtec.cat\/ceipfarigolaclot\/wp-json\/wp\/v2\/posts\/25461\/revisions"}],"predecessor-version":[{"id":25462,"href":"https:\/\/agora.xtec.cat\/ceipfarigolaclot\/wp-json\/wp\/v2\/posts\/25461\/revisions\/25462"}],"wp:attachment":[{"href":"https:\/\/agora.xtec.cat\/ceipfarigolaclot\/wp-json\/wp\/v2\/media?parent=25461"}],"wp:term":[{"taxonomy":"category","embeddable":true,"href":"https:\/\/agora.xtec.cat\/ceipfarigolaclot\/wp-json\/wp\/v2\/categories?post=25461"},{"taxonomy":"post_tag","embeddable":true,"href":"https:\/\/agora.xtec.cat\/ceipfarigolaclot\/wp-json\/wp\/v2\/tags?post=25461"}],"curies":[{"name":"wp","href":"https:\/\/api.w.org\/{rel}","templated":true}]}}