{"id":25366,"date":"2021-04-23T15:23:50","date_gmt":"2021-04-23T13:23:50","guid":{"rendered":"http:\/\/agora.xtec.cat\/ceipfarigolaclot\/?p=25366"},"modified":"2021-04-23T15:23:50","modified_gmt":"2021-04-23T13:23:50","slug":"educacio-infantil-celebrem-sant-jordi-2","status":"publish","type":"post","link":"https:\/\/agora.xtec.cat\/ceipfarigolaclot\/infantil\/educacio-infantil-celebrem-sant-jordi-2\/","title":{"rendered":"Educaci\u00f3 infantil: celebrem Sant Jordi"},"content":{"rendered":"<p>Els petits d\u2019infantil han gaudit del mat\u00ed del dia 23 d\u2019abril escoltant contes narrats a les seves aules.<\/p>\n<p>A P3 hem explicat \u201cAix\u00ed \u00e9s el meu cor\u201d.<\/p>\n<p>A P4 han escoltat \u201cLa llegenda de Sant Jordi\u201d.<\/p>\n<p>I a P5 hem explicat \u201dEl mar ho va veure\u201d.<\/p>\n<p>M\u00e9s tard han rebut el reconeixement a les seves obres i han rebut un regal per a tota la classe perqu\u00e8 guanyadors i guanyadores a infantil som tots i totes. Els premiem l&#8217;esfor\u00e7 i dedicaci\u00f3 amb l&#8217;entrega de llibres per a la biblioteca d&#8217;aula.<\/p>\n<p>Per acabar el dia, a la tarda, la mestra de m\u00fasica , la Isabel, ens ha fet per nivells una petita representaci\u00f3 musical del conte \u201cSant Jordi a la cova del drac\u201d.<\/p>\n<p>Ha estat un dia molt especial ple de contes i de m\u00fasica!<\/p>\n<p style=\"text-align: right;\"><em>Mestres d&#8217;educaci\u00f3 infantil<\/em><\/p>\n<p style=\"text-align: center;\"><a href=\"https:\/\/agora.xtec.cat\/ceipfarigolaclot\/wp-content\/uploads\/usu983\/2021\/04\/IMG-20210420-WA0056.jpg\"><img loading=\"lazy\" decoding=\"async\" class=\"aligncenter wp-image-25341 size-medium\" src=\"https:\/\/agora.xtec.cat\/ceipfarigolaclot\/wp-content\/uploads\/usu983\/2021\/04\/IMG-20210420-WA0056-300x272.jpg\" alt=\"\" width=\"300\" height=\"272\" srcset=\"https:\/\/agora.xtec.cat\/ceipfarigolaclot\/wp-content\/uploads\/usu983\/2021\/04\/IMG-20210420-WA0056-300x272.jpg 300w, https:\/\/agora.xtec.cat\/ceipfarigolaclot\/wp-content\/uploads\/usu983\/2021\/04\/IMG-20210420-WA0056-768x696.jpg 768w, https:\/\/agora.xtec.cat\/ceipfarigolaclot\/wp-content\/uploads\/usu983\/2021\/04\/IMG-20210420-WA0056-1024x928.jpg 1024w, https:\/\/agora.xtec.cat\/ceipfarigolaclot\/wp-content\/uploads\/usu983\/2021\/04\/IMG-20210420-WA0056.jpg 1898w\" sizes=\"auto, (max-width: 300px) 100vw, 300px\" \/><\/a><\/p>\n","protected":false},"excerpt":{"rendered":"<p>Els petits d\u2019infantil han gaudit del mat\u00ed del dia 23 d\u2019abril escoltant contes narrats a les seves aules. A P3 [&hellip;]<\/p>\n","protected":false},"author":1,"featured_media":25341,"comment_status":"open","ping_status":"closed","sticky":false,"template":"","format":"standard","meta":{"_bbp_topic_count":0,"_bbp_reply_count":0,"_bbp_total_topic_count":0,"_bbp_total_reply_count":0,"_bbp_voice_count":0,"_bbp_anonymous_reply_count":0,"_bbp_topic_count_hidden":0,"_bbp_reply_count_hidden":0,"_bbp_forum_subforum_count":0,"site-sidebar-layout":"default","site-content-layout":"","ast-site-content-layout":"","site-content-style":"default","site-sidebar-style":"default","ast-global-header-display":"","ast-banner-title-visibility":"","ast-main-header-display":"","ast-hfb-above-header-display":"","ast-hfb-below-header-display":"","ast-hfb-mobile-header-display":"","site-post-title":"","ast-breadcrumbs-content":"","ast-featured-img":"","footer-sml-layout":"","theme-transparent-header-meta":"","adv-header-id-meta":"","stick-header-meta":"","header-above-stick-meta":"","header-main-stick-meta":"","header-below-stick-meta":"","astra-migrate-meta-layouts":"default","ast-page-background-enabled":"default","ast-page-background-meta":{"desktop":{"background-color":"var(--ast-global-color-4)","background-image":"","background-repeat":"repeat","background-position":"center center","background-size":"auto","background-attachment":"scroll","background-type":"","background-media":"","overlay-type":"","overlay-color":"","overlay-opacity":"","overlay-gradient":""},"tablet":{"background-color":"","background-image":"","background-repeat":"repeat","background-position":"center center","background-size":"auto","background-attachment":"scroll","background-type":"","background-media":"","overlay-type":"","overlay-color":"","overlay-opacity":"","overlay-gradient":""},"mobile":{"background-color":"","background-image":"","background-repeat":"repeat","background-position":"center center","background-size":"auto","background-attachment":"scroll","background-type":"","background-media":"","overlay-type":"","overlay-color":"","overlay-opacity":"","overlay-gradient":""}},"ast-content-background-meta":{"desktop":{"background-color":"var(--ast-global-color-5)","background-image":"","background-repeat":"repeat","background-position":"center center","background-size":"auto","background-attachment":"scroll","background-type":"","background-media":"","overlay-type":"","overlay-color":"","overlay-opacity":"","overlay-gradient":""},"tablet":{"background-color":"var(--ast-global-color-5)","background-image":"","background-repeat":"repeat","background-position":"center center","background-size":"auto","background-attachment":"scroll","background-type":"","background-media":"","overlay-type":"","overlay-color":"","overlay-opacity":"","overlay-gradient":""},"mobile":{"background-color":"var(--ast-global-color-5)","background-image":"","background-repeat":"repeat","background-position":"center center","background-size":"auto","background-attachment":"scroll","background-type":"","background-media":"","overlay-type":"","overlay-color":"","overlay-opacity":"","overlay-gradient":""}},"footnotes":""},"categories":[3,8,9,2,61,4],"tags":[],"class_list":["post-25366","post","type-post","status-publish","format-standard","has-post-thumbnail","hentry","category-p3","category-p4","category-p5","category-infantil","category-info-setmanal","category-portada"],"post_mailing_queue_ids":[],"_links":{"self":[{"href":"https:\/\/agora.xtec.cat\/ceipfarigolaclot\/wp-json\/wp\/v2\/posts\/25366","targetHints":{"allow":["GET"]}}],"collection":[{"href":"https:\/\/agora.xtec.cat\/ceipfarigolaclot\/wp-json\/wp\/v2\/posts"}],"about":[{"href":"https:\/\/agora.xtec.cat\/ceipfarigolaclot\/wp-json\/wp\/v2\/types\/post"}],"author":[{"embeddable":true,"href":"https:\/\/agora.xtec.cat\/ceipfarigolaclot\/wp-json\/wp\/v2\/users\/1"}],"replies":[{"embeddable":true,"href":"https:\/\/agora.xtec.cat\/ceipfarigolaclot\/wp-json\/wp\/v2\/comments?post=25366"}],"version-history":[{"count":1,"href":"https:\/\/agora.xtec.cat\/ceipfarigolaclot\/wp-json\/wp\/v2\/posts\/25366\/revisions"}],"predecessor-version":[{"id":25367,"href":"https:\/\/agora.xtec.cat\/ceipfarigolaclot\/wp-json\/wp\/v2\/posts\/25366\/revisions\/25367"}],"wp:featuredmedia":[{"embeddable":true,"href":"https:\/\/agora.xtec.cat\/ceipfarigolaclot\/wp-json\/wp\/v2\/media\/25341"}],"wp:attachment":[{"href":"https:\/\/agora.xtec.cat\/ceipfarigolaclot\/wp-json\/wp\/v2\/media?parent=25366"}],"wp:term":[{"taxonomy":"category","embeddable":true,"href":"https:\/\/agora.xtec.cat\/ceipfarigolaclot\/wp-json\/wp\/v2\/categories?post=25366"},{"taxonomy":"post_tag","embeddable":true,"href":"https:\/\/agora.xtec.cat\/ceipfarigolaclot\/wp-json\/wp\/v2\/tags?post=25366"}],"curies":[{"name":"wp","href":"https:\/\/api.w.org\/{rel}","templated":true}]}}