{"id":24972,"date":"2021-03-26T14:00:40","date_gmt":"2021-03-26T13:00:40","guid":{"rendered":"http:\/\/agora.xtec.cat\/ceipfarigolaclot\/?p=24972"},"modified":"2021-03-26T14:00:40","modified_gmt":"2021-03-26T13:00:40","slug":"escola-afa-votem-pel-bosc-de-la-farigola","status":"publish","type":"post","link":"https:\/\/agora.xtec.cat\/ceipfarigolaclot\/portada\/escola-afa-votem-pel-bosc-de-la-farigola\/","title":{"rendered":"Escola &#8211; AFA: Votem pel bosc de La Farigola"},"content":{"rendered":"<p>Com ja deveu saber per m\u00faltiples canals de comunicaci\u00f3, estem participant en els pressupostos participatius de l\u2019Ajuntament de Barcelona per aconseguir el finan\u00e7ament necessari que permeti gaudir del nou \u201cBosc de La Farigola\u201d al nostre pati.<\/p>\n<p>Aquesta iniciativa, dissenyada ara fa m\u00e9s d\u2019un any, representa un guany que ser\u00e0 molt benefici\u00f3s per al nostre alumnat pel que fa al confort t\u00e8rmic gr\u00e0cies a les ombres, a la qualitat de l\u2019aire i tamb\u00e9 per a tot el ve\u00efnat ja que el programa Patis Escolars Oberts al Barri t\u00e9 a La Farigola com una de les seves instal\u00b7lacions.<\/p>\n<p>De moment, la iniciativa t\u00e9 molts suports i est\u00e0 en molt bona posici\u00f3 per\u00f2 no podem deixar d\u2019actuar tots i totes. Us tornem a demanar que, si encara no ho heu fet, entreu al portal <a href=\"https:\/\/www.decidim.barcelona\/processes\/PressupostosParticipatius\/f\/4422\/proposals\/28378\">decidim.barcelona<\/a>, registreu-vos i manifesteu el vostre suport al projecte. Ens hi juguem molt.<\/p>\n<p><a href=\"https:\/\/agora.xtec.cat\/ceipfarigolaclot\/wp-content\/uploads\/usu983\/2021\/03\/bosc-Farigola.jpg\"><img loading=\"lazy\" decoding=\"async\" class=\"aligncenter wp-image-24960\" src=\"https:\/\/agora.xtec.cat\/ceipfarigolaclot\/wp-content\/uploads\/usu983\/2021\/03\/bosc-Farigola-724x1024.jpg\" alt=\"\" width=\"362\" height=\"512\" srcset=\"https:\/\/agora.xtec.cat\/ceipfarigolaclot\/wp-content\/uploads\/usu983\/2021\/03\/bosc-Farigola-724x1024.jpg 724w, https:\/\/agora.xtec.cat\/ceipfarigolaclot\/wp-content\/uploads\/usu983\/2021\/03\/bosc-Farigola-212x300.jpg 212w, https:\/\/agora.xtec.cat\/ceipfarigolaclot\/wp-content\/uploads\/usu983\/2021\/03\/bosc-Farigola-768x1086.jpg 768w, https:\/\/agora.xtec.cat\/ceipfarigolaclot\/wp-content\/uploads\/usu983\/2021\/03\/bosc-Farigola.jpg 1131w\" sizes=\"auto, (max-width: 362px) 100vw, 362px\" \/><\/a><\/p>\n","protected":false},"excerpt":{"rendered":"<p>Com ja deveu saber per m\u00faltiples canals de comunicaci\u00f3, estem participant en els pressupostos participatius de l\u2019Ajuntament de Barcelona per [&hellip;]<\/p>\n","protected":false},"author":1,"featured_media":24960,"comment_status":"open","ping_status":"closed","sticky":false,"template":"","format":"standard","meta":{"_bbp_topic_count":0,"_bbp_reply_count":0,"_bbp_total_topic_count":0,"_bbp_total_reply_count":0,"_bbp_voice_count":0,"_bbp_anonymous_reply_count":0,"_bbp_topic_count_hidden":0,"_bbp_reply_count_hidden":0,"_bbp_forum_subforum_count":0,"site-sidebar-layout":"default","site-content-layout":"","ast-site-content-layout":"","site-content-style":"default","site-sidebar-style":"default","ast-global-header-display":"","ast-banner-title-visibility":"","ast-main-header-display":"","ast-hfb-above-header-display":"","ast-hfb-below-header-display":"","ast-hfb-mobile-header-display":"","site-post-title":"","ast-breadcrumbs-content":"","ast-featured-img":"","footer-sml-layout":"","theme-transparent-header-meta":"","adv-header-id-meta":"","stick-header-meta":"","header-above-stick-meta":"","header-main-stick-meta":"","header-below-stick-meta":"","astra-migrate-meta-layouts":"default","ast-page-background-enabled":"default","ast-page-background-meta":{"desktop":{"background-color":"var(--ast-global-color-4)","background-image":"","background-repeat":"repeat","background-position":"center center","background-size":"auto","background-attachment":"scroll","background-type":"","background-media":"","overlay-type":"","overlay-color":"","overlay-opacity":"","overlay-gradient":""},"tablet":{"background-color":"","background-image":"","background-repeat":"repeat","background-position":"center center","background-size":"auto","background-attachment":"scroll","background-type":"","background-media":"","overlay-type":"","overlay-color":"","overlay-opacity":"","overlay-gradient":""},"mobile":{"background-color":"","background-image":"","background-repeat":"repeat","background-position":"center center","background-size":"auto","background-attachment":"scroll","background-type":"","background-media":"","overlay-type":"","overlay-color":"","overlay-opacity":"","overlay-gradient":""}},"ast-content-background-meta":{"desktop":{"background-color":"var(--ast-global-color-5)","background-image":"","background-repeat":"repeat","background-position":"center center","background-size":"auto","background-attachment":"scroll","background-type":"","background-media":"","overlay-type":"","overlay-color":"","overlay-opacity":"","overlay-gradient":""},"tablet":{"background-color":"var(--ast-global-color-5)","background-image":"","background-repeat":"repeat","background-position":"center center","background-size":"auto","background-attachment":"scroll","background-type":"","background-media":"","overlay-type":"","overlay-color":"","overlay-opacity":"","overlay-gradient":""},"mobile":{"background-color":"var(--ast-global-color-5)","background-image":"","background-repeat":"repeat","background-position":"center center","background-size":"auto","background-attachment":"scroll","background-type":"","background-media":"","overlay-type":"","overlay-color":"","overlay-opacity":"","overlay-gradient":""}},"footnotes":""},"categories":[7,61,4],"tags":[],"class_list":["post-24972","post","type-post","status-publish","format-standard","has-post-thumbnail","hentry","category-afa","category-info-setmanal","category-portada"],"post_mailing_queue_ids":[],"_links":{"self":[{"href":"https:\/\/agora.xtec.cat\/ceipfarigolaclot\/wp-json\/wp\/v2\/posts\/24972","targetHints":{"allow":["GET"]}}],"collection":[{"href":"https:\/\/agora.xtec.cat\/ceipfarigolaclot\/wp-json\/wp\/v2\/posts"}],"about":[{"href":"https:\/\/agora.xtec.cat\/ceipfarigolaclot\/wp-json\/wp\/v2\/types\/post"}],"author":[{"embeddable":true,"href":"https:\/\/agora.xtec.cat\/ceipfarigolaclot\/wp-json\/wp\/v2\/users\/1"}],"replies":[{"embeddable":true,"href":"https:\/\/agora.xtec.cat\/ceipfarigolaclot\/wp-json\/wp\/v2\/comments?post=24972"}],"version-history":[{"count":1,"href":"https:\/\/agora.xtec.cat\/ceipfarigolaclot\/wp-json\/wp\/v2\/posts\/24972\/revisions"}],"predecessor-version":[{"id":24973,"href":"https:\/\/agora.xtec.cat\/ceipfarigolaclot\/wp-json\/wp\/v2\/posts\/24972\/revisions\/24973"}],"wp:featuredmedia":[{"embeddable":true,"href":"https:\/\/agora.xtec.cat\/ceipfarigolaclot\/wp-json\/wp\/v2\/media\/24960"}],"wp:attachment":[{"href":"https:\/\/agora.xtec.cat\/ceipfarigolaclot\/wp-json\/wp\/v2\/media?parent=24972"}],"wp:term":[{"taxonomy":"category","embeddable":true,"href":"https:\/\/agora.xtec.cat\/ceipfarigolaclot\/wp-json\/wp\/v2\/categories?post=24972"},{"taxonomy":"post_tag","embeddable":true,"href":"https:\/\/agora.xtec.cat\/ceipfarigolaclot\/wp-json\/wp\/v2\/tags?post=24972"}],"curies":[{"name":"wp","href":"https:\/\/api.w.org\/{rel}","templated":true}]}}