{"id":24372,"date":"2021-02-26T12:54:22","date_gmt":"2021-02-26T11:54:22","guid":{"rendered":"http:\/\/agora.xtec.cat\/ceipfarigolaclot\/?p=24372"},"modified":"2021-02-26T00:17:58","modified_gmt":"2021-02-25T23:17:58","slug":"escola-afa-el-nou-bosc-de-la-farigola","status":"publish","type":"post","link":"https:\/\/agora.xtec.cat\/ceipfarigolaclot\/portada\/escola-afa-el-nou-bosc-de-la-farigola\/","title":{"rendered":"Escola &#8211; AFA: el nou bosc de La Farigola"},"content":{"rendered":"<p style=\"text-align: justify;\">La nostra escola durant 35 anys va gaudir d&#8217;una pineda amb m\u00e9s de 30 arbres en el seu pati gran de prim\u00e0ria. Uns pins molt grans possiblement m\u00e9s que centenaris.<\/p>\n<p style=\"text-align: justify;\">Uns 6 anys enrere va caure un pi que va trencar la reixa i el muret de separaci\u00f3 amb l&#8217;institut Salvador Espriu. Va ser causat pel fort vent i, per sort de tothom, durant la nit aix\u00ed que ning\u00fa va prendre mal. Aix\u00f2 a la muntanya no hagu\u00e9s estat un greu problema per\u00f2 representava un seri\u00f3s perill en una escola aix\u00ed que es va demanar al Consorci de Barcelona una auditoria de tots els pins per a saber el seu estat de salut i la possibilitat que pogu\u00e9s caure algun altre arbre.<\/p>\n<p style=\"text-align: justify;\">L&#8217;auditoria de Parcs i jardins va arribar a la conclusi\u00f3 que en estar tan junts els arbres estaven for\u00e7a torts i en perill de caure alguns aix\u00ed que vam haver de sacrificar uns 13 arbres m\u00e9s.<\/p>\n<p style=\"text-align: justify;\">Amb el cor trencat vam presenciar com tallaven la meitat del nostre bosc de pins per\u00f2 vam aprofitar tallar les soques en una al\u00e7ada determinada i aprofitar els troncs per a servir de tamborets. Uns pares i mares de l&#8217;AFA van fer la feina de convertir algunes de les soques en taules.<\/p>\n<p style=\"text-align: justify;\">El gener del 2020 una desgr\u00e0cia m\u00e9s anomenada Gl\u00f2ria, un cicl\u00f3 extratropical de llarg recorregut en l&#8217;Atl\u00e0ntic Nord que va afectar els Estats Units i Canad\u00e0 va arribar a Catalunya i va arrasar la nostra ja petita pineda. Quin espant al dia seg\u00fcent quan vam veure el nostre pati destrossat&#8230; <a href=\"https:\/\/agora.xtec.cat\/ceipfarigolaclot\/wp-content\/uploads\/usu983\/2021\/02\/gloria.jpg\"><img loading=\"lazy\" decoding=\"async\" class=\"wp-image-24374 size-medium aligncenter\" src=\"https:\/\/agora.xtec.cat\/ceipfarigolaclot\/wp-content\/uploads\/usu983\/2021\/02\/gloria-300x169.jpg\" alt=\"\" width=\"300\" height=\"169\" srcset=\"https:\/\/agora.xtec.cat\/ceipfarigolaclot\/wp-content\/uploads\/usu983\/2021\/02\/gloria-300x169.jpg 300w, https:\/\/agora.xtec.cat\/ceipfarigolaclot\/wp-content\/uploads\/usu983\/2021\/02\/gloria-768x432.jpg 768w, https:\/\/agora.xtec.cat\/ceipfarigolaclot\/wp-content\/uploads\/usu983\/2021\/02\/gloria-1024x575.jpg 1024w, https:\/\/agora.xtec.cat\/ceipfarigolaclot\/wp-content\/uploads\/usu983\/2021\/02\/gloria.jpg 1600w\" sizes=\"auto, (max-width: 300px) 100vw, 300px\" \/><\/a><\/p>\n<p><a href=\"https:\/\/agora.xtec.cat\/ceipfarigolaclot\/wp-content\/uploads\/usu983\/2021\/02\/gloria2.jpg\"><img loading=\"lazy\" decoding=\"async\" class=\"aligncenter wp-image-24375 size-medium\" src=\"https:\/\/agora.xtec.cat\/ceipfarigolaclot\/wp-content\/uploads\/usu983\/2021\/02\/gloria2-300x225.jpg\" alt=\"\" width=\"300\" height=\"225\" srcset=\"https:\/\/agora.xtec.cat\/ceipfarigolaclot\/wp-content\/uploads\/usu983\/2021\/02\/gloria2-300x225.jpg 300w, https:\/\/agora.xtec.cat\/ceipfarigolaclot\/wp-content\/uploads\/usu983\/2021\/02\/gloria2-768x576.jpg 768w, https:\/\/agora.xtec.cat\/ceipfarigolaclot\/wp-content\/uploads\/usu983\/2021\/02\/gloria2-1024x768.jpg 1024w, https:\/\/agora.xtec.cat\/ceipfarigolaclot\/wp-content\/uploads\/usu983\/2021\/02\/gloria2-200x150.jpg 200w\" sizes=\"auto, (max-width: 300px) 100vw, 300px\" \/><\/a><\/p>\n<p style=\"text-align: justify;\">Davant aquest panorama des de l&#8217;AFA s&#8217;ha impulsat un projecte anomenat &#8220;El bosc de La Farigola&#8221; i conjuntament amb l&#8217;escola ben aviat us explicarem amb m\u00e9s detall quines accions es portaran a terme i com podreu participar com a fam\u00edlies.<\/p>\n<p style=\"text-align: justify;\">En la propera Info a la nostra comunitat educativa del divendres seg\u00fcent, 5 de mar\u00e7, rebreu indicacions m\u00e9s detallades per\u00f2 aneu reservant-vos el diumenge 21 de mar\u00e7 per venir a gaudir-lo amb nosaltres, a La Farigola, ajudant a crear &#8220;El bosc de La Farigola&#8221;.<\/p>\n<p><a href=\"https:\/\/agora.xtec.cat\/ceipfarigolaclot\/wp-content\/uploads\/usu983\/2021\/02\/82556bany-de-bosc.jpg\"><img loading=\"lazy\" decoding=\"async\" class=\"aligncenter wp-image-24352 size-medium\" src=\"https:\/\/agora.xtec.cat\/ceipfarigolaclot\/wp-content\/uploads\/usu983\/2021\/02\/82556bany-de-bosc-300x200.jpg\" alt=\"\" width=\"300\" height=\"200\" srcset=\"https:\/\/agora.xtec.cat\/ceipfarigolaclot\/wp-content\/uploads\/usu983\/2021\/02\/82556bany-de-bosc-300x200.jpg 300w, https:\/\/agora.xtec.cat\/ceipfarigolaclot\/wp-content\/uploads\/usu983\/2021\/02\/82556bany-de-bosc.jpg 640w\" sizes=\"auto, (max-width: 300px) 100vw, 300px\" \/><\/a><\/p>\n","protected":false},"excerpt":{"rendered":"<p>La nostra escola durant 35 anys va gaudir d&#8217;una pineda amb m\u00e9s de 30 arbres en el seu pati gran [&hellip;]<\/p>\n","protected":false},"author":1,"featured_media":24352,"comment_status":"open","ping_status":"closed","sticky":false,"template":"","format":"standard","meta":{"_bbp_topic_count":0,"_bbp_reply_count":0,"_bbp_total_topic_count":0,"_bbp_total_reply_count":0,"_bbp_voice_count":0,"_bbp_anonymous_reply_count":0,"_bbp_topic_count_hidden":0,"_bbp_reply_count_hidden":0,"_bbp_forum_subforum_count":0,"site-sidebar-layout":"default","site-content-layout":"","ast-site-content-layout":"","site-content-style":"default","site-sidebar-style":"default","ast-global-header-display":"","ast-banner-title-visibility":"","ast-main-header-display":"","ast-hfb-above-header-display":"","ast-hfb-below-header-display":"","ast-hfb-mobile-header-display":"","site-post-title":"","ast-breadcrumbs-content":"","ast-featured-img":"","footer-sml-layout":"","theme-transparent-header-meta":"","adv-header-id-meta":"","stick-header-meta":"","header-above-stick-meta":"","header-main-stick-meta":"","header-below-stick-meta":"","astra-migrate-meta-layouts":"default","ast-page-background-enabled":"default","ast-page-background-meta":{"desktop":{"background-color":"var(--ast-global-color-4)","background-image":"","background-repeat":"repeat","background-position":"center center","background-size":"auto","background-attachment":"scroll","background-type":"","background-media":"","overlay-type":"","overlay-color":"","overlay-opacity":"","overlay-gradient":""},"tablet":{"background-color":"","background-image":"","background-repeat":"repeat","background-position":"center center","background-size":"auto","background-attachment":"scroll","background-type":"","background-media":"","overlay-type":"","overlay-color":"","overlay-opacity":"","overlay-gradient":""},"mobile":{"background-color":"","background-image":"","background-repeat":"repeat","background-position":"center center","background-size":"auto","background-attachment":"scroll","background-type":"","background-media":"","overlay-type":"","overlay-color":"","overlay-opacity":"","overlay-gradient":""}},"ast-content-background-meta":{"desktop":{"background-color":"var(--ast-global-color-5)","background-image":"","background-repeat":"repeat","background-position":"center center","background-size":"auto","background-attachment":"scroll","background-type":"","background-media":"","overlay-type":"","overlay-color":"","overlay-opacity":"","overlay-gradient":""},"tablet":{"background-color":"var(--ast-global-color-5)","background-image":"","background-repeat":"repeat","background-position":"center center","background-size":"auto","background-attachment":"scroll","background-type":"","background-media":"","overlay-type":"","overlay-color":"","overlay-opacity":"","overlay-gradient":""},"mobile":{"background-color":"var(--ast-global-color-5)","background-image":"","background-repeat":"repeat","background-position":"center center","background-size":"auto","background-attachment":"scroll","background-type":"","background-media":"","overlay-type":"","overlay-color":"","overlay-opacity":"","overlay-gradient":""}},"footnotes":""},"categories":[61,4],"tags":[],"class_list":["post-24372","post","type-post","status-publish","format-standard","has-post-thumbnail","hentry","category-info-setmanal","category-portada"],"post_mailing_queue_ids":[],"_links":{"self":[{"href":"https:\/\/agora.xtec.cat\/ceipfarigolaclot\/wp-json\/wp\/v2\/posts\/24372","targetHints":{"allow":["GET"]}}],"collection":[{"href":"https:\/\/agora.xtec.cat\/ceipfarigolaclot\/wp-json\/wp\/v2\/posts"}],"about":[{"href":"https:\/\/agora.xtec.cat\/ceipfarigolaclot\/wp-json\/wp\/v2\/types\/post"}],"author":[{"embeddable":true,"href":"https:\/\/agora.xtec.cat\/ceipfarigolaclot\/wp-json\/wp\/v2\/users\/1"}],"replies":[{"embeddable":true,"href":"https:\/\/agora.xtec.cat\/ceipfarigolaclot\/wp-json\/wp\/v2\/comments?post=24372"}],"version-history":[{"count":3,"href":"https:\/\/agora.xtec.cat\/ceipfarigolaclot\/wp-json\/wp\/v2\/posts\/24372\/revisions"}],"predecessor-version":[{"id":24377,"href":"https:\/\/agora.xtec.cat\/ceipfarigolaclot\/wp-json\/wp\/v2\/posts\/24372\/revisions\/24377"}],"wp:featuredmedia":[{"embeddable":true,"href":"https:\/\/agora.xtec.cat\/ceipfarigolaclot\/wp-json\/wp\/v2\/media\/24352"}],"wp:attachment":[{"href":"https:\/\/agora.xtec.cat\/ceipfarigolaclot\/wp-json\/wp\/v2\/media?parent=24372"}],"wp:term":[{"taxonomy":"category","embeddable":true,"href":"https:\/\/agora.xtec.cat\/ceipfarigolaclot\/wp-json\/wp\/v2\/categories?post=24372"},{"taxonomy":"post_tag","embeddable":true,"href":"https:\/\/agora.xtec.cat\/ceipfarigolaclot\/wp-json\/wp\/v2\/tags?post=24372"}],"curies":[{"name":"wp","href":"https:\/\/api.w.org\/{rel}","templated":true}]}}