{"id":23709,"date":"2021-01-29T14:23:28","date_gmt":"2021-01-29T13:23:28","guid":{"rendered":"http:\/\/agora.xtec.cat\/ceipfarigolaclot\/?p=23709"},"modified":"2021-01-29T14:23:28","modified_gmt":"2021-01-29T13:23:28","slug":"nou-cicle-de-xerrades","status":"publish","type":"post","link":"https:\/\/agora.xtec.cat\/ceipfarigolaclot\/portada\/nou-cicle-de-xerrades\/","title":{"rendered":"Nou cicle de xerrades"},"content":{"rendered":"<p>Despr\u00e9s de la bona acollida que va tenir el cicle de xerrades del mes de desembre, s\u2019ha obert una nova roda de confer\u00e8ncies gratu\u00eftes adre\u00e7ades a pares i mares d\u2019alumnes d\u2019educaci\u00f3 prim\u00e0ria, priorit\u00e0riament d\u2019escoles del districte de Sant Mart\u00ed, si b\u00e9 es facilitar\u00e0 l\u2019acc\u00e9s a altres zones si hi ha places.<\/p>\n<p>Per tal que sigui m\u00e9s din\u00e0mic, es far\u00e0 a trav\u00e9s de la plataforma Google Meet i pr\u00e8via inscripci\u00f3 (formulari al final de l\u2019article).<\/p>\n<p>Les xerrades son les seg\u00fcents. Us facilitem tamb\u00e9 el nom i contacte de les professionals referents per si necessiteu aclarir algun dubte en concret:<\/p>\n<p><strong>\u201cPrevenci\u00f3 de riscos en l\u2019\u00fas de les noves tecnologies. Normes i l\u00edmits\u201d<\/strong><\/p>\n<p style=\"padding-left: 40px;\">Dilluns 01\/02\/2021 (18h) \/ Tania L\u00f3pez (<a href=\"mailto:tlopez@invia.cat\">tlopez@invia.cat<\/a>)<\/p>\n<p style=\"padding-left: 40px;\">En aquesta xerrada s\u2019abordaran dubtes i preocupacions com:<\/p>\n<p style=\"padding-left: 40px;\">Qu\u00e8 \u00e9s un \u00fas inadequat de les xarxes socials? Com detectar que el nostre fill o filla est\u00e0 fent una mala utilitzaci\u00f3 de les noves tecnologies?<\/p>\n<p style=\"padding-left: 40px;\">Com poso l\u00edmits als infants en relaci\u00f3 a les xarxes socials? Com puc parlar amb ells dels riscos de les xarxes i com puc prevenir-los? Quins drets i deures tenen els infants en l\u2019\u00fas d\u2019Internet?<\/p>\n<p>&nbsp;<\/p>\n<p><strong>\u201cFomentem l\u2019autonomia. Ho faig jo sol\/a!\u201d<\/strong><\/p>\n<p style=\"padding-left: 40px;\">Dijous 04\/02\/2021 (18h) \/ Carla Pereyra (<a href=\"mailto:cpereyra@invia.cat\">cpereyra@invia.cat<\/a>)<\/p>\n<p style=\"padding-left: 40px;\">En aquesta trobada es parlar\u00e0 sobre:<\/p>\n<p style=\"padding-left: 40px;\">Com podem fomentar l\u2019autonomia dels m\u00e9s petits? Com els motivem a fer les coses sols? Quines responsabilitats pot tenir el meu fill o filla?<\/p>\n<p style=\"padding-left: 40px;\">Es pret\u00e9n afavorir un bon autoconcepte i autoestima dels nostres fills i filles.<\/p>\n<p><strong>\u201cCoeducaci\u00f3 en fam\u00edlia\u201d<\/strong><\/p>\n<p style=\"padding-left: 40px;\">Divendres 12\/02\/2021 (17h) \/ Lourdes Riba (<a href=\"mailto:lriba@invia.cat\">lriba@invia.cat<\/a>)<\/p>\n<p style=\"padding-left: 40px;\">En el transcurs de la xerrada es treballar\u00e0:<\/p>\n<p style=\"padding-left: 40px;\">Qu\u00e8 \u00e9s la coeducaci\u00f3? Com es transmeten els estereotips de g\u00e8nere en la fam\u00edlia? Com podem educar en la igualtat i el respecte a la diversitat? Com tractem als nostres fills i filles? Com puc ajudar als meus fills i filles en el joc i les joguines coeducatives? Com fomentar el pensament cr\u00edtic davant dels missatges que reben des dels contes, la televisi\u00f3 o la publicitat?<\/p>\n<p>&nbsp;<\/p>\n<p>L\u2019enlla\u00e7 per fer la inscripci\u00f3 \u00e9s el seg\u00fcent:<\/p>\n<p style=\"text-align: center;\"><a href=\"https:\/\/docs.google.com\/forms\/d\/e\/1FAIpQLSf2FjCDjaPDYEYGNIL_fbq0eZf2xmcxHgJIMhBNQeNoD2sTYA\/viewform?vc=0&amp;c=0&amp;w=1&amp;flr=0\">https:\/\/docs.google.com\/forms\/d\/e\/1FAIpQLSf2FjCDjaPDYEYGNIL_fbq0eZf2xmcxHgJIMhBNQeNoD2sTYA\/viewform?vc=0&amp;c=0&amp;w=1&amp;flr=0<\/a><\/p>\n<p>&nbsp;<\/p>\n<p><strong><em>Important:<\/em><\/strong><\/p>\n<p><em>Les inscripcions de cada xerrada acabaran 48h abans de l\u2019inici de les mateixes per tal de poder gestionar-les adequadament.<\/em><\/p>\n<p><em>Un dia abans de cada xerrada rebreu per correu electr\u00f2nic l\u2019enlla\u00e7 per accedir a la sessi\u00f3<\/em><\/p>\n","protected":false},"excerpt":{"rendered":"<p>Despr\u00e9s de la bona acollida que va tenir el cicle de xerrades del mes de desembre, s\u2019ha obert una nova [&hellip;]<\/p>\n","protected":false},"author":1,"featured_media":22696,"comment_status":"open","ping_status":"closed","sticky":false,"template":"","format":"standard","meta":{"_bbp_topic_count":0,"_bbp_reply_count":0,"_bbp_total_topic_count":0,"_bbp_total_reply_count":0,"_bbp_voice_count":0,"_bbp_anonymous_reply_count":0,"_bbp_topic_count_hidden":0,"_bbp_reply_count_hidden":0,"_bbp_forum_subforum_count":0,"site-sidebar-layout":"default","site-content-layout":"","ast-site-content-layout":"","site-content-style":"default","site-sidebar-style":"default","ast-global-header-display":"","ast-banner-title-visibility":"","ast-main-header-display":"","ast-hfb-above-header-display":"","ast-hfb-below-header-display":"","ast-hfb-mobile-header-display":"","site-post-title":"","ast-breadcrumbs-content":"","ast-featured-img":"","footer-sml-layout":"","theme-transparent-header-meta":"","adv-header-id-meta":"","stick-header-meta":"","header-above-stick-meta":"","header-main-stick-meta":"","header-below-stick-meta":"","astra-migrate-meta-layouts":"default","ast-page-background-enabled":"default","ast-page-background-meta":{"desktop":{"background-color":"var(--ast-global-color-4)","background-image":"","background-repeat":"repeat","background-position":"center center","background-size":"auto","background-attachment":"scroll","background-type":"","background-media":"","overlay-type":"","overlay-color":"","overlay-opacity":"","overlay-gradient":""},"tablet":{"background-color":"","background-image":"","background-repeat":"repeat","background-position":"center center","background-size":"auto","background-attachment":"scroll","background-type":"","background-media":"","overlay-type":"","overlay-color":"","overlay-opacity":"","overlay-gradient":""},"mobile":{"background-color":"","background-image":"","background-repeat":"repeat","background-position":"center center","background-size":"auto","background-attachment":"scroll","background-type":"","background-media":"","overlay-type":"","overlay-color":"","overlay-opacity":"","overlay-gradient":""}},"ast-content-background-meta":{"desktop":{"background-color":"var(--ast-global-color-5)","background-image":"","background-repeat":"repeat","background-position":"center center","background-size":"auto","background-attachment":"scroll","background-type":"","background-media":"","overlay-type":"","overlay-color":"","overlay-opacity":"","overlay-gradient":""},"tablet":{"background-color":"var(--ast-global-color-5)","background-image":"","background-repeat":"repeat","background-position":"center center","background-size":"auto","background-attachment":"scroll","background-type":"","background-media":"","overlay-type":"","overlay-color":"","overlay-opacity":"","overlay-gradient":""},"mobile":{"background-color":"var(--ast-global-color-5)","background-image":"","background-repeat":"repeat","background-position":"center center","background-size":"auto","background-attachment":"scroll","background-type":"","background-media":"","overlay-type":"","overlay-color":"","overlay-opacity":"","overlay-gradient":""}},"footnotes":""},"categories":[61,4],"tags":[],"class_list":["post-23709","post","type-post","status-publish","format-standard","has-post-thumbnail","hentry","category-info-setmanal","category-portada"],"post_mailing_queue_ids":[],"_links":{"self":[{"href":"https:\/\/agora.xtec.cat\/ceipfarigolaclot\/wp-json\/wp\/v2\/posts\/23709","targetHints":{"allow":["GET"]}}],"collection":[{"href":"https:\/\/agora.xtec.cat\/ceipfarigolaclot\/wp-json\/wp\/v2\/posts"}],"about":[{"href":"https:\/\/agora.xtec.cat\/ceipfarigolaclot\/wp-json\/wp\/v2\/types\/post"}],"author":[{"embeddable":true,"href":"https:\/\/agora.xtec.cat\/ceipfarigolaclot\/wp-json\/wp\/v2\/users\/1"}],"replies":[{"embeddable":true,"href":"https:\/\/agora.xtec.cat\/ceipfarigolaclot\/wp-json\/wp\/v2\/comments?post=23709"}],"version-history":[{"count":1,"href":"https:\/\/agora.xtec.cat\/ceipfarigolaclot\/wp-json\/wp\/v2\/posts\/23709\/revisions"}],"predecessor-version":[{"id":23711,"href":"https:\/\/agora.xtec.cat\/ceipfarigolaclot\/wp-json\/wp\/v2\/posts\/23709\/revisions\/23711"}],"wp:featuredmedia":[{"embeddable":true,"href":"https:\/\/agora.xtec.cat\/ceipfarigolaclot\/wp-json\/wp\/v2\/media\/22696"}],"wp:attachment":[{"href":"https:\/\/agora.xtec.cat\/ceipfarigolaclot\/wp-json\/wp\/v2\/media?parent=23709"}],"wp:term":[{"taxonomy":"category","embeddable":true,"href":"https:\/\/agora.xtec.cat\/ceipfarigolaclot\/wp-json\/wp\/v2\/categories?post=23709"},{"taxonomy":"post_tag","embeddable":true,"href":"https:\/\/agora.xtec.cat\/ceipfarigolaclot\/wp-json\/wp\/v2\/tags?post=23709"}],"curies":[{"name":"wp","href":"https:\/\/api.w.org\/{rel}","templated":true}]}}