{"id":23261,"date":"2020-12-18T15:27:41","date_gmt":"2020-12-18T14:27:41","guid":{"rendered":"http:\/\/agora.xtec.cat\/ceipfarigolaclot\/?p=23261"},"modified":"2020-12-18T15:27:41","modified_gmt":"2020-12-18T14:27:41","slug":"escola-dia-21-de-desembre-ultim-dia-lectiu","status":"publish","type":"post","link":"https:\/\/agora.xtec.cat\/ceipfarigolaclot\/infantil\/escola-dia-21-de-desembre-ultim-dia-lectiu\/","title":{"rendered":"Escola: dia 21 de desembre, \u00faltim dia lectiu"},"content":{"rendered":"<p>Com ja sabeu, el dilluns 21 de desembre finalitza el trimestre. L\u2019horari ser\u00e0 de 9:00 a 12:30 hores. El servei de menjador acabar\u00e0 a les 15:00 h i no hi haur\u00e0 servei d\u2019acollida, per tant, us preguem la m\u00e0xima puntualitat en relaci\u00f3 als horaris de sortida esglaonada que un recordem a continuaci\u00f3.<\/p>\n<p>Alumnes que dinen a casa: sortiran com cada dia a les 12:30 h<\/p>\n<p>Alumnes que dinen a l\u2019escola:<\/p>\n<ul>\n<li>Educaci\u00f3 infantil: porta infantil<\/li>\n<\/ul>\n<ul>\n<li style=\"list-style-type: none;\">\n<ul style=\"list-style-type: circle;\">\n<li>P3: 14:40 h<\/li>\n<li>P4: 15:00 h<\/li>\n<li>P5: 14:50 h<\/li>\n<\/ul>\n<\/li>\n<\/ul>\n<p>&nbsp;<\/p>\n<ul>\n<li>Cicle inicial: porta pati tobogan (al costat de l\u2019escola bressol)<\/li>\n<li style=\"list-style-type: none;\">\n<ul style=\"list-style-type: circle;\">\n<li>1r: 15:00 h<\/li>\n<li>2n: 14:50 h<\/li>\n<\/ul>\n<\/li>\n<\/ul>\n<p>&nbsp;<\/p>\n<ul>\n<li>Cicle mitj\u00e0: porta principal<\/li>\n<\/ul>\n<ul>\n<li style=\"list-style-type: none;\">\n<ul style=\"list-style-type: circle;\">\n<li>3r A i 4t A: 14:50 h<\/li>\n<li>3r B i 4t B: 15:00 h<\/li>\n<li>3r C i 4t C: 15:10 h<\/li>\n<\/ul>\n<\/li>\n<\/ul>\n<p>&nbsp;<\/p>\n<ul>\n<li>Cicle superior: porta benzinera<\/li>\n<\/ul>\n<ul>\n<li style=\"list-style-type: none;\">\n<ul style=\"list-style-type: circle;\">\n<li>5\u00e8 A i 6\u00e8 A: 14:45h<\/li>\n<li>5\u00e8 B i 6\u00e8 B: 14:55h<\/li>\n<li>5\u00e8 C i 6\u00e8 C: 15:05h<\/li>\n<\/ul>\n<\/li>\n<\/ul>\n","protected":false},"excerpt":{"rendered":"<p>Com ja sabeu, el dilluns 21 de desembre finalitza el trimestre. L\u2019horari ser\u00e0 de 9:00 a 12:30 hores. El servei [&hellip;]<\/p>\n","protected":false},"author":1,"featured_media":0,"comment_status":"open","ping_status":"closed","sticky":false,"template":"","format":"standard","meta":{"_bbp_topic_count":0,"_bbp_reply_count":0,"_bbp_total_topic_count":0,"_bbp_total_reply_count":0,"_bbp_voice_count":0,"_bbp_anonymous_reply_count":0,"_bbp_topic_count_hidden":0,"_bbp_reply_count_hidden":0,"_bbp_forum_subforum_count":0,"site-sidebar-layout":"default","site-content-layout":"","ast-site-content-layout":"","site-content-style":"default","site-sidebar-style":"default","ast-global-header-display":"","ast-banner-title-visibility":"","ast-main-header-display":"","ast-hfb-above-header-display":"","ast-hfb-below-header-display":"","ast-hfb-mobile-header-display":"","site-post-title":"","ast-breadcrumbs-content":"","ast-featured-img":"","footer-sml-layout":"","theme-transparent-header-meta":"","adv-header-id-meta":"","stick-header-meta":"","header-above-stick-meta":"","header-main-stick-meta":"","header-below-stick-meta":"","astra-migrate-meta-layouts":"default","ast-page-background-enabled":"default","ast-page-background-meta":{"desktop":{"background-color":"var(--ast-global-color-4)","background-image":"","background-repeat":"repeat","background-position":"center center","background-size":"auto","background-attachment":"scroll","background-type":"","background-media":"","overlay-type":"","overlay-color":"","overlay-opacity":"","overlay-gradient":""},"tablet":{"background-color":"","background-image":"","background-repeat":"repeat","background-position":"center center","background-size":"auto","background-attachment":"scroll","background-type":"","background-media":"","overlay-type":"","overlay-color":"","overlay-opacity":"","overlay-gradient":""},"mobile":{"background-color":"","background-image":"","background-repeat":"repeat","background-position":"center center","background-size":"auto","background-attachment":"scroll","background-type":"","background-media":"","overlay-type":"","overlay-color":"","overlay-opacity":"","overlay-gradient":""}},"ast-content-background-meta":{"desktop":{"background-color":"var(--ast-global-color-5)","background-image":"","background-repeat":"repeat","background-position":"center center","background-size":"auto","background-attachment":"scroll","background-type":"","background-media":"","overlay-type":"","overlay-color":"","overlay-opacity":"","overlay-gradient":""},"tablet":{"background-color":"var(--ast-global-color-5)","background-image":"","background-repeat":"repeat","background-position":"center center","background-size":"auto","background-attachment":"scroll","background-type":"","background-media":"","overlay-type":"","overlay-color":"","overlay-opacity":"","overlay-gradient":""},"mobile":{"background-color":"var(--ast-global-color-5)","background-image":"","background-repeat":"repeat","background-position":"center center","background-size":"auto","background-attachment":"scroll","background-type":"","background-media":"","overlay-type":"","overlay-color":"","overlay-opacity":"","overlay-gradient":""}},"footnotes":""},"categories":[10,11,12,13,14,15,3,8,9,2,61,4,5],"tags":[],"class_list":["post-23261","post","type-post","status-publish","format-standard","hentry","category-1r","category-2n","category-3r","category-4t","category-5e","category-6e","category-p3","category-p4","category-p5","category-infantil","category-info-setmanal","category-portada","category-primaria"],"post_mailing_queue_ids":[],"_links":{"self":[{"href":"https:\/\/agora.xtec.cat\/ceipfarigolaclot\/wp-json\/wp\/v2\/posts\/23261","targetHints":{"allow":["GET"]}}],"collection":[{"href":"https:\/\/agora.xtec.cat\/ceipfarigolaclot\/wp-json\/wp\/v2\/posts"}],"about":[{"href":"https:\/\/agora.xtec.cat\/ceipfarigolaclot\/wp-json\/wp\/v2\/types\/post"}],"author":[{"embeddable":true,"href":"https:\/\/agora.xtec.cat\/ceipfarigolaclot\/wp-json\/wp\/v2\/users\/1"}],"replies":[{"embeddable":true,"href":"https:\/\/agora.xtec.cat\/ceipfarigolaclot\/wp-json\/wp\/v2\/comments?post=23261"}],"version-history":[{"count":1,"href":"https:\/\/agora.xtec.cat\/ceipfarigolaclot\/wp-json\/wp\/v2\/posts\/23261\/revisions"}],"predecessor-version":[{"id":23262,"href":"https:\/\/agora.xtec.cat\/ceipfarigolaclot\/wp-json\/wp\/v2\/posts\/23261\/revisions\/23262"}],"wp:attachment":[{"href":"https:\/\/agora.xtec.cat\/ceipfarigolaclot\/wp-json\/wp\/v2\/media?parent=23261"}],"wp:term":[{"taxonomy":"category","embeddable":true,"href":"https:\/\/agora.xtec.cat\/ceipfarigolaclot\/wp-json\/wp\/v2\/categories?post=23261"},{"taxonomy":"post_tag","embeddable":true,"href":"https:\/\/agora.xtec.cat\/ceipfarigolaclot\/wp-json\/wp\/v2\/tags?post=23261"}],"curies":[{"name":"wp","href":"https:\/\/api.w.org\/{rel}","templated":true}]}}