{"id":16832,"date":"2019-04-24T17:00:06","date_gmt":"2019-04-24T15:00:06","guid":{"rendered":"http:\/\/agora.xtec.cat\/ceipfarigolaclot\/?p=16832"},"modified":"2019-04-24T22:58:56","modified_gmt":"2019-04-24T20:58:56","slug":"primer-premi-jocs-florals-de-4t","status":"publish","type":"post","link":"https:\/\/agora.xtec.cat\/ceipfarigolaclot\/primaria\/4t\/primer-premi-jocs-florals-de-4t\/","title":{"rendered":"Primer premi Jocs Florals de 4t"},"content":{"rendered":"<p style=\"text-align: center;\"><strong><u>L\u00b4anell perdut!<\/u><\/strong><\/p>\n<p>En l\u00b4estiu de 2021 una \u201cpandilla\u201d formada per dos nens i una nena vivien en un petit bosc de R\u00fassia. Es deien Mario, Max i Lucia. En Mario sempre li feia la punyeta al Max perqu\u00e8 era una mica m\u00e9s petit. La Lucia, tenia 12 anys, com el Mario. \u00a0En canvi, el Max tenia11. Anaven a fer els deures tots junts i\u2026 de sobte, van escoltar uns sorolls a prop dels matolls. Llavors ,en Max va dir:<\/p>\n<p>&#8211; Pareu l\u2019orella, m\u00b4ha semblat escoltar algo!!!<\/p>\n<p>Es van apropar i\u2026 una m\u00e0 verda i llarga se\u00b4ls va emportar.<\/p>\n<p>Aleshores es van despertar sota un arbre i el Max va exclamar:<\/p>\n<p>&#8211; Oh no! Les meves ulleres s\u2019han perdut, no veig res!<\/p>\n<p>Ah, i s\u00ed. El Max porta ulleres.<\/p>\n<p>Hi avia unes senyals i en Mario (que llegeix poques histories fantasioses). Va dir:<\/p>\n<p>&#8211; Eh! Anem aqu\u00ed, nom\u00e9s pot haver un cam\u00ed!<\/p>\n<p>I, tampoc estava molt equivocat. Per\u00f2\u2026va tornar al mateix lloc!<\/p>\n<p>I aix\u00ed durant 10 minuts.<\/p>\n<p>&#8211; Aix\u00f2 no t\u00e9 sortida! Van dir hist\u00e8rics.<\/p>\n<p>En Max va contestar:<\/p>\n<p>&#8211; Aix\u00f2 que dieu no t\u00e9 sentit. Ha de tenir una sortida<\/p>\n<p>Una veu greu va deixar anar una riallada mal\u00e8vola&#8230;<\/p>\n<p>&#8211; Estem a un m\u00f3n m\u00e0gic, res t\u00e9 sentit!<\/p>\n<p>Es van girar i&#8230; va veure que qui parlava era l\u00b4arbre on s\u00b4havien \u00a0despertat!<\/p>\n<p>De sobte, entre unes flors que hi havia davant, es va obrir una porta i van c\u00f3rrer per entrar-hi.<\/p>\n<p>&#8211; Eh, on aneu? Segueixo sense veure res!<\/p>\n<p>&#8211; Cric! Ehem&#8230;crec que les he trepitjat!<\/p>\n<p>&#8211; Doncs si les has trepitjat, tu veus menys que jo&#8230;<\/p>\n<p>En Max i en Mario van discutir, per\u00f2 la Lucia va tallar-los exclamant:<\/p>\n<p>&#8211; Nois! ajudeu-vos entre vosaltres! la porta es tanca!<\/p>\n<p>En Mario, com que estava enamorat de la Lucia ,li va fer cas. Mentre corr\u00edem cap a la porta, un raig va caure sobre l\u00b4arbre i tot es va posar negre. Per sort, van entrar a temps. Al travessar la porta un elf verd va apar\u00e8ixer i el Mario va recon\u00e8ixer la seva m\u00e0 verda i llarga . Ales hores li va dir:<\/p>\n<p>&#8211; Ets\u00a0 tu el que ens vas portar aqu\u00ed?<\/p>\n<p>&#8211; S\u00ed, s\u00f3c jo! Per\u00f2, us necessito! &#8211; Va afirmar l\u00b4elf.<\/p>\n<p>&#8211; Per qu\u00e8? Per qu\u00e8 ens necessites? &#8211; Va interrompre\u00a0 la Lucia.<\/p>\n<p>El Max va preguntar traient-se un llibre de ci\u00e8ncia de la motxilla on portava els deures:<\/p>\n<p>&#8211; Per\u00f2&#8230; Aquell raig\u00a0 d\u00b4on punyetes ha sortit?<\/p>\n<p>L\u00b4elf, aterroritzat, es va parar i va dir:<\/p>\n<p>&#8211; La bruixa!&#8230;La bruixa!!!<\/p>\n<p>&#8211; La bruixa? Quina bruixa?\u00a0 -Va preguntar-se en Max.<\/p>\n<p>&#8211; La bruixa va destruir el meu poble&#8230;<\/p>\n<p>L\u00b4elf, despr\u00e9s de dir aquella frase, es va posar a plorar i va abra\u00e7ar en Max mentre\u00a0 plorava.<\/p>\n<p>Despr\u00e9s es va treure una GEMA verda de la butxaca i va dir:<\/p>\n<p>&#8211; Us explicar\u00e9 la meva historia&#8230; Una vegada hi havia un poble d\u2019elfs molt, molt<\/p>\n<p>feli\u00e7, per\u00f2&#8230; Un dia una bruixa va apar\u00e8ixer&#8230; i va robar el seu tresor. Un ANELL amb una maragda incrustada. Per\u00f2, jo tinc la gema de la natura.<\/p>\n<p>&#8211; I&#8230; Doncs, quin \u00e9s el problema?- Van dir tots tres a la vegada&#8230;<\/p>\n<p>&#8211; Doncs&#8230; El problema \u00e9s que ella, la bruixa, t\u00e9 la gema de la destrucci\u00f3, pot fer<\/p>\n<p>que tota la natura sigui cremada i torturaria a tots els animals!!! Deixant-los sense menjar i&#8230; Cremar les seves cases!<\/p>\n<p>&#8211; Doncs anem per la bruixa!- van dir el Mario i la Lucia a la vegada.<\/p>\n<p>&#8211; Jo&#8230; Millor em quedo aqu\u00ed.- Va respondre en Max.<\/p>\n<p>&#8211; Va, cagat, anem!- li va dir en Mario agafant al Max de la caputxa.<\/p>\n<p>M\u00e9s tard, un raig va caure darrere seu.<\/p>\n<p>&#8211; S\u00ed, prefereixo la bruixa que un raig, tinc raigofobia!- Va afirmar en Max.<\/p>\n<p>&#8211; Doncs&#8230; Anem! S\u00b4 est\u00e0 fent de nit \u2013Va dir l\u00b4 elf.<\/p>\n<p>&#8211; I&#8230; Per cert, com et dius? Elf? \u2013 va dir rient l\u00b4 elf.<\/p>\n<p>&#8211; No! Em dic&#8230; Picarol! Per\u00f2 m\u00b4agrada que els meus amics em diguin Pica i&#8230; Vosaltres sou els meus amics? Veritat?<\/p>\n<p>&#8211; S\u00ed, clar! Encara que&#8230;Ens acabes d\u2019agafar i ens has portat aqu\u00ed! &#8211; Van dir tots 3 a la vegada.<\/p>\n<p>&#8211; Ah, i Max, aquestes s\u00f3n les teves ulleres? \u2013 Va preguntar en Picarol.<\/p>\n<p>&#8211; S\u00ed, les ulleres s\u00f3n meves, gr\u00e0cies. \u2013 Va respondre en Max agra\u00eft.<\/p>\n<p>Llavors, l\u2019elf va mirar amunt i, davant la sorpresa de tots, va dir:<\/p>\n<p>&#8211; Hola, Reina!<\/p>\n<p>&#8211; Amb qui parles?- Va dir en Mario.<\/p>\n<p>&#8211; Amb la meva reina: La majestat flor de vidre!<\/p>\n<p>&#8211; M\u00b4 has portat els 3 escollits?- Va dir la suposada majestat flor de vidre.<\/p>\n<p>&#8211; S\u00ed els tres! &#8211; \u00a0I tots van \u00a0entrar al palau de vidre!<\/p>\n<p>&#8211; Amb que preferiu anar al palau de la bruixa: en drac , en papallona, o en fulla voladora?<\/p>\n<p>&#8211; Drac ! Anem en drac! &#8211; Van dir tots ficant-se d\u2019acord.<\/p>\n<p>Un cop al castell de la bruixa, una veu seca i af\u00f2nica va dir:<\/p>\n<p>&#8211; Porto 10 anys aqu\u00ed ! S\u00f3c l\u00b4antic Rei. Per\u00f2 la princesa es va convertir en bruixa i em va desterrar&#8230;<\/p>\n<p>&#8211; Mario? Tens una caixa d\u00b4eines?<\/p>\n<p>&#8211; S\u00ed, la porto a la motxilla per classe de mec\u00e0nica, per qu\u00e8 la vols?<\/p>\n<p>&#8211; Per treure-li les cadenes!<\/p>\n<p>&#8211; D\u2019acord , t\u00e9, te la dono.<\/p>\n<p>Lucia, en un to burleta, va interrompre dient:<\/p>\n<p>&#8211; Wow! En Max i en Mario cooperant!<\/p>\n<p>&#8211; 1,2,3 4! Som la tribu de la fulla x2 !<\/p>\n<p>&#8211; Per\u00f2 aquests pallos qui s\u00f3n!!!? &#8211; Va dir la Lucia tallant el seu ball.<\/p>\n<p>&#8211; Som la tribu de la fulla!<\/p>\n<p>&#8211; Aix\u00f2, ja ho s\u00e9!<\/p>\n<p>&#8211; S\u00f3n els guardians del bosc i abans eren els guardians de l\u00b4 anell. &#8211; Va respondre l\u00b4elf.<\/p>\n<p>Una dona vestida de negre i amb un barret puntiagut va apar\u00e8ixer. Era la bruixa:<\/p>\n<p>&#8211; Oh no! \u00c9s la bruixa&#8230;Feu silenci&#8230;<\/p>\n<p>Per\u00f2&#8230; la bruixa els va veure perqu\u00e8 el Mario i el Max van fer un crit de la por que tenien. La bruixa va grunyir enfadada&#8230;<\/p>\n<p>&#8211; Nens! No m\u2019agraden els nens! Feu-los fora d\u2019aqu\u00ed!<\/p>\n<p>&#8211; No! Us desafio a la guerra! \u2013 va interrompre la Lucia.<\/p>\n<p>Despr\u00e9s, la Lucia es va treure una cinta que portava al cabell i se la va lligar al cap.<\/p>\n<p>&#8211; L\u2019espasa de flor de vidre!<\/p>\n<p>&#8211; Ha, ha, ha, ha! He matat al vostre amic elf!&#8230;<\/p>\n<p>La Lucia, amb ll\u00e0grimes a la cara\u00a0 es va abalan\u00e7ar i la va empentar al penya-segat i li va exclamar de manera ploricosa clavant \u00a0l\u00b4espasa al terra:<\/p>\n<p>&#8211; Ets una psic\u00f2pata!..<\/p>\n<p>Doncs, la Lucia va caure al terra plorant.<\/p>\n<p>A l\u00b4antic REI li va apar\u00e8ixer una nova corona i, van exclamar tots plorant:<\/p>\n<p>&#8211; Visca el.. snif snif..el rei&#8230;!<\/p>\n<p>De sobte, una m\u00e0 verda i llarga va sortir del penya-segat i va sonar un picarol:<\/p>\n<p>&#8211; Picarol? &#8211; Es va preguntar en Max<\/p>\n<p><u>CONTINUAR\u00c0&#8230;<\/u><\/p>\n<p>&nbsp;<\/p>\n<p>&nbsp;<\/p>\n<p>&nbsp;<\/p>\n<p style=\"text-align: center;\"><span style=\"text-decoration: underline;\"><strong>L\u2019ANELL PERDUT<\/strong><\/span><\/p>\n<p style=\"text-align: center;\">(el poema)<\/p>\n<p style=\"text-align: center;\">A fer els deures tu anir\u00e0s,<\/p>\n<p style=\"text-align: center;\">una m\u00e0 verda t\u2019agafar\u00e0!<\/p>\n<p style=\"text-align: center;\">I a un m\u00f3n m\u00e0gic viatjar\u00e0s,<\/p>\n<p style=\"text-align: center;\">i a sobre un arbre et parlar\u00e0!<\/p>\n<p style=\"text-align: center;\">Intentar\u00e0s escapar,<\/p>\n<p style=\"text-align: center;\">per\u00f2 no podr\u00e0s.<\/p>\n<p style=\"text-align: center;\">En aquest m\u00f3n que tot ho pots trobar,<\/p>\n<p style=\"text-align: center;\">al palau Flor de Vidre entrar\u00e0s.<\/p>\n<p style=\"text-align: center;\">A una bruixa amargada t\u2019enfrontar\u00e0s,<\/p>\n<p style=\"text-align: center;\">ser\u00e0 una lluita brutal.<\/p>\n<p style=\"text-align: center;\">Lluita\u2026lluita\u2026lluitar\u00e0s!<\/p>\n<p style=\"text-align: center;\">Al regne de la bruixa fa un fred que sembla Nadal.<\/p>\n<p style=\"text-align: center;\">La bruixa trampa en far\u00e0,<\/p>\n<p style=\"text-align: center;\">I tu, plorar\u00e0s.<\/p>\n<p style=\"text-align: center;\">Perqu\u00e8 el teu amic morir\u00e0,<\/p>\n<p style=\"text-align: center;\">doncs\u2026 d\u2019aquell m\u00f3n\u2026 Mai sortir\u00e0s!<\/p>\n<p>&nbsp;<\/p>\n<p style=\"text-align: right;\"><em>(Club The Gamer)<\/em><\/p>\n<p style=\"text-align: right;\"><em>Autors i autora: Miguel \u00c1., Pau L. i Isabel M.<\/em><\/p>\n","protected":false},"excerpt":{"rendered":"<p>L\u00b4anell perdut! En l\u00b4estiu de 2021 una \u201cpandilla\u201d formada per dos nens i una nena vivien en un petit bosc [&hellip;]<\/p>\n","protected":false},"author":6,"featured_media":0,"comment_status":"open","ping_status":"closed","sticky":false,"template":"","format":"standard","meta":{"_bbp_topic_count":0,"_bbp_reply_count":0,"_bbp_total_topic_count":0,"_bbp_total_reply_count":0,"_bbp_voice_count":0,"_bbp_anonymous_reply_count":0,"_bbp_topic_count_hidden":0,"_bbp_reply_count_hidden":0,"_bbp_forum_subforum_count":0,"site-sidebar-layout":"default","site-content-layout":"","ast-site-content-layout":"","site-content-style":"default","site-sidebar-style":"default","ast-global-header-display":"","ast-banner-title-visibility":"","ast-main-header-display":"","ast-hfb-above-header-display":"","ast-hfb-below-header-display":"","ast-hfb-mobile-header-display":"","site-post-title":"","ast-breadcrumbs-content":"","ast-featured-img":"","footer-sml-layout":"","theme-transparent-header-meta":"","adv-header-id-meta":"","stick-header-meta":"","header-above-stick-meta":"","header-main-stick-meta":"","header-below-stick-meta":"","astra-migrate-meta-layouts":"default","ast-page-background-enabled":"default","ast-page-background-meta":{"desktop":{"background-color":"var(--ast-global-color-4)","background-image":"","background-repeat":"repeat","background-position":"center center","background-size":"auto","background-attachment":"scroll","background-type":"","background-media":"","overlay-type":"","overlay-color":"","overlay-opacity":"","overlay-gradient":""},"tablet":{"background-color":"","background-image":"","background-repeat":"repeat","background-position":"center center","background-size":"auto","background-attachment":"scroll","background-type":"","background-media":"","overlay-type":"","overlay-color":"","overlay-opacity":"","overlay-gradient":""},"mobile":{"background-color":"","background-image":"","background-repeat":"repeat","background-position":"center center","background-size":"auto","background-attachment":"scroll","background-type":"","background-media":"","overlay-type":"","overlay-color":"","overlay-opacity":"","overlay-gradient":""}},"ast-content-background-meta":{"desktop":{"background-color":"var(--ast-global-color-5)","background-image":"","background-repeat":"repeat","background-position":"center center","background-size":"auto","background-attachment":"scroll","background-type":"","background-media":"","overlay-type":"","overlay-color":"","overlay-opacity":"","overlay-gradient":""},"tablet":{"background-color":"var(--ast-global-color-5)","background-image":"","background-repeat":"repeat","background-position":"center center","background-size":"auto","background-attachment":"scroll","background-type":"","background-media":"","overlay-type":"","overlay-color":"","overlay-opacity":"","overlay-gradient":""},"mobile":{"background-color":"var(--ast-global-color-5)","background-image":"","background-repeat":"repeat","background-position":"center center","background-size":"auto","background-attachment":"scroll","background-type":"","background-media":"","overlay-type":"","overlay-color":"","overlay-opacity":"","overlay-gradient":""}},"footnotes":""},"categories":[13],"tags":[426],"class_list":["post-16832","post","type-post","status-publish","format-standard","hentry","category-4t","tag-jocs-florals-2019"],"post_mailing_queue_ids":[],"_links":{"self":[{"href":"https:\/\/agora.xtec.cat\/ceipfarigolaclot\/wp-json\/wp\/v2\/posts\/16832","targetHints":{"allow":["GET"]}}],"collection":[{"href":"https:\/\/agora.xtec.cat\/ceipfarigolaclot\/wp-json\/wp\/v2\/posts"}],"about":[{"href":"https:\/\/agora.xtec.cat\/ceipfarigolaclot\/wp-json\/wp\/v2\/types\/post"}],"author":[{"embeddable":true,"href":"https:\/\/agora.xtec.cat\/ceipfarigolaclot\/wp-json\/wp\/v2\/users\/6"}],"replies":[{"embeddable":true,"href":"https:\/\/agora.xtec.cat\/ceipfarigolaclot\/wp-json\/wp\/v2\/comments?post=16832"}],"version-history":[{"count":3,"href":"https:\/\/agora.xtec.cat\/ceipfarigolaclot\/wp-json\/wp\/v2\/posts\/16832\/revisions"}],"predecessor-version":[{"id":16892,"href":"https:\/\/agora.xtec.cat\/ceipfarigolaclot\/wp-json\/wp\/v2\/posts\/16832\/revisions\/16892"}],"wp:attachment":[{"href":"https:\/\/agora.xtec.cat\/ceipfarigolaclot\/wp-json\/wp\/v2\/media?parent=16832"}],"wp:term":[{"taxonomy":"category","embeddable":true,"href":"https:\/\/agora.xtec.cat\/ceipfarigolaclot\/wp-json\/wp\/v2\/categories?post=16832"},{"taxonomy":"post_tag","embeddable":true,"href":"https:\/\/agora.xtec.cat\/ceipfarigolaclot\/wp-json\/wp\/v2\/tags?post=16832"}],"curies":[{"name":"wp","href":"https:\/\/api.w.org\/{rel}","templated":true}]}}