{"id":811,"count":2,"description":"<h1 style=\"text-align: center;\"><span style=\"color: #008000;\"><strong>PREINSCRIPCI\u00d3 I MATR\u00cdCULA PER AL CURS 2022-2023<\/strong><\/span><\/h1>\r\n<div class=\"list-item-wrapper\">\r\n<div class=\"col content-col\">\r\n<div class=\"bloc-mobil\">\r\n<div class=\"descripcio\">\r\n<h2 style=\"text-align: justify;\"><span style=\"color: #008000;\">Quina documentaci\u00f3 \u00e9s necess\u00e0ria per a la presentaci\u00f3 de la sol\u00b7licitud?<\/span><\/h2>\r\n<h6 style=\"text-align: center;\">\ud83d\udc49\ud83d\udc49 <a href=\"http:\/\/www.lafarigola.cat\/1%20Fitxers%20temporals\/matricula%20nou%20curs\/2022-2023%20Documentacio%20per%20la%20preinscripcio.pdf\" target=\"_blank\" rel=\"noopener\">Documentaci\u00f3<\/a> \ud83d\udc48\ud83d\udc48<\/h6>\r\n\r\n<hr \/>\r\n\r\n<h2 style=\"text-align: justify;\"><span style=\"color: #008000;\">Com formalitzar la sol\u00b7licitud de preinscripci\u00f3?<\/span><\/h2>\r\n<h6 style=\"text-align: center;\">\ud83d\udc49\ud83d\udc49 <a href=\"http:\/\/www.lafarigola.cat\/1%20Fitxers%20temporals\/matricula%20nou%20curs\/2022-2023%20Procediment.pdf\" target=\"_blank\" rel=\"noopener\">Material de suport<\/a> \ud83d\udc48\ud83d\udc48<\/h6>\r\n\r\n<hr \/>\r\n\r\n<h2 style=\"text-align: justify;\"><span style=\"color: #008000;\">Publicaci\u00f3 de l'oferta inicial de places\u00a0<\/span><\/h2>\r\n<h6 style=\"text-align: center;\">\ud83d\udc49\ud83d\udc49 <a href=\"http:\/\/www.lafarigola.cat\/1%20Fitxers%20temporals\/matricula%20nou%20curs\/2022-2023%20oferta%20inicial%20de%20places.pdf\" target=\"_blank\" rel=\"noopener\">Consulta<\/a> \ud83d\udc48\ud83d\udc48<\/h6>\r\n<\/div>\r\n<\/div>\r\n<\/div>\r\n<\/div>\r\n\r\n<hr \/>\r\n\r\n<h2 style=\"text-align: justify;\"><span style=\"color: #008000;\">Consulta el calendari del proc\u00e9s de preinscripci\u00f3 i matr\u00edcula per al curs 2022-2023<\/span><\/h2>\r\n<ul>\r\n \t<li>Presentaci\u00f3 de sol\u00b7licituds: del 7 al 21 de mar\u00e7<\/li>\r\n<\/ul>\r\n<h6 style=\"text-align: center;\">\ud83d\udc49\ud83d\udc49 <a href=\"http:\/\/www.lafarigola.cat\/1%20Fitxers%20temporals\/matricula%20nou%20curs\/2022-2023%20Calendari%20preinscripcio%20i%20matricula.pdf\" target=\"_blank\" rel=\"noopener\">Calendari <\/a>\ud83d\udc48\ud83d\udc48<\/h6>\r\n\r\n<hr \/>\r\n\r\n<h2 style=\"text-align: justify;\"><span style=\"color: #008000;\">Informacions d'inter\u00e8s:<\/span><\/h2>\r\n<ul>\r\n \t<li style=\"list-style-type: none;\">\r\n<ul style=\"list-style-type: circle;\">\r\n \t<li><a href=\"https:\/\/lafarigola.cat\/1%20Fitxers%20temporals\/Projecte%20Educatiu%20de%20Centre.pdf\" target=\"_blank\" rel=\"noopener noreferrer\"><span style=\"color: #0000ff;\">Projecte educatiu del centre<\/span><\/a><\/li>\r\n \t<li><a href=\"https:\/\/agora.xtec.cat\/ceipfarigolaclot\/general\/quotes\/\" target=\"_blank\" rel=\"noopener noreferrer\"><span style=\"color: #0000ff;\">Quotes de les fam\u00edlies per a material i sortides<\/span><\/a><\/li>\r\n \t<li><a href=\"https:\/\/agora.xtec.cat\/ceipfarigolaclot\/general\/centres-adscrits\/\" target=\"_blank\" rel=\"noopener noreferrer\"><span style=\"color: #0000ff;\">Centres adscrits<\/span><\/a><\/li>\r\n \t<li><a href=\"https:\/\/agora.xtec.cat\/ceipfarigolaclot\/lescola\/carta-de-compromis-educatiu\/\" target=\"_blank\" rel=\"noopener noreferrer\"><span style=\"color: #0000ff;\">Carta de comprom\u00eds educatiu<\/span><\/a><\/li>\r\n \t<li><a href=\"http:\/\/www.lafarigola.cat\/1%20Fitxers%20temporals\/Pla%20de%20funcionament%20del%20menjador%202021-2022.pdf\" target=\"_blank\" rel=\"noopener noreferrer\"><span style=\"color: #0000ff;\">Pla de funcionament de menjador<\/span><\/a><\/li>\r\n \t<li>Activitats extraescolars (curs 2021-2022): <a href=\"http:\/\/afafarigoladelclot.cat\/wp-content\/uploads\/2021\/09\/Dossier-AFA-Farigola-2021-v2.pdf\" target=\"_blank\" rel=\"noopener noreferrer\"><span style=\"color: #0000ff;\">Dossier de l'AFA <\/span><\/a><span style=\"color: #0000ff;\">(p\u00e0gina 8)<\/span><\/li>\r\n \t<li><a href=\"https:\/\/agora.xtec.cat\/ceipfarigolaclot\/lescola\/linia-pedagogica\/escola-inclusiva\/\" target=\"_blank\" rel=\"noopener noreferrer\"><span style=\"color: #0000ff;\">Mesures i suports previstes per a l'atenci\u00f3 educativa de l'alumnat<\/span><\/a><\/li>\r\n \t<li><a href=\"https:\/\/agora.xtec.cat\/ceipfarigolaclot\/general\/informacio-sobre-lassociacio-de-families-de-lalumnat-afa\/\" target=\"_blank\" rel=\"noopener noreferrer\"><span style=\"color: #0000ff;\">Quota d'inscripci\u00f3 a l'Associaci\u00f3 de Fam\u00edlies de l'Alumnat (AFA)<\/span><\/a> del curs 2021-2022<\/li>\r\n<\/ul>\r\n<\/li>\r\n<\/ul>\r\nTel\u00e8fon de l'escola d'informaci\u00f3 sobre preinscripci\u00f3: 634.669.761\r\n<p style=\"padding-left: 40px;\">Esperem que amb tota aquesta informaci\u00f3 tingueu una visi\u00f3 molt aproximada de les caracter\u00edstiques m\u00e9s destacades de la nostra escola.<\/p>\r\n\r\n<h3><span style=\"color: #008000;\">M\u00e9s informaci\u00f3 sobre el proc\u00e9s:<\/span><\/h3>\r\n<ul>\r\n \t<li><a href=\"https:\/\/dogc.gencat.cat\/ca\/document-del-dogc\/?documentId=893678\" target=\"_blank\" rel=\"noopener\">DECRET 11\/2021, de 16 de febrer, de la programaci\u00f3 de l'oferta educativa i del procediment d'admissi\u00f3\u00a0<\/a><\/li>\r\n \t<li><a href=\"https:\/\/portaldogc.gencat.cat\/utilsEADOP\/PDF\/8615\/1892833.pdf\" target=\"_blank\" rel=\"noopener\">Normes de preinscripci\u00f3 i matr\u00edcula d'alumnes\u00a0per al curs 2022-2023<\/a>.<\/li>\r\n \t<li><a href=\"https:\/\/www.edubcn.cat\/ca\/alumnat_i_familia\/informacio_general_matriculacio\/preinscripcio\" target=\"_blank\" rel=\"noopener noreferrer\">Consorci d'Educaci\u00f3 de Barcelona<\/a><\/li>\r\n \t<li><a href=\"https:\/\/preinscripcio.gencat.cat\/ca\/estudis\/infantil-3-6\/inici\/\" target=\"_blank\" rel=\"noopener noreferrer\">Preinscripci\u00f3: educaci\u00f3 infantil<\/a> (P3, P4 i P5)<\/li>\r\n \t<li><a href=\"https:\/\/preinscripcio.gencat.cat\/ca\/estudis\/primaria\/inici\/\" target=\"_blank\" rel=\"noopener noreferrer\">Preinscripci\u00f3: educaci\u00f3 prim\u00e0ria<\/a> (de 1r a 6\u00e8)<\/li>\r\n<\/ul>\r\n<h3><span style=\"color: #008000;\">Us recomanem...<\/span><\/h3>\r\n<h1 style=\"text-align: center;\"><iframe title=\"YouTube video player\" src=\"https:\/\/www.youtube.com\/embed\/Ns95fbt8rAw\" width=\"560\" height=\"315\" frameborder=\"0\" allowfullscreen=\"allowfullscreen\"><\/iframe><\/h1>\r\n<table>\r\n<tbody>\r\n<tr>\r\n<td><iframe title=\"YouTube video player\" src=\"https:\/\/www.youtube.com\/embed\/I8W47FUMBmA\" width=\"560\" height=\"315\" frameborder=\"0\" allowfullscreen=\"allowfullscreen\"><\/iframe><\/td>\r\n<td><iframe title=\"YouTube video player\" src=\"https:\/\/www.youtube.com\/embed\/lbxyhm5OF7Y\" width=\"560\" height=\"315\" frameborder=\"0\" allowfullscreen=\"allowfullscreen\"><\/iframe><\/td>\r\n<\/tr>\r\n<tr>\r\n<td><iframe title=\"YouTube video player\" src=\"https:\/\/www.youtube.com\/embed\/KsNs5g5nUB8\" width=\"560\" height=\"315\" frameborder=\"0\" allowfullscreen=\"allowfullscreen\"><\/iframe><\/td>\r\n<td><iframe title=\"YouTube video player\" src=\"https:\/\/www.youtube.com\/embed\/Bt-buwKYf1g\" width=\"560\" height=\"315\" frameborder=\"0\" allowfullscreen=\"allowfullscreen\"><\/iframe><\/td>\r\n<\/tr>\r\n<\/tbody>\r\n<\/table>\r\nUs recomanem, tamb\u00e9 que feu un cop d'ull al seg\u00fcent document de la Fundaci\u00f3 Bofill, per si us pot ajudar a triar la millor escola per als vostres fills o filles:\r\n<p style=\"text-align: center; padding-left: 40px;\"><b><u><span style=\"font-size: large;\"><a href=\"http:\/\/www.lafarigola.cat\/1%20Fitxers%20temporals\/matricula%20nou%20curs\/INFO%20140%20Triar%20una%20bona%20escola.pdf\" target=\"_blank\" rel=\"nofollow noopener noreferrer\"><span style=\"color: #0000ff;\">8 orientacions per triar escola: full informatiu de la Fundaci\u00f3 Jaume Bofill<\/span><\/a><\/span><\/u><\/b><\/p>","link":"https:\/\/agora.xtec.cat\/ceipfarigolaclot\/categoria\/preinscripcio\/","name":"Preinscripci\u00f3","slug":"preinscripcio","taxonomy":"category","parent":0,"meta":[],"_links":{"self":[{"href":"https:\/\/agora.xtec.cat\/ceipfarigolaclot\/wp-json\/wp\/v2\/categories\/811","targetHints":{"allow":["GET"]}}],"collection":[{"href":"https:\/\/agora.xtec.cat\/ceipfarigolaclot\/wp-json\/wp\/v2\/categories"}],"about":[{"href":"https:\/\/agora.xtec.cat\/ceipfarigolaclot\/wp-json\/wp\/v2\/taxonomies\/category"}],"wp:post_type":[{"href":"https:\/\/agora.xtec.cat\/ceipfarigolaclot\/wp-json\/wp\/v2\/posts?categories=811"}],"curies":[{"name":"wp","href":"https:\/\/api.w.org\/{rel}","templated":true}]}}