{"id":665,"date":"2016-10-27T10:48:41","date_gmt":"2016-10-27T08:48:41","guid":{"rendered":"http:\/\/agora.xtec.cat\/ceipfarigola-seva\/?p=665"},"modified":"2016-10-27T10:55:43","modified_gmt":"2016-10-27T08:55:43","slug":"sortida-al-montseny","status":"publish","type":"post","link":"https:\/\/agora.xtec.cat\/ceipfarigola-seva\/general\/sortida-al-montseny\/","title":{"rendered":"Sortida al Montseny"},"content":{"rendered":"<p>El dia 26 d&#8217;octubre del 2016 vam anar al Montseny. Vam marxar a les 9:00 del mat\u00ed. Ens vam separar en 2 grups i vam explorar el Montseny utilitzant els 5 sentits. Primer vam comen\u00e7ar amb l&#8217;olor, hav\u00edem de fer una barreja d&#8217;olors del bosc i posar-les en un got, vam trobar olors bones i dolentes. Despr\u00e9s vam fer el gust, vam tastar la farigola i el ginebr\u00f3. Quan vam acabar l&#8217;activitat vam esmorzar. Despr\u00e9s d&#8217;esmorzar vam fer el tacte, hav\u00edem d&#8217;anar amb un antifa\u00e7 agafats amb una corda que estava lligada el bosc. Quan vam acabar l&#8217;activitat ens tocava fer l&#8217;o\u00efda, hav\u00edem de tancar els ulls durant 1 minut sense parlar. Abans d&#8217;anar a fer l&#8217;entrevista vam fer la vista, vam agafar trossos petits de fulles i els hav\u00edem d&#8217;enganxar en una paleta de colors. A les 12 vam anar a fer l&#8217;entrevista a l&#8217;Eduard Botey que abans havia treballat al Montseny durant 6 anys i 15 al castell de Montesquiu. Quan vam acabar vam marxar a l&#8217;escola.<\/p>\n<p>Redactores: J\u00falia i Paula C.<\/p>\n<p><a data-flickr-embed=\"true\" data-header=\"true\"  href=\"https:\/\/www.flickr.com\/photos\/145245634@N06\/albums\/72157674540321410\" title=\"Sortida Montseny CS 26\/10\"><img loading=\"lazy\" decoding=\"async\" src=\"https:\/\/c3.staticflickr.com\/6\/5464\/29946339834_3c9f0dc455_z.jpg\" width=\"640\" height=\"480\" alt=\"Sortida Montseny CS 26\/10\"><\/a><script async src=\"\/\/embedr.flickr.com\/assets\/client-code.js\" charset=\"utf-8\"><\/script><\/p>\n","protected":false},"excerpt":{"rendered":"<p>El dia 26 d&#8217;octubre del 2016 vam anar al Montseny. Vam marxar a les 9:00 del mat\u00ed. Ens vam separar en 2 grups i vam explorar el Montseny utilitzant els 5 sentits. Primer vam comen\u00e7ar amb l&#8217;olor, hav\u00edem de fer una barreja d&#8217;olors del bosc i posar-les en un got, vam trobar olors bones i [&hellip;]<\/p>\n","protected":false},"author":1,"featured_media":0,"comment_status":"open","ping_status":"open","sticky":false,"template":"","format":"standard","meta":{"_bbp_topic_count":0,"_bbp_reply_count":0,"_bbp_total_topic_count":0,"_bbp_total_reply_count":0,"_bbp_voice_count":0,"_bbp_anonymous_reply_count":0,"_bbp_topic_count_hidden":0,"_bbp_reply_count_hidden":0,"_bbp_forum_subforum_count":0,"site-sidebar-layout":"default","site-content-layout":"","ast-site-content-layout":"","site-content-style":"default","site-sidebar-style":"default","ast-global-header-display":"","ast-banner-title-visibility":"","ast-main-header-display":"","ast-hfb-above-header-display":"","ast-hfb-below-header-display":"","ast-hfb-mobile-header-display":"","site-post-title":"","ast-breadcrumbs-content":"","ast-featured-img":"","footer-sml-layout":"","theme-transparent-header-meta":"","adv-header-id-meta":"","stick-header-meta":"","header-above-stick-meta":"","header-main-stick-meta":"","header-below-stick-meta":"","astra-migrate-meta-layouts":"default","ast-page-background-enabled":"default","ast-page-background-meta":{"desktop":{"background-color":"var(--ast-global-color-4)","background-image":"","background-repeat":"repeat","background-position":"center center","background-size":"auto","background-attachment":"scroll","background-type":"","background-media":"","overlay-type":"","overlay-color":"","overlay-opacity":"","overlay-gradient":""},"tablet":{"background-color":"","background-image":"","background-repeat":"repeat","background-position":"center center","background-size":"auto","background-attachment":"scroll","background-type":"","background-media":"","overlay-type":"","overlay-color":"","overlay-opacity":"","overlay-gradient":""},"mobile":{"background-color":"","background-image":"","background-repeat":"repeat","background-position":"center center","background-size":"auto","background-attachment":"scroll","background-type":"","background-media":"","overlay-type":"","overlay-color":"","overlay-opacity":"","overlay-gradient":""}},"ast-content-background-meta":{"desktop":{"background-color":"var(--ast-global-color-5)","background-image":"","background-repeat":"repeat","background-position":"center center","background-size":"auto","background-attachment":"scroll","background-type":"","background-media":"","overlay-type":"","overlay-color":"","overlay-opacity":"","overlay-gradient":""},"tablet":{"background-color":"var(--ast-global-color-5)","background-image":"","background-repeat":"repeat","background-position":"center center","background-size":"auto","background-attachment":"scroll","background-type":"","background-media":"","overlay-type":"","overlay-color":"","overlay-opacity":"","overlay-gradient":""},"mobile":{"background-color":"var(--ast-global-color-5)","background-image":"","background-repeat":"repeat","background-position":"center center","background-size":"auto","background-attachment":"scroll","background-type":"","background-media":"","overlay-type":"","overlay-color":"","overlay-opacity":"","overlay-gradient":""}},"footnotes":""},"categories":[1],"tags":[82,77],"class_list":["post-665","post","type-post","status-publish","format-standard","hentry","category-general","tag-cs","tag-montseny"],"post_mailing_queue_ids":[],"_links":{"self":[{"href":"https:\/\/agora.xtec.cat\/ceipfarigola-seva\/wp-json\/wp\/v2\/posts\/665","targetHints":{"allow":["GET"]}}],"collection":[{"href":"https:\/\/agora.xtec.cat\/ceipfarigola-seva\/wp-json\/wp\/v2\/posts"}],"about":[{"href":"https:\/\/agora.xtec.cat\/ceipfarigola-seva\/wp-json\/wp\/v2\/types\/post"}],"author":[{"embeddable":true,"href":"https:\/\/agora.xtec.cat\/ceipfarigola-seva\/wp-json\/wp\/v2\/users\/1"}],"replies":[{"embeddable":true,"href":"https:\/\/agora.xtec.cat\/ceipfarigola-seva\/wp-json\/wp\/v2\/comments?post=665"}],"version-history":[{"count":4,"href":"https:\/\/agora.xtec.cat\/ceipfarigola-seva\/wp-json\/wp\/v2\/posts\/665\/revisions"}],"predecessor-version":[{"id":673,"href":"https:\/\/agora.xtec.cat\/ceipfarigola-seva\/wp-json\/wp\/v2\/posts\/665\/revisions\/673"}],"wp:attachment":[{"href":"https:\/\/agora.xtec.cat\/ceipfarigola-seva\/wp-json\/wp\/v2\/media?parent=665"}],"wp:term":[{"taxonomy":"category","embeddable":true,"href":"https:\/\/agora.xtec.cat\/ceipfarigola-seva\/wp-json\/wp\/v2\/categories?post=665"},{"taxonomy":"post_tag","embeddable":true,"href":"https:\/\/agora.xtec.cat\/ceipfarigola-seva\/wp-json\/wp\/v2\/tags?post=665"}],"curies":[{"name":"wp","href":"https:\/\/api.w.org\/{rel}","templated":true}]}}